{"id":21611,"date":"2013-04-22T16:00:29","date_gmt":"2013-04-22T19:00:29","guid":{"rendered":"http:\/\/www.24baires.com\/?p=21611"},"modified":"2013-04-22T12:46:55","modified_gmt":"2013-04-22T15:46:55","slug":"ottaviano-insto-a-grandes-grupos-economicos-a-respetar-la-ley-de-medios","status":"publish","type":"post","link":"https:\/\/www.24baires.com\/?p=21611","title":{"rendered":"Ottaviano inst\u00f3 a grandes grupos econ\u00f3micos a respetar la Ley de Medios"},"content":{"rendered":"<p><img data-recalc-dims=\"1\" loading=\"lazy\" decoding=\"async\" class=\"aligncenter size-full wp-image-21612\" alt=\"ottaviano\" src=\"https:\/\/i0.wp.com\/www.24baires.com\/wp-content\/uploads\/2013\/04\/ottaviano.jpg?resize=560%2C334\" width=\"560\" height=\"334\" srcset=\"https:\/\/i0.wp.com\/www.24baires.com\/wp-content\/uploads\/2013\/04\/ottaviano.jpg?w=560&amp;ssl=1 560w, https:\/\/i0.wp.com\/www.24baires.com\/wp-content\/uploads\/2013\/04\/ottaviano.jpg?resize=300%2C178&amp;ssl=1 300w\" sizes=\"auto, (max-width: 560px) 100vw, 560px\" \/>La periodista Cynthia Ottaviano present\u00f3 el pasado jueves a la Defensor\u00eda del P\u00fablico en la Canciller\u00eda argentina. Invitada por el Consejo Consultivo de la Sociedad Civil, en un encuentro llevado a cabo en el marco de organizaci\u00f3n de la participaci\u00f3n argentina en la pr\u00f3xima cumbre social que se realizar\u00e1 a fines de junio en Montevideo.<!--more--><\/p>\n<p>En un encuentro sobre \u201cLa comunicaci\u00f3n como un derecho humano para el desarrollo e integraci\u00f3n de nuestros pueblos\u201d, organizado por la Comisi\u00f3n de Usuarios y Consumidores del Consejo Consultivo de la Sociedad Civil, Ottaviano dijo que celebraba \u201cque hablemos de estas cosas en un a\u00f1o tan especial, en el que cumplimos tres d\u00e9cadas de la recuperaci\u00f3n democr\u00e1tica\u201d.<br \/>\nDurante su exposici\u00f3n, la Defensora del P\u00fablico, Cynthia Ottaviano, se\u00f1al\u00f3 que \u201cuna \u00e9poca en que, gracias a la Ley, pudimos dejar atr\u00e1s el paradigma liberal y autoritario de considerar a la informaci\u00f3n como un negocio, y entender que todos tenemos derecho a generarla y a recibirla\u201d.<br \/>\nEn tal sentido, la titular de la Defensor\u00eda del P\u00fablico, organismo creado por la Ley 26522 de Servicios de Comunicaci\u00f3n Audiovisual, destac\u00f3 la importancia de exigir que \u201clos grandes grupos econ\u00f3micos respeten una legislaci\u00f3n ampliamente consensuada entre distintos sectores de la sociedad\u201d.<br \/>\n\u201cHay una ley vigente en la Argentina que es la ley de Servicios de Comunicaci\u00f3n Audiovisual, que por ejemplo dice que no puede haber trato discriminatorio ni en la radio ni en la televisi\u00f3n, que no puede haber violencia medi\u00e1tica contra las mujeres, que hay que respetar los derechos de los ni\u00f1os, ni\u00f1as y adolescentes y toda vez que esto no ocurra se puede presentar una denuncia a la defensor\u00eda\u201d, precis\u00f3 Ottaviano.<br \/>\nLa Defensora explic\u00f3 que este nuevo organismo es para que los oyentes y para los televidentes \u201cpuedan presentar denuncias, reclamos o consultas vinculadas con el incumplimiento de la Ley de Medios como la conocemos todos\u201d.<br \/>\nEn tal sentido, Ottaviano indic\u00f3 que la denuncia se pueda hacer \u00abde una manera simple, gratuita\u201d, y sin abogados, a trav\u00e9s de la p\u00e1gina de la Defensor\u00eda: www.defensadelpublico.gob.ar o por correo postal al apartado especial N\u00b0 8, sucursal Congreso, que es donde funciona la sede de la Defensor\u00eda del P\u00fablico, en la Ciudad de Buenos Aires, y \u201cnosotros vamos a canalizar ese reclamo y esa denuncia\u201d, subray\u00f3.<br \/>\n\u201cNo podemos sancionar pero si podemos pedir y promover todo el cumplimiento de la Ley que es lo que corresponde\u00bb, dijo finalmente la Defensora del P\u00fablico.<br \/>\nDe la charla, tambi\u00e9n participaron como expositores, el editor period\u00edstico, Jorge D\u00e9boli, Director del semanario Informes y secretario de la Comisi\u00f3n Federal Asesora (Ley 26.736), que controla la fabricaci\u00f3n y distribuci\u00f3n de papel para diario, el embajador Oscar Laborde y el Ministro de Asuntos Pol\u00edticos de la embajada de Venezuela en Argentina, Juan Eduardo Romero.<\/p>\n<p>&nbsp;<\/p>\n<p>&nbsp;<\/p>\n<p>&nbsp;<\/p>\n<p>&nbsp;<\/p>\n<p>&nbsp;<\/p>\n<p>&nbsp;<\/p>\n<p>&nbsp;<\/p>\n<p>&nbsp;<\/p>\n<p>&nbsp;<\/p>\n<p>&nbsp;<\/p>\n<p>&nbsp;<\/p>\n<p>&nbsp;<\/p>\n<p>&nbsp;<\/p>\n","protected":false},"excerpt":{"rendered":"<p>La periodista Cynthia Ottaviano present\u00f3 el pasado jueves a la Defensor\u00eda del P\u00fablico en la Canciller\u00eda argentina. Invitada por el Consejo Consultivo de la Sociedad Civil, en un encuentro llevado a cabo en el marco de organizaci\u00f3n de la participaci\u00f3n argentina en la pr\u00f3xima cumbre social que se realizar\u00e1 a fines de junio en Montevideo.<\/p>\n","protected":false},"author":4,"featured_media":0,"comment_status":"open","ping_status":"open","sticky":false,"template":"","format":"standard","meta":{"_jetpack_newsletter_access":"","_jetpack_dont_email_post_to_subs":false,"_jetpack_newsletter_tier_id":0,"_jetpack_memberships_contains_paywalled_content":false,"_jetpack_memberships_contains_paid_content":false,"footnotes":""},"categories":[54],"tags":[],"class_list":["post-21611","post","type-post","status-publish","format-standard","hentry","category-medios"],"jetpack_featured_media_url":"","jetpack_shortlink":"https:\/\/wp.me\/p2JWE0-5Cz","jetpack-related-posts":[{"id":5432,"url":"https:\/\/www.24baires.com\/?p=5432","url_meta":{"origin":21611,"position":0},"title":"Cynthia Ottaviano es la nueva Defensora del P\u00fablico que establece la Ley de Medios","author":"Grupo Sierra","date":"14\/11\/2012","format":false,"excerpt":"Tal como lo establece la Ley de Medios y casi sin apoyo opositor, el Frente para la Victoria en el Senado de la Naci\u00f3n, aval\u00f3 el cargo que debe ocupar la periodista Cynthia Ottaviano con 39 adhesiones y 22 rechazos. Ottaviano\u00a0recibi\u00f3 m\u00e1s de 800 adhesiones y s\u00f3lo una impugnaci\u00f3n por\u2026","rel":"","context":"En \u00abMedios\u00bb","block_context":{"text":"Medios","link":"https:\/\/www.24baires.com\/?cat=54"},"img":{"alt_text":"","src":"","width":0,"height":0},"classes":[]},{"id":10694,"url":"https:\/\/www.24baires.com\/?p=10694","url_meta":{"origin":21611,"position":1},"title":"Cynthia Ottaviano tuvo que salir a desmentir como es habitual una columna de La Naci\u00f3n","author":"Grupo Sierra","date":"28\/12\/2012","format":false,"excerpt":"Ante inexactitudes publicadas por el diario La Naci\u00f3n, la Defensor\u00eda del P\u00fablico establecida por la Ley de Servicios de Comunicaci\u00f3n Audiovisual, cuya titular es\u00a0Cynthia Ottaviano,\u00a0debi\u00f3 salir a aclarar a trav\u00e9s de un comunicado - una vez m\u00e1s- que lo publicado por ese medio como es habitual no es verdadero. El\u2026","rel":"","context":"En \u00abMedios\u00bb","block_context":{"text":"Medios","link":"https:\/\/www.24baires.com\/?cat=54"},"img":{"alt_text":"Ottaviano Cynthia","src":"https:\/\/i0.wp.com\/www.24baires.com\/wp-content\/uploads\/2012\/12\/Ottaviano-Cynthia.jpg?resize=350%2C200","width":350,"height":200,"srcset":"https:\/\/i0.wp.com\/www.24baires.com\/wp-content\/uploads\/2012\/12\/Ottaviano-Cynthia.jpg?resize=350%2C200 1x, https:\/\/i0.wp.com\/www.24baires.com\/wp-content\/uploads\/2012\/12\/Ottaviano-Cynthia.jpg?resize=525%2C300 1.5x"},"classes":[]},{"id":8307,"url":"https:\/\/www.24baires.com\/?p=8307","url_meta":{"origin":21611,"position":2},"title":"Cynthia Ottaviano se reuni\u00f3 con el Interventor del INADI, Pedro Mouratian","author":"Grupo Sierra","date":"07\/12\/2012","format":false,"excerpt":"En la reuni\u00f3n acordaron acciones en conjunto entre el Instituto Nacional Contra la Discriminaci\u00f3n, la Xenofobia y el Racismo (INADI) y \u00a0Ottaviano,\u00a0flamante Defensor\u00eda del P\u00fablico de Servicios de Comunicaci\u00f3n Audiovisual La Defensora del P\u00fablico Cynthia Ottaviano se reuni\u00f3 hoy con el Interventor del INADI, Pedro Mouratian. Durante el encuentro se\u2026","rel":"","context":"En \u00abMedios\u00bb","block_context":{"text":"Medios","link":"https:\/\/www.24baires.com\/?cat=54"},"img":{"alt_text":"","src":"","width":0,"height":0},"classes":[]},{"id":37216,"url":"https:\/\/www.24baires.com\/?p=37216","url_meta":{"origin":21611,"position":3},"title":"Ottaviano asegur\u00f3 que el 54,3% de las noticias de televisi\u00f3n no presentan fuentes","author":"GB","date":"20\/12\/2013","format":false,"excerpt":"Con la organizaci\u00f3n de la Defensor\u00eda del P\u00fablico se presentaron los resultados de los monitoreos de televisi\u00f3n abierta, el cual advirti\u00f3 que el 54,3% de las noticias emitidas por los cinco canales de aire con base en la ciudad de Buenos Aires no presentan las fuentes. \"El a\u00f1o que viene\u2026","rel":"","context":"En \u00abMedios\u00bb","block_context":{"text":"Medios","link":"https:\/\/www.24baires.com\/?cat=54"},"img":{"alt_text":"ottaviano","src":"https:\/\/i0.wp.com\/www.24baires.com\/wp-content\/uploads\/2013\/04\/ottaviano.jpg?resize=350%2C200","width":350,"height":200,"srcset":"https:\/\/i0.wp.com\/www.24baires.com\/wp-content\/uploads\/2013\/04\/ottaviano.jpg?resize=350%2C200 1x, https:\/\/i0.wp.com\/www.24baires.com\/wp-content\/uploads\/2013\/04\/ottaviano.jpg?resize=525%2C300 1.5x"},"classes":[]},{"id":24110,"url":"https:\/\/www.24baires.com\/?p=24110","url_meta":{"origin":21611,"position":4},"title":"Ottaviano en Los \u00c1ngeles: \u00abLa Ley de Medios no tiene que quedar en letras de molde\u00bb","author":"Grupo Sierra","date":"22\/05\/2013","format":false,"excerpt":"La Defensora del P\u00fablico, en Los \u00c1ngeles, EEUU, form\u00f3 parte por primera vez de la asamblea anual de la Organization of News Ombudsmen (ONO) junto a defensores de medios audiovisuales y escritos de 25 pa\u00edses. Muchos elogios para el trabajo de la Defensor\u00eda en la Argentina. Jeffrey Dvorkin, director ejecutivo\u2026","rel":"","context":"En \u00abMedios\u00bb","block_context":{"text":"Medios","link":"https:\/\/www.24baires.com\/?cat=54"},"img":{"alt_text":"Ottaviano Cynthia","src":"https:\/\/i0.wp.com\/www.24baires.com\/wp-content\/uploads\/2012\/12\/Ottaviano-Cynthia-300x225.jpg?resize=350%2C200","width":350,"height":200},"classes":[]},{"id":14124,"url":"https:\/\/www.24baires.com\/?p=14124","url_meta":{"origin":21611,"position":5},"title":"\u201cLas antenas de TDA no contaminan\u201d, asegur\u00f3 Cynthia Ottaviano","author":"AF","date":"31\/01\/2013","format":false,"excerpt":"Cynthia Ottaviano cuestion\u00f3 las clausuras efectuadas por De la Sota y asegur\u00f3 que \u201cun gobernante no puede pisotear el derecho a la comunicaci\u00f3n\u201d. La Defensora del P\u00fablico Cynthia Ottaviano cuestion\u00f3 la decisi\u00f3n del gobernador de C\u00f3rdoba, Jos\u00e9 Manuel de la Sota, de clausurar tres antenas de la Televisi\u00f3n Digital Abierta\u2026","rel":"","context":"En \u00abMedios\u00bb","block_context":{"text":"Medios","link":"https:\/\/www.24baires.com\/?cat=54"},"img":{"alt_text":"","src":"","width":0,"height":0},"classes":[]}],"jetpack_sharing_enabled":true,"jetpack_likes_enabled":true,"_links":{"self":[{"href":"https:\/\/www.24baires.com\/index.php?rest_route=\/wp\/v2\/posts\/21611","targetHints":{"allow":["GET"]}}],"collection":[{"href":"https:\/\/www.24baires.com\/index.php?rest_route=\/wp\/v2\/posts"}],"about":[{"href":"https:\/\/www.24baires.com\/index.php?rest_route=\/wp\/v2\/types\/post"}],"author":[{"embeddable":true,"href":"https:\/\/www.24baires.com\/index.php?rest_route=\/wp\/v2\/users\/4"}],"replies":[{"embeddable":true,"href":"https:\/\/www.24baires.com\/index.php?rest_route=%2Fwp%2Fv2%2Fcomments&post=21611"}],"version-history":[{"count":2,"href":"https:\/\/www.24baires.com\/index.php?rest_route=\/wp\/v2\/posts\/21611\/revisions"}],"predecessor-version":[{"id":21620,"href":"https:\/\/www.24baires.com\/index.php?rest_route=\/wp\/v2\/posts\/21611\/revisions\/21620"}],"wp:attachment":[{"href":"https:\/\/www.24baires.com\/index.php?rest_route=%2Fwp%2Fv2%2Fmedia&parent=21611"}],"wp:term":[{"taxonomy":"category","embeddable":true,"href":"https:\/\/www.24baires.com\/index.php?rest_route=%2Fwp%2Fv2%2Fcategories&post=21611"},{"taxonomy":"post_tag","embeddable":true,"href":"https:\/\/www.24baires.com\/index.php?rest_route=%2Fwp%2Fv2%2Ftags&post=21611"}],"curies":[{"name":"wp","href":"https:\/\/api.w.org\/{rel}","templated":true}]}}