{"id":2149,"date":"2012-10-14T16:57:09","date_gmt":"2012-10-14T19:57:09","guid":{"rendered":"http:\/\/www.24baires.com\/?p=2149"},"modified":"2012-10-14T16:57:09","modified_gmt":"2012-10-14T19:57:09","slug":"blindando-a-cariglino","status":"publish","type":"post","link":"https:\/\/www.24baires.com\/?p=2149","title":{"rendered":"Blindando a Cariglino"},"content":{"rendered":"<p>El intendente de Malvinas Argentinas se ha convertido en una figura mimada por la derecha neoliberal. \u00a0Su proyecci\u00f3n incluye un operativo de blindaje que evita cualquier referencia a los puntos oscuros de su gesti\u00f3n.<!--more--><br \/>\nPor Luis Melillo (*) | Desde que rompi\u00f3 con el gobierno nacional para retomar la causa del duhaldismo, Cariglino ha logrado generar una expectativa positiva en la derecha neoliberal argentina, que lo ubica como una pieza significativa en su estrategia electoral para 2013. Es la posibilidad concreta de hacer pie en el Conurbano. La debacle en las \u00faltimas elecciones y el desgaste de sus dirigentes hacen subir aun m\u00e1s las acciones del jefe comunal, hoy alineado con el macrismo.<\/p>\n<p>Cariglino ha pasado a ser una figura mimada por la derecha, que lo exhibe como un ejemplo de gesti\u00f3n y -fundamentalmente- como el intendente que tuvo el \u00abcoraje\u00bb de enfrentarse al \u201cpoder K\u201d. Coraje y gesti\u00f3n es precisamente uno de los esl\u00f3ganes cariglinistas lanzados \u00faltimamente en las redes sociales.<\/p>\n<p>Pero hay una realidad que choca con las ilusiones: Cariglino es un dirigente dif\u00edcil para el paladar neoliberal. Su imagen est\u00e1 demasiado identificada a lo peor del pejotismo del Conurbano bonaerense, con pr\u00e1cticas patoteriles y un complicado pasado judicial. Por eso, se advierte la esforzada intenci\u00f3n de maquillarlo con una p\u00e1tina que lo muestre como un intendente eficaz y exitoso. El operativo apunta a ocultar los puntos m\u00e1s controversiales de un estilo pol\u00edtico que ha convertido a Malvinas Argentinas en un distrito de baj\u00edsima calidad institucional.<\/p>\n<p>En este sentido, a Cariglino se lo pasea por los \u00e1mbitos del poder: programas period\u00edsticos o encuentros organizados por los think thanks del neoliberalismo (entre otros, estuvo en Consenso Republicano otro en la Universidad Cat\u00f3lica), donde aparece como referencia ineludible.<\/p>\n<p>La tarea no es f\u00e1cil. El jefe comunal malvinense es un hombre que lleg\u00f3 grande a la pol\u00edtica, a la que pas\u00f3 sin escalas desde su quehacer comercial. No es un cuadro con formaci\u00f3n pol\u00edtica, ni siquiera parece haber frecuentado demasiado las lecturas b\u00e1sicas de cualquier militante peronista. Por eso, suele despacharse sobre los temas pol\u00edticos con conceptos muy b\u00e1sicos, de bajo vuelo, bastante parecidos a los que cualquier oyente de alguna radio -digamos Radio 10 por ejemplo- podr\u00eda dejar en el contestador. Igual, poco importa. En definitiva, \u00abes el intendente que se atrevi\u00f3 a enfrentar la soberbia K\u00bb.<\/p>\n<p>La otra pata de la estrategia para proyectar su figura es su blindaje medi\u00e1tico. El intendente transita programas pol\u00edticos de consagrados comunicadores donde jam\u00e1s se filtra una pregunta que pueda ni por asomo incomodarlo. Por supuesto que jam\u00e1s se mencionan los puntos oscuros de su gesti\u00f3n, como las pol\u00e9micas en torno al sistema de salud, las denuncias por presuntas mala praxis, los hechos de violencia frente al pedi\u00e1trico o su desubicada irrupci\u00f3n en medio de una reconstrucci\u00f3n judicial. Ninguno de estos temas mereci\u00f3 mayor atenci\u00f3n para los medios hegem\u00f3nicos.<\/p>\n<p>Lo mismo ocurri\u00f3 con la sesi\u00f3n abierta de la Legislatura provincial, en la que se sucedieron las denuncias p\u00fablicas en su contra. En ese sentido, Cariglino descansa tranquilo: su alianza con el poder le asegura un tratamiento medi\u00e1tico favorable.<\/p>\n<p>Blindarlo medi\u00e1ticamente tampoco es tarea f\u00e1cil. El intendente sigue fiel a su estilo y suele caer en excesos sin medir consecuencias. Sin ir m\u00e1s lejos, el destrato que propin\u00f3 a Claudia Ledesma -la mam\u00e1 que reclama justicia por la muerte de su beba de 6 meses- durante su irrupci\u00f3n a la reconstrucci\u00f3n judicial, es una imagen dif\u00edcil de revertir, que atraves\u00f3 unas cuantas capas del pretendido blindaje.<\/p>\n<p>Mientras tanto, Cariglino sigue su derrotero. Disfrutando de sus nuevos socios pol\u00edticos, confiado en la protecci\u00f3n que el establishment pol\u00edtico y econ\u00f3mico promete ofrecerle.<\/p>\n<p>&nbsp;<\/p>\n","protected":false},"excerpt":{"rendered":"<p>El intendente de Malvinas Argentinas se ha convertido en una figura mimada por la derecha neoliberal. \u00a0Su proyecci\u00f3n incluye un operativo de blindaje que evita cualquier referencia a los puntos oscuros de su gesti\u00f3n.<\/p>\n","protected":false},"author":11,"featured_media":0,"comment_status":"open","ping_status":"open","sticky":false,"template":"","format":"standard","meta":{"_jetpack_newsletter_access":"","_jetpack_dont_email_post_to_subs":false,"_jetpack_newsletter_tier_id":0,"_jetpack_memberships_contains_paywalled_content":false,"_jetpack_memberships_contains_paid_content":false,"footnotes":""},"categories":[51],"tags":[],"class_list":["post-2149","post","type-post","status-publish","format-standard","hentry","category-politica"],"jetpack_featured_media_url":"","jetpack_shortlink":"https:\/\/wp.me\/p2JWE0-yF","jetpack-related-posts":[{"id":36889,"url":"https:\/\/www.24baires.com\/?p=36889","url_meta":{"origin":2149,"position":0},"title":"Vivona le aconsej\u00f3 a Cariglino que \u00abdeber\u00eda cerrar todos los prost\u00edbulos\u00bb","author":"GB","date":"15\/12\/2013","format":false,"excerpt":"MALVINAS ARGENTINAS-\u00a0El Intendente de Malvinas Argentinas, Jes\u00fas Cariglino, viene de diferenciarse del Gobierno nacional con duras cr\u00edticas, en virtud de los saqueos en las provincias. Luis Vivona, su ex retador local y m\u00e1xima figura del FpV en la comarca, cruz\u00f3 sus dichos y le record\u00f3 que tambi\u00e9n \u201cgobernadores e intendentes\u2026","rel":"","context":"En \u00abLocales\u00bb","block_context":{"text":"Locales","link":"https:\/\/www.24baires.com\/?cat=38"},"img":{"alt_text":"cariglino-vivona","src":"https:\/\/i0.wp.com\/www.24baires.com\/wp-content\/uploads\/2013\/12\/cariglino-vivona.jpg?resize=350%2C200","width":350,"height":200,"srcset":"https:\/\/i0.wp.com\/www.24baires.com\/wp-content\/uploads\/2013\/12\/cariglino-vivona.jpg?resize=350%2C200 1x, https:\/\/i0.wp.com\/www.24baires.com\/wp-content\/uploads\/2013\/12\/cariglino-vivona.jpg?resize=525%2C300 1.5x"},"classes":[]},{"id":74749,"url":"https:\/\/www.24baires.com\/?p=74749","url_meta":{"origin":2149,"position":1},"title":"Denuncian que Cariglino se quiere aumentar el sueldo antes de dejar su cargo","author":"GB","date":"06\/11\/2015","format":false,"excerpt":"MALVINAS ARGENTINAS-El intendente electo de Malvinas Argentinas, Leonardo Nardini, denunci\u00f3 que el jefe comunal saliente \"est\u00e1 vaciando las instituciones p\u00fablicas y las arcas municipales\", y que \"pretende aumentar su sueldo a m\u00e1s de 138.000 pesos\". En conferencia de prensa, Nardini denunci\u00f3 p\u00fablicamente \"actos de corrupci\u00f3n de Cariglino, quien dio la\u2026","rel":"","context":"En \u00abPol\u00edtica\u00bb","block_context":{"text":"Pol\u00edtica","link":"https:\/\/www.24baires.com\/?cat=51"},"img":{"alt_text":"cariglino","src":"https:\/\/i0.wp.com\/www.24baires.com\/wp-content\/uploads\/2013\/02\/cariglino.jpg?resize=350%2C200","width":350,"height":200,"srcset":"https:\/\/i0.wp.com\/www.24baires.com\/wp-content\/uploads\/2013\/02\/cariglino.jpg?resize=350%2C200 1x, https:\/\/i0.wp.com\/www.24baires.com\/wp-content\/uploads\/2013\/02\/cariglino.jpg?resize=525%2C300 1.5x"},"classes":[]},{"id":80845,"url":"https:\/\/www.24baires.com\/?p=80845","url_meta":{"origin":2149,"position":2},"title":"Nueva denuncia contra Cariglino en Malvinas Argentinas","author":"GB","date":"31\/03\/2016","format":false,"excerpt":"Bajo el amparo de gobernar el municipio de Malvinas Argentinas por m\u00e1s de 20 a\u00f1os, ahora sale a la luz que compraban tierras a bajo precio para luego construir condominios de alta gama y venderlos a elevados precios. La maniobra salpica de manera directa a Jes\u00fas Cariglino, ex Intendente; su\u2026","rel":"","context":"En \u00abMunicipios\u00bb","block_context":{"text":"Municipios","link":"https:\/\/www.24baires.com\/?cat=44"},"img":{"alt_text":"cariglino","src":"https:\/\/i0.wp.com\/www.24baires.com\/wp-content\/uploads\/2014\/04\/cariglino-300x199.jpg?resize=350%2C200","width":350,"height":200},"classes":[]},{"id":81115,"url":"https:\/\/www.24baires.com\/?p=81115","url_meta":{"origin":2149,"position":3},"title":"Cariglino se sumar\u00e1 al Gobierno de Vidal","author":"AF","date":"07\/04\/2016","format":false,"excerpt":"El ex intendente de Malvinas Argentinas Jes\u00fas Cariglino ser\u00e1 designado en el \u00e1rea de Asuntos Municipales del gobierno de la provincia de Buenos Aires con el objetivo de trabajar junto al titular del organismo, Alex Campbell, en pol\u00edticas de integraci\u00f3n con los 135 intendentes del distrito. As\u00ed lo revelaron a\u2026","rel":"","context":"En \u00abProvincia\u00bb","block_context":{"text":"Provincia","link":"https:\/\/www.24baires.com\/?cat=40"},"img":{"alt_text":"cariglino-salud-mala-praxis","src":"https:\/\/i0.wp.com\/www.24baires.com\/wp-content\/uploads\/2014\/03\/cariglino-salud-mala-praxis.jpg?resize=350%2C200","width":350,"height":200,"srcset":"https:\/\/i0.wp.com\/www.24baires.com\/wp-content\/uploads\/2014\/03\/cariglino-salud-mala-praxis.jpg?resize=350%2C200 1x, https:\/\/i0.wp.com\/www.24baires.com\/wp-content\/uploads\/2014\/03\/cariglino-salud-mala-praxis.jpg?resize=525%2C300 1.5x"},"classes":[]},{"id":53146,"url":"https:\/\/www.24baires.com\/?p=53146","url_meta":{"origin":2149,"position":4},"title":"Z\u00faccaro \u00abla pifi\u00f3\u00bb con Cariglino: \u00abEs un modelo a seguir en materia de salud\u00bb","author":"Grupo Sierra","date":"05\/09\/2014","format":false,"excerpt":"El intendente elogi\u00f3 a su par, que tiene casi veinte denuncias en su contra: por mala praxis, casos de amenazas y patotas en Malvinas Argentinas. El intendente de Pilar, Humberto Z\u00faccaro, elogi\u00f3 extra\u00f1amente a Jes\u00fas Cariglino, alcalde que gobierna Malvinas Argentinas desde hace casi 20 a\u00f1os. En un acto, asegur\u00f3\u2026","rel":"","context":"En \u00abPol\u00edtica\u00bb","block_context":{"text":"Pol\u00edtica","link":"https:\/\/www.24baires.com\/?cat=51"},"img":{"alt_text":"cariglino-salud-mala-praxis","src":"https:\/\/i0.wp.com\/www.24baires.com\/wp-content\/uploads\/2014\/03\/cariglino-salud-mala-praxis.jpg?resize=350%2C200","width":350,"height":200,"srcset":"https:\/\/i0.wp.com\/www.24baires.com\/wp-content\/uploads\/2014\/03\/cariglino-salud-mala-praxis.jpg?resize=350%2C200 1x, https:\/\/i0.wp.com\/www.24baires.com\/wp-content\/uploads\/2014\/03\/cariglino-salud-mala-praxis.jpg?resize=525%2C300 1.5x"},"classes":[]},{"id":74857,"url":"https:\/\/www.24baires.com\/?p=74857","url_meta":{"origin":2149,"position":5},"title":"Malvinas Argentinas: Intendente electo acusa a Cariglino de triplicarse el sueldo","author":"GB","date":"10\/11\/2015","format":false,"excerpt":"Leo Nardini denunci\u00f3 que el jefe comunal saliente del partido bonaerense de Malvinas Argentinas se triplic\u00f3 el sueldo y que \"meti\u00f3 a cuatro mil personas de manera arbitraria\" en planta permanente. \"En 20 a\u00f1os que existe Malvinas Argentinas jam\u00e1s han pasado nadie a planta permanente. Esto lo hacen con la\u2026","rel":"","context":"En \u00abLocales\u00bb","block_context":{"text":"Locales","link":"https:\/\/www.24baires.com\/?cat=38"},"img":{"alt_text":"nardinii","src":"https:\/\/i0.wp.com\/www.24baires.com\/wp-content\/uploads\/2015\/11\/nardinii.jpg?resize=350%2C200","width":350,"height":200,"srcset":"https:\/\/i0.wp.com\/www.24baires.com\/wp-content\/uploads\/2015\/11\/nardinii.jpg?resize=350%2C200 1x, https:\/\/i0.wp.com\/www.24baires.com\/wp-content\/uploads\/2015\/11\/nardinii.jpg?resize=525%2C300 1.5x"},"classes":[]}],"jetpack_sharing_enabled":true,"jetpack_likes_enabled":true,"_links":{"self":[{"href":"https:\/\/www.24baires.com\/index.php?rest_route=\/wp\/v2\/posts\/2149","targetHints":{"allow":["GET"]}}],"collection":[{"href":"https:\/\/www.24baires.com\/index.php?rest_route=\/wp\/v2\/posts"}],"about":[{"href":"https:\/\/www.24baires.com\/index.php?rest_route=\/wp\/v2\/types\/post"}],"author":[{"embeddable":true,"href":"https:\/\/www.24baires.com\/index.php?rest_route=\/wp\/v2\/users\/11"}],"replies":[{"embeddable":true,"href":"https:\/\/www.24baires.com\/index.php?rest_route=%2Fwp%2Fv2%2Fcomments&post=2149"}],"version-history":[{"count":0,"href":"https:\/\/www.24baires.com\/index.php?rest_route=\/wp\/v2\/posts\/2149\/revisions"}],"wp:attachment":[{"href":"https:\/\/www.24baires.com\/index.php?rest_route=%2Fwp%2Fv2%2Fmedia&parent=2149"}],"wp:term":[{"taxonomy":"category","embeddable":true,"href":"https:\/\/www.24baires.com\/index.php?rest_route=%2Fwp%2Fv2%2Fcategories&post=2149"},{"taxonomy":"post_tag","embeddable":true,"href":"https:\/\/www.24baires.com\/index.php?rest_route=%2Fwp%2Fv2%2Ftags&post=2149"}],"curies":[{"name":"wp","href":"https:\/\/api.w.org\/{rel}","templated":true}]}}