{"id":21482,"date":"2013-04-20T11:00:06","date_gmt":"2013-04-20T14:00:06","guid":{"rendered":"http:\/\/www.24baires.com\/?p=21482"},"modified":"2013-04-20T11:19:33","modified_gmt":"2013-04-20T14:19:33","slug":"cablevision-debera-pagar-100-mil-por-dia-hasta-que-baje-su-tarifa-a-130","status":"publish","type":"post","link":"https:\/\/www.24baires.com\/?p=21482","title":{"rendered":"Cablevisi\u00f3n deber\u00e1 pagar $100 mil por d\u00eda hasta que baje su tarifa a $130"},"content":{"rendered":"<p><img data-recalc-dims=\"1\" loading=\"lazy\" decoding=\"async\" class=\"alignleft size-medium wp-image-13639\" alt=\"cablevisi\u00f3n\" src=\"https:\/\/i0.wp.com\/www.24baires.com\/wp-content\/uploads\/2013\/01\/cablevisi%C3%B3n.jpg?resize=300%2C199\" width=\"300\" height=\"199\" srcset=\"https:\/\/i0.wp.com\/www.24baires.com\/wp-content\/uploads\/2013\/01\/cablevisi%C3%B3n.jpg?resize=300%2C199&amp;ssl=1 300w, https:\/\/i0.wp.com\/www.24baires.com\/wp-content\/uploads\/2013\/01\/cablevisi%C3%B3n.jpg?w=510&amp;ssl=1 510w\" sizes=\"auto, (max-width: 300px) 100vw, 300px\" \/>La sanci\u00f3n fue resuelta por el magistrado platense Adolfo Ziulu, tras hacer lugar a un pedido de la Defensor\u00eda del Pueblo bonaerense. A pesar de las sucesivas \u00f3rdenes judiciales, la cableoperadora del Grupo Clar\u00edn se ha negado hasta el momento a adecuar el su abono b\u00e1sico mensual a los 130 pesos que estableci\u00f3 la Secretar\u00eda de Comercio Interior de la Naci\u00f3n.<!--more--><br \/>\nLuego de incumplir con los fallos que la intimaban a reajustar su tarifa, la empresa Cablevisi\u00f3n deber\u00e1 pagar 100 mil pesos diarios de multa hasta que baje su abono b\u00e1sico en la provincia de Buenos Aires a los 130 pesos fijados por la Secretar\u00eda de Comercio Interior de la Naci\u00f3n.<\/p>\n<p>La sanci\u00f3n fue dictada por el titular del Juzgado Federal N\u00b02 de La Plata, Adolfo Ziulu, tras hacer lugar a un pedido del Defensor del Pueblo, Carlos Bonicatto.<\/p>\n<p>Ziuliu entendi\u00f3 que \u201cla sanci\u00f3n conminatoria pretendida por el Defensor del Pueblo resulta, en principio, razonable y, en consecuencia, ha de prosperar en los t\u00e9rminos solicitados\u201d.<\/p>\n<p>\u201cSe observa que la accionada (Cablevisi\u00f3n), pese a estar debidamente notificada, no ha cumplido con el mandato judicial\u201d de reajustar el precio de su abono b\u00e1sico mensual y \u201cno puede soslayarse la relevancia social\u201d de la medida cautelar vigente y no cumplida, que es la protecci\u00f3n de los usuarios de televisi\u00f3n por cable de la provincia de Buenos Aires, fundament\u00f3 el magistrado.<\/p>\n<p>&nbsp;<\/p>\n<p>&nbsp;<\/p>\n<p>&nbsp;<\/p>\n<p>&nbsp;<\/p>\n<p>&nbsp;<\/p>\n<p>&nbsp;<\/p>\n<p>&nbsp;<\/p>\n<p>&nbsp;<\/p>\n<p>&nbsp;<\/p>\n<p>&nbsp;<\/p>\n<p>&nbsp;<\/p>\n<p>&nbsp;<\/p>\n<p>&nbsp;<\/p>\n<p>&nbsp;<\/p>\n<p>&nbsp;<\/p>\n","protected":false},"excerpt":{"rendered":"<p>La sanci\u00f3n fue resuelta por el magistrado platense Adolfo Ziulu, tras hacer lugar a un pedido de la Defensor\u00eda del Pueblo bonaerense. A pesar de las sucesivas \u00f3rdenes judiciales, la cableoperadora del Grupo Clar\u00edn se ha negado hasta el momento a adecuar el su abono b\u00e1sico mensual a los 130 pesos que estableci\u00f3 la Secretar\u00eda de Comercio Interior de la [&#8230;]<\/p>\n","protected":false},"author":4,"featured_media":0,"comment_status":"open","ping_status":"open","sticky":false,"template":"","format":"standard","meta":{"_jetpack_newsletter_access":"","_jetpack_dont_email_post_to_subs":false,"_jetpack_newsletter_tier_id":0,"_jetpack_memberships_contains_paywalled_content":false,"_jetpack_memberships_contains_paid_content":false,"footnotes":""},"categories":[54],"tags":[],"class_list":["post-21482","post","type-post","status-publish","format-standard","hentry","category-medios"],"jetpack_featured_media_url":"","jetpack_shortlink":"https:\/\/wp.me\/p2JWE0-5Au","jetpack-related-posts":[{"id":16766,"url":"https:\/\/www.24baires.com\/?p=16766","url_meta":{"origin":21482,"position":0},"title":"Investigan el incumplimiento de la tarifa de Cablevisi\u00f3n","author":"AF","date":"25\/02\/2013","format":false,"excerpt":"La justicia federal de La Plata pidi\u00f3 al juzgado federal penal que investigue la posible comisi\u00f3n de delitos por parte de los directivos de Cablevisi\u00f3n S.A. ante el incumplimiento de una medida cautelar que le exige ajustar la tarifa del abono a 130 pesos. \u00a0 La medida la adopt\u00f3 este\u2026","rel":"","context":"En \u00abMedios\u00bb","block_context":{"text":"Medios","link":"https:\/\/www.24baires.com\/?cat=54"},"img":{"alt_text":"cablevisi\u00f3n","src":"https:\/\/i0.wp.com\/www.24baires.com\/wp-content\/uploads\/2013\/01\/cablevisi%C3%B3n-300x199.jpg?resize=350%2C200","width":350,"height":200},"classes":[]},{"id":20564,"url":"https:\/\/www.24baires.com\/?p=20564","url_meta":{"origin":21482,"position":1},"title":"Cablevisi\u00f3n \u201cNo quiere cumplir con lo que se le ordena\u00bb advirti\u00f3 Bonicatto","author":"AF","date":"09\/04\/2013","format":false,"excerpt":"El Defensor del Pueblo bonaerense, Carlos Bonicatto, dialog\u00f3 sobre la causa contra la empresa del Grupo Clar\u00edn por el cobro indebido de sus servicio en la Provincia. Adelant\u00f3 que en los pr\u00f3ximos d\u00edas podr\u00eda haber novedades de la Justicia, ya que eval\u00faa un nuevo pedido para que la cableoperadora se\u2026","rel":"","context":"En \u00abMedios\u00bb","block_context":{"text":"Medios","link":"https:\/\/www.24baires.com\/?cat=54"},"img":{"alt_text":"bonicatto","src":"https:\/\/i0.wp.com\/www.24baires.com\/wp-content\/uploads\/2013\/04\/bonicatto.jpg?resize=350%2C200","width":350,"height":200,"srcset":"https:\/\/i0.wp.com\/www.24baires.com\/wp-content\/uploads\/2013\/04\/bonicatto.jpg?resize=350%2C200 1x, https:\/\/i0.wp.com\/www.24baires.com\/wp-content\/uploads\/2013\/04\/bonicatto.jpg?resize=525%2C300 1.5x"},"classes":[]},{"id":20756,"url":"https:\/\/www.24baires.com\/?p=20756","url_meta":{"origin":21482,"position":2},"title":"Rechazan la presentaci\u00f3n de Cablevisi\u00f3n y fijan el abono en $130","author":"AF","date":"11\/04\/2013","format":false,"excerpt":"La C\u00e1mara Federal de Apelaciones de La Plata rechaz\u00f3 el planteo realizado por la empresa Cablevisi\u00f3n S.A. y aval\u00f3 la presentaci\u00f3n realizada por la Defensor\u00eda del Pueblo de la provincia de Buenos Aires que fija en 130 pesos el abono b\u00e1sico de cable. La C\u00e1mara Federal rechaz\u00f3 un recurso extraordinario\u2026","rel":"","context":"En \u00abMedios\u00bb","block_context":{"text":"Medios","link":"https:\/\/www.24baires.com\/?cat=54"},"img":{"alt_text":"","src":"","width":0,"height":0},"classes":[]},{"id":15087,"url":"https:\/\/www.24baires.com\/?p=15087","url_meta":{"origin":21482,"position":3},"title":"Juez de La Plata intim\u00f3 a Cablevisi\u00f3n a acreditar si ajust\u00f3 la tarifa a lo ordenado","author":"Grupo Sierra","date":"08\/02\/2013","format":false,"excerpt":"El juez federal de La Plata, Adolfo Gabino Ziulu, intim\u00f3 a la empresa a que acredite si se encuentra cumpliendo con una medida cautelar anterior por la cual se le orden\u00f3 ajustar su tarifa por abono a la suma autorizada por la Secretar\u00eda de Comercio Interior. El caso podr\u00eda terminar\u2026","rel":"","context":"En \u00abMedios\u00bb","block_context":{"text":"Medios","link":"https:\/\/www.24baires.com\/?cat=54"},"img":{"alt_text":"cablevision","src":"https:\/\/i0.wp.com\/www.24baires.com\/wp-content\/uploads\/2012\/12\/cablevision.jpg?resize=350%2C200","width":350,"height":200,"srcset":"https:\/\/i0.wp.com\/www.24baires.com\/wp-content\/uploads\/2012\/12\/cablevision.jpg?resize=350%2C200 1x, https:\/\/i0.wp.com\/www.24baires.com\/wp-content\/uploads\/2012\/12\/cablevision.jpg?resize=525%2C300 1.5x"},"classes":[]},{"id":24419,"url":"https:\/\/www.24baires.com\/?p=24419","url_meta":{"origin":21482,"position":4},"title":"El Senado bonaerense apoy\u00f3 el reclamo contra Cablevisi\u00f3n por el precio del abono","author":"Grupo Sierra","date":"26\/05\/2013","format":false,"excerpt":"La C\u00e1mara de Senadores bonaerense respald\u00f3 la presentaci\u00f3n judicial de la Defensor\u00eda del Pueblo provincial contra la empresa Cablevisi\u00f3n S.A., por el valor del servicio, y solicit\u00f3 que la firma adecue el costo del abono b\u00e1sico del cable. La C\u00e1mara Alta acompa\u00f1\u00f3 el proyecto elevado por el senador del Frente\u2026","rel":"","context":"En \u00abMedios\u00bb","block_context":{"text":"Medios","link":"https:\/\/www.24baires.com\/?cat=54"},"img":{"alt_text":"senadobonaerense2-679x350","src":"https:\/\/i0.wp.com\/www.24baires.com\/wp-content\/uploads\/2013\/05\/senadobonaerense2-679x350.jpg?resize=350%2C200","width":350,"height":200,"srcset":"https:\/\/i0.wp.com\/www.24baires.com\/wp-content\/uploads\/2013\/05\/senadobonaerense2-679x350.jpg?resize=350%2C200 1x, https:\/\/i0.wp.com\/www.24baires.com\/wp-content\/uploads\/2013\/05\/senadobonaerense2-679x350.jpg?resize=525%2C300 1.5x"},"classes":[]},{"id":18766,"url":"https:\/\/www.24baires.com\/?p=18766","url_meta":{"origin":21482,"position":5},"title":"Senadores bonaerenses apoyan las acciones judiciales contra Cablevisi\u00f3n","author":"AF","date":"18\/03\/2013","format":false,"excerpt":"Un proyecto impulsado en la C\u00e1mara alta respalda la presentaci\u00f3n judicial de la Defensor\u00eda del Pueblo provincial contra la empresa del Grupo Clar\u00edn por el cobro indebido de su servicio y solicita que la firma adecue el costo del abono b\u00e1sico del cable. \u201cEsta acci\u00f3n judicial logr\u00f3 ponerle un l\u00edmite\u2026","rel":"","context":"En \u00abMedios\u00bb","block_context":{"text":"Medios","link":"https:\/\/www.24baires.com\/?cat=54"},"img":{"alt_text":"","src":"","width":0,"height":0},"classes":[]}],"jetpack_sharing_enabled":true,"jetpack_likes_enabled":true,"_links":{"self":[{"href":"https:\/\/www.24baires.com\/index.php?rest_route=\/wp\/v2\/posts\/21482","targetHints":{"allow":["GET"]}}],"collection":[{"href":"https:\/\/www.24baires.com\/index.php?rest_route=\/wp\/v2\/posts"}],"about":[{"href":"https:\/\/www.24baires.com\/index.php?rest_route=\/wp\/v2\/types\/post"}],"author":[{"embeddable":true,"href":"https:\/\/www.24baires.com\/index.php?rest_route=\/wp\/v2\/users\/4"}],"replies":[{"embeddable":true,"href":"https:\/\/www.24baires.com\/index.php?rest_route=%2Fwp%2Fv2%2Fcomments&post=21482"}],"version-history":[{"count":2,"href":"https:\/\/www.24baires.com\/index.php?rest_route=\/wp\/v2\/posts\/21482\/revisions"}],"predecessor-version":[{"id":21484,"href":"https:\/\/www.24baires.com\/index.php?rest_route=\/wp\/v2\/posts\/21482\/revisions\/21484"}],"wp:attachment":[{"href":"https:\/\/www.24baires.com\/index.php?rest_route=%2Fwp%2Fv2%2Fmedia&parent=21482"}],"wp:term":[{"taxonomy":"category","embeddable":true,"href":"https:\/\/www.24baires.com\/index.php?rest_route=%2Fwp%2Fv2%2Fcategories&post=21482"},{"taxonomy":"post_tag","embeddable":true,"href":"https:\/\/www.24baires.com\/index.php?rest_route=%2Fwp%2Fv2%2Ftags&post=21482"}],"curies":[{"name":"wp","href":"https:\/\/api.w.org\/{rel}","templated":true}]}}