{"id":2144,"date":"2012-10-13T20:13:57","date_gmt":"2012-10-13T23:13:57","guid":{"rendered":"http:\/\/www.24baires.com\/?p=2144"},"modified":"2012-10-13T21:27:29","modified_gmt":"2012-10-14T00:27:29","slug":"honoris-causa-para-pepe-mujica","status":"publish","type":"post","link":"https:\/\/www.24baires.com\/?p=2144","title":{"rendered":"\u00abHonoris causa\u00bb para Pepe Mujica"},"content":{"rendered":"<p><img data-recalc-dims=\"1\" loading=\"lazy\" decoding=\"async\" class=\"alignleft size-medium wp-image-2145\" title=\"mujica\" src=\"https:\/\/i0.wp.com\/www.24baires.com\/wp-content\/uploads\/2012\/10\/mujica.jpg?resize=300%2C220\" alt=\"\" width=\"300\" height=\"220\" srcset=\"https:\/\/i0.wp.com\/www.24baires.com\/wp-content\/uploads\/2012\/10\/mujica.jpg?resize=300%2C220&amp;ssl=1 300w, https:\/\/i0.wp.com\/www.24baires.com\/wp-content\/uploads\/2012\/10\/mujica.jpg?w=560&amp;ssl=1 560w\" sizes=\"auto, (max-width: 300px) 100vw, 300px\" \/><strong>LA PLATA &#8211;<\/strong> El reconocimiento al presidente uruguayo, Jos\u00e9 Mujica, ser\u00e1 el pr\u00f3ximo 18 de octubre y entre los argumentos de esa distinci\u00f3n se destaca \u00absu trayectoria militante e indiscutible en la defensa de la educaci\u00f3n p\u00fablica, libre y gratuita\u00bb, se inform\u00f3 desde la Universidad Nacional de La Plata.<!--more--><\/p>\n<p>El presidente uruguayo, Jos\u00e9 Mujica, recibir\u00e1 el pr\u00f3ximo 18 de octubre el t\u00edtulo de \u00abdoctor honoris causa\u00bb de la Universidad Nacional de La Plata, en Argentina.<\/p>\n<p>Mujica ser\u00e1 distinguido por \u00absu trayectoria militante e indiscutible en la defensa de la educaci\u00f3n p\u00fablica, libre y gratuita\u00bb, inform\u00f3 la Casa de Altos estudios en su p\u00e1gina digital.<\/p>\n<p>El premio se concedi\u00f3 al presidente uruguayo, adem\u00e1s, por \u00absu respeto a los principios de la reforma Universitaria de 1918, plasmado en su ideario latinoamericanista\u00bb.<\/p>\n<p>El mandatario viajar\u00e1 el mismo d\u00eda 18 a La Plata y no est\u00e1 definido a\u00fan si mantendr\u00e1 alg\u00fan contacto con autoridades argentinas, se\u00f1alaron a fuentes de la Presidencia.<\/p>\n<p>Mujica, de 77 a\u00f1os y ex l\u00edder del Movimiento de Liberaci\u00f3n Nacional (MLN-Tupamaros), estuvo diez a\u00f1os preso y en duras condiciones antes y durante la dictadura que gobern\u00f3 en Uruguay entre 1973 y 1985 y el 1 de marzo de 2010 se convirti\u00f3 en el segundo presidente de izquierda en la historia de Uruguay.<\/p>\n","protected":false},"excerpt":{"rendered":"<p>LA PLATA &#8211; El reconocimiento al presidente uruguayo, Jos\u00e9 Mujica, ser\u00e1 el pr\u00f3ximo 18 de octubre y entre los argumentos de esa distinci\u00f3n se destaca \u00absu trayectoria militante e indiscutible en la defensa de la educaci\u00f3n p\u00fablica, libre y gratuita\u00bb, se inform\u00f3 desde la Universidad Nacional de La Plata.<\/p>\n","protected":false},"author":4,"featured_media":0,"comment_status":"open","ping_status":"open","sticky":false,"template":"","format":"standard","meta":{"_jetpack_newsletter_access":"","_jetpack_dont_email_post_to_subs":false,"_jetpack_newsletter_tier_id":0,"_jetpack_memberships_contains_paywalled_content":false,"_jetpack_memberships_contains_paid_content":false,"footnotes":""},"categories":[1],"tags":[],"class_list":["post-2144","post","type-post","status-publish","format-standard","hentry","category-sociedad"],"jetpack_featured_media_url":"","jetpack_shortlink":"https:\/\/wp.me\/p2JWE0-yA","jetpack-related-posts":[{"id":23813,"url":"https:\/\/www.24baires.com\/?p=23813","url_meta":{"origin":2144,"position":0},"title":"La UNLP le entreg\u00f3 a Lula da Silva el Doctorado Honoris Causa","author":"AF","date":"18\/05\/2013","format":false,"excerpt":"En el mismo acto, el ex presidente brasile\u00f1o obtuvo distinciones similares de las universidades nacionales de Tres de Febrero, San Mart\u00edn, Lan\u00fas, C\u00f3rdoba, San Juan y Cuyo. Lula destac\u00f3 la integraci\u00f3n latinoamericana de la mano de Cristina Fern\u00e1ndez y Dilma Rousseff, y record\u00f3 a N\u00e9stor Kirchner y Hugo Ch\u00e1vez. La\u2026","rel":"","context":"En \u00abPol\u00edtica\u00bb","block_context":{"text":"Pol\u00edtica","link":"https:\/\/www.24baires.com\/?cat=51"},"img":{"alt_text":"Lula da silva Senado","src":"https:\/\/i0.wp.com\/www.24baires.com\/wp-content\/uploads\/2013\/05\/Lula-da-silva-Senado.jpg?resize=350%2C200","width":350,"height":200,"srcset":"https:\/\/i0.wp.com\/www.24baires.com\/wp-content\/uploads\/2013\/05\/Lula-da-silva-Senado.jpg?resize=350%2C200 1x, https:\/\/i0.wp.com\/www.24baires.com\/wp-content\/uploads\/2013\/05\/Lula-da-silva-Senado.jpg?resize=525%2C300 1.5x"},"classes":[]},{"id":103882,"url":"https:\/\/www.24baires.com\/?p=103882","url_meta":{"origin":2144,"position":1},"title":"Pepe Mujica le dijo adi\u00f3s a su banca en el Senado uruguayo","author":"AF","date":"14\/08\/2018","format":false,"excerpt":"El m\u00edtico l\u00edder pol\u00edtico justific\u00f3 la renuncia por razones personales y a la \"fatiga de un largo viaje\". Adem\u00e1s -al dimitir- cobrar\u00e1 una jubilaci\u00f3n ordinaria y no suntuosa, como lo ser\u00eda la de un ex senador. El ex presidente de Uruguay, Jos\u00e9 Pepe Mujica present\u00f3 oficialmente su renuncia como senador.\u2026","rel":"","context":"En \u00abLocales\u00bb","block_context":{"text":"Locales","link":"https:\/\/www.24baires.com\/?cat=38"},"img":{"alt_text":"","src":"https:\/\/i0.wp.com\/www.24baires.com\/wp-content\/uploads\/2012\/10\/mujica.jpg?resize=350%2C200","width":350,"height":200,"srcset":"https:\/\/i0.wp.com\/www.24baires.com\/wp-content\/uploads\/2012\/10\/mujica.jpg?resize=350%2C200 1x, https:\/\/i0.wp.com\/www.24baires.com\/wp-content\/uploads\/2012\/10\/mujica.jpg?resize=525%2C300 1.5x"},"classes":[]},{"id":33051,"url":"https:\/\/www.24baires.com\/?p=33051","url_meta":{"origin":2144,"position":2},"title":"Cosas locas que suceden en el R\u00edo de la Plata","author":"AF","date":"05\/10\/2013","format":false,"excerpt":"Uno de los temas m\u00e1s punzantes de la semana ha sido, sin margen de dudas, la nueva oleada de conflictos por la pastera UPM que llevara, en presidencia de N\u00e9stor Kirchner, a la Argentina y Uruguay a destrabar la problem\u00e1tica en La Haya. Esta nueva escalada de complejidades por \u00edndices\u2026","rel":"","context":"En \u00abOpini\u00f3n\u00bb","block_context":{"text":"Opini\u00f3n","link":"https:\/\/www.24baires.com\/?cat=64"},"img":{"alt_text":"mujica cristina2","src":"https:\/\/i0.wp.com\/www.24baires.com\/wp-content\/uploads\/2013\/10\/mujica-cristina2.jpg?resize=350%2C200","width":350,"height":200,"srcset":"https:\/\/i0.wp.com\/www.24baires.com\/wp-content\/uploads\/2013\/10\/mujica-cristina2.jpg?resize=350%2C200 1x, https:\/\/i0.wp.com\/www.24baires.com\/wp-content\/uploads\/2013\/10\/mujica-cristina2.jpg?resize=525%2C300 1.5x"},"classes":[]},{"id":43545,"url":"https:\/\/www.24baires.com\/?p=43545","url_meta":{"origin":2144,"position":3},"title":"La Presidenta recibir\u00e1 el t\u00edtulo Honoris Causa de la Universidad de La Plata","author":"GB","date":"09\/04\/2014","format":false,"excerpt":"LA PLATA-Cristina Fern\u00e1ndez encabezar\u00e1 hoy el acto de inauguraci\u00f3n formal de los nuevos edificios de las facultades de Psicolog\u00eda y de Humanidades y Ciencias de la Educaci\u00f3n de la Universidad Nacional de La Plata (UNLP), y en ese marco, adem\u00e1s, recibir\u00e1 el t\u00edtulo de Doctor Honoris Causa de esa casa\u2026","rel":"","context":"En \u00abPol\u00edtica\u00bb","block_context":{"text":"Pol\u00edtica","link":"https:\/\/www.24baires.com\/?cat=51"},"img":{"alt_text":"cristina1","src":"https:\/\/i0.wp.com\/www.24baires.com\/wp-content\/uploads\/2014\/02\/cristina1.jpg?resize=350%2C200","width":350,"height":200,"srcset":"https:\/\/i0.wp.com\/www.24baires.com\/wp-content\/uploads\/2014\/02\/cristina1.jpg?resize=350%2C200 1x, https:\/\/i0.wp.com\/www.24baires.com\/wp-content\/uploads\/2014\/02\/cristina1.jpg?resize=525%2C300 1.5x"},"classes":[]},{"id":61293,"url":"https:\/\/www.24baires.com\/?p=61293","url_meta":{"origin":2144,"position":4},"title":"\u00abSi el pr\u00f3ximo gobierno no es peronista, pobre Argentina\u00bb, asegur\u00f3 Mujica","author":"GB","date":"05\/02\/2015","format":false,"excerpt":"El presidente uruguayo, Jos\u00e9 Mujica, opin\u00f3 que el pr\u00f3ximo gobierno argentino \"debe ser peronista\", en un a\u00f1o electoral en el que \"el peronismo kirchnerista arranca con una base electoral del 30, 35%\", y afirm\u00f3 que \"si a Argentina le va mal, a nosotros nos va mal\". \"Tengo claro que si\u2026","rel":"","context":"En \u00abInternacionales\u00bb","block_context":{"text":"Internacionales","link":"https:\/\/www.24baires.com\/?cat=73"},"img":{"alt_text":"mujica","src":"https:\/\/i0.wp.com\/www.24baires.com\/wp-content\/uploads\/2014\/10\/mujica.jpg?resize=350%2C200","width":350,"height":200,"srcset":"https:\/\/i0.wp.com\/www.24baires.com\/wp-content\/uploads\/2014\/10\/mujica.jpg?resize=350%2C200 1x, https:\/\/i0.wp.com\/www.24baires.com\/wp-content\/uploads\/2014\/10\/mujica.jpg?resize=525%2C300 1.5x"},"classes":[]},{"id":32927,"url":"https:\/\/www.24baires.com\/?p=32927","url_meta":{"origin":2144,"position":5},"title":"\u00abLa contaminaci\u00f3n que genera UPM es alarmante\u00bb, asegur\u00f3 Timerman","author":"AF","date":"03\/10\/2013","format":false,"excerpt":"El canciller advirti\u00f3 que \"el nivel de f\u00f3sforo\" generado por la planta UPM en Uruguay \"es alarmante\", al cuestionar declaraciones del presidente Jos\u00e9 Mujica. El canciller H\u00e9ctor Timerman advirti\u00f3 que \"el nivel de f\u00f3sforo\" generado por la planta UPM en Uruguay \"es alarmante\", al cuestionar declaraciones del presidente Jos\u00e9 Mujica\u2026","rel":"","context":"En \u00abPol\u00edtica\u00bb","block_context":{"text":"Pol\u00edtica","link":"https:\/\/www.24baires.com\/?cat=51"},"img":{"alt_text":"","src":"","width":0,"height":0},"classes":[]}],"jetpack_sharing_enabled":true,"jetpack_likes_enabled":true,"_links":{"self":[{"href":"https:\/\/www.24baires.com\/index.php?rest_route=\/wp\/v2\/posts\/2144","targetHints":{"allow":["GET"]}}],"collection":[{"href":"https:\/\/www.24baires.com\/index.php?rest_route=\/wp\/v2\/posts"}],"about":[{"href":"https:\/\/www.24baires.com\/index.php?rest_route=\/wp\/v2\/types\/post"}],"author":[{"embeddable":true,"href":"https:\/\/www.24baires.com\/index.php?rest_route=\/wp\/v2\/users\/4"}],"replies":[{"embeddable":true,"href":"https:\/\/www.24baires.com\/index.php?rest_route=%2Fwp%2Fv2%2Fcomments&post=2144"}],"version-history":[{"count":0,"href":"https:\/\/www.24baires.com\/index.php?rest_route=\/wp\/v2\/posts\/2144\/revisions"}],"wp:attachment":[{"href":"https:\/\/www.24baires.com\/index.php?rest_route=%2Fwp%2Fv2%2Fmedia&parent=2144"}],"wp:term":[{"taxonomy":"category","embeddable":true,"href":"https:\/\/www.24baires.com\/index.php?rest_route=%2Fwp%2Fv2%2Fcategories&post=2144"},{"taxonomy":"post_tag","embeddable":true,"href":"https:\/\/www.24baires.com\/index.php?rest_route=%2Fwp%2Fv2%2Ftags&post=2144"}],"curies":[{"name":"wp","href":"https:\/\/api.w.org\/{rel}","templated":true}]}}