{"id":21439,"date":"2013-04-19T13:30:53","date_gmt":"2013-04-19T16:30:53","guid":{"rendered":"http:\/\/www.24baires.com\/?p=21439"},"modified":"2013-04-19T13:29:26","modified_gmt":"2013-04-19T16:29:26","slug":"la-otra-parte-de-la-sociedad-la-descontenta-y-sin-representacion","status":"publish","type":"post","link":"https:\/\/www.24baires.com\/?p=21439","title":{"rendered":"La otra parte de la sociedad: la descontenta y sin representaci\u00f3n"},"content":{"rendered":"<p><img data-recalc-dims=\"1\" loading=\"lazy\" decoding=\"async\" class=\"aligncenter size-full wp-image-21453\" alt=\"cacerolazo_tucuman1_46565\" src=\"https:\/\/i0.wp.com\/www.24baires.com\/wp-content\/uploads\/2013\/04\/cacerolazo_tucuman1_46565.jpg?resize=560%2C372\" width=\"560\" height=\"372\" srcset=\"https:\/\/i0.wp.com\/www.24baires.com\/wp-content\/uploads\/2013\/04\/cacerolazo_tucuman1_46565.jpg?w=560&amp;ssl=1 560w, https:\/\/i0.wp.com\/www.24baires.com\/wp-content\/uploads\/2013\/04\/cacerolazo_tucuman1_46565.jpg?resize=300%2C199&amp;ssl=1 300w\" sizes=\"auto, (max-width: 560px) 100vw, 560px\" \/><\/p>\n<p>Hay un sector de la sociedad que est\u00e1 descontento, frustrado, indignado, pong\u00e1mosle el nombre que gusten. Es gente que no se siente representada en la clase pol\u00edtica que ellos mismos eligieron. Es una parte de la sociedad que est\u00e1 desilusionada, porque ha cifrado sus expectativas -en el m\u00e1s variopinto abanico- en dirigentes pol\u00edticos que no han sabido afrontar el escenario de los \u00faltimos a\u00f1os y han fracasado en el intento de liderar esa masa de votantes, quienes muchas veces optaron por ciertos referentes no porque cumpl\u00edan con sus demandas, sino porque no encontraron uno mejor, o menos peor.<!--more--><br \/>\nPor otro lado, hay otro sector de la sociedad, que si nos basamos en las \u00faltimas elecciones es m\u00e1s amplio que el otro, que es el que apoya al gobierno actual. Siempre usando para este an\u00e1lisis la idea del sector de la oposici\u00f3n como una sola cosa, aunque claro est\u00e1 que no es as\u00ed, que est\u00e1 atomizado y fragmentado en diversos porcentajes que fluct\u00faan del 18 al 1,8%. Ya que tenemos eso en claro, coloqu\u00e9moslo todo bajo el r\u00f3tulo de oposici\u00f3n para facilitar el razonamiento.<br \/>\nEste otro sector, el que elige y eligi\u00f3 al gobierno, no est\u00e1 necesariamente decepcionado o enojado, no s\u00f3lo porque la opci\u00f3n que votaron triunf\u00f3, sino porque ellos s\u00ed encuentran en una parte de la clase pol\u00edtica sus referentes. Este espacio s\u00ed se siente representado. Lo que no ocurre con el que, por ejemplo, se manifest\u00f3 ayer, que en l\u00edneas generales afirma no tener quien encarne sus pareces, dudas y necesidades dentro de la pol\u00edtica Argentina.<br \/>\nAhora, \u00bfse le puede exigir al gobierno que asuma el rol de oficialista y opositor? Dif\u00edcil. En una democracia siempre habr\u00e1 oficialismos y oposiciones, son las reglas del juego. El gobierno no representa a todos y todas, no gan\u00f3 por el 100%. No puede representarlos a todos, no existe tal cosa. Aunque es el gobierno de todos nunca podr\u00e1 representar los intereses colectivos o individuales de las mayor\u00edas y de las minor\u00edas a la vez. Nadie puede. Es por eso que debe existir esa otra parte complementaria, a la que estamos llamando oposici\u00f3n, que s\u00ed deber\u00eda poder arrogarse esa referencia.<br \/>\nEs decir: si al gobierno lo votaron por ser de una manera y no lo votaron por ser de esa misma manera, no se le puede pedir que deje de ser de esa forma que hizo que ganara con amplia mayor\u00eda para representar a las minor\u00edas que no los votaron. Debe haber oposici\u00f3n. El problema es que la oposici\u00f3n que existe no representa a los amplios sectores desconformes con la pol\u00edtica o con los pol\u00edticos.<br \/>\nEs por esto que los manifestantes de este jueves incurren en un error al creer que toda la sociedad esta disconforme, de la misma manera que muchos oficialistas o simpatizantes del gobierno tambi\u00e9n se equivocan si afirman que todos est\u00e1n contentos.<br \/>\nNo es el inter\u00e9s de este an\u00e1lisis caer en se\u00f1alar y opinar sobre quienes organizaron la marcha, quienes convocaron, el hecho de que hayan formado parte de la misma Pando y Biondini. Porque as\u00ed perder\u00edamos el verdadero eje de la discusi\u00f3n, el ineludible: hay un sector de la sociedad que est\u00e1 enojada porque no la representa nadie. Y no es el gobierno quien debe encarnar esa representaci\u00f3n, sino el resto de los pol\u00edticos que no comulgan con el oficialismo, para equilibrar la balanza democr\u00e1tica.<br \/>\nY si hablamos de errores, el m\u00e1s grosero y peligroso ser\u00eda que alg\u00fan pol\u00edtico oportunista de los que se ubican en las filas contrarias al Kirchnerismo creyera que el reclamo de ayer, el de esa parte de argentinos y argentinas ofuscados, fue s\u00f3lo contra el gobierno, porque cometer\u00eda un gran yerro, ya que esa gente tambi\u00e9n se promulg\u00f3 y manifest\u00f3 contra la oposici\u00f3n.<\/p>\n","protected":false},"excerpt":{"rendered":"<p>Hay un sector de la sociedad que est\u00e1 descontento, frustrado, indignado, pong\u00e1mosle el nombre que gusten. Es gente que no se siente representada en la clase pol\u00edtica que ellos mismos eligieron. Es una parte de la sociedad que est\u00e1 desilusionada, porque ha cifrado sus expectativas -en el m\u00e1s variopinto abanico- en dirigentes pol\u00edticos que no han sabido afrontar el escenario [&#8230;]<\/p>\n","protected":false},"author":4,"featured_media":0,"comment_status":"open","ping_status":"open","sticky":false,"template":"","format":"standard","meta":{"_jetpack_newsletter_access":"","_jetpack_dont_email_post_to_subs":false,"_jetpack_newsletter_tier_id":0,"_jetpack_memberships_contains_paywalled_content":false,"_jetpack_memberships_contains_paid_content":false,"footnotes":""},"categories":[64],"tags":[],"class_list":["post-21439","post","type-post","status-publish","format-standard","hentry","category-opinion"],"jetpack_featured_media_url":"","jetpack_shortlink":"https:\/\/wp.me\/p2JWE0-5zN","jetpack-related-posts":[{"id":113709,"url":"https:\/\/www.24baires.com\/?p=113709","url_meta":{"origin":21439,"position":0},"title":"Tractorazos en la Provincia contra las retenciones y el inmobiliario rural","author":"AF","date":"07\/01\/2020","format":false,"excerpt":"Se dieron movilizaciones de productores rurales en Pergamino y Saliquel\u00f3. Este martes, los productores agropecuarios se hicieron escuchar nuevamente en la provincia de Buenos Aires. En nuevos tractorazos en los distritos de Salliquel\u00f3 y Pergamino, manifestaron su descontento por el aumento de las retenciones y de los impuestos provinciales y\u2026","rel":"","context":"En \u00abProvincia\u00bb","block_context":{"text":"Provincia","link":"https:\/\/www.24baires.com\/?cat=40"},"img":{"alt_text":"","src":"https:\/\/i0.wp.com\/www.24baires.com\/wp-content\/uploads\/2014\/10\/federaci%C3%B3n-agragria-corte-campo-protesta-tractor.jpg?resize=350%2C200","width":350,"height":200,"srcset":"https:\/\/i0.wp.com\/www.24baires.com\/wp-content\/uploads\/2014\/10\/federaci%C3%B3n-agragria-corte-campo-protesta-tractor.jpg?resize=350%2C200 1x, https:\/\/i0.wp.com\/www.24baires.com\/wp-content\/uploads\/2014\/10\/federaci%C3%B3n-agragria-corte-campo-protesta-tractor.jpg?resize=525%2C300 1.5x"},"classes":[]},{"id":104104,"url":"https:\/\/www.24baires.com\/?p=104104","url_meta":{"origin":21439,"position":1},"title":"Desde la Sociedad Rural piden m\u00e1s ajuste y pagar menos impuestos","author":"AF","date":"26\/08\/2018","format":false,"excerpt":"\u201cUn Estado que est\u00e1 muy agrandado implica un nivel impositivo que es asfixiante para el campo\u201d, sostuvo el titular de la entidad, Daniel Pelegrina. Su antecesor, Luis Etchevehere, es el actual ministro de Agroindustria. El titular de la Sociedad Rural Argentina (SRA), Daniel Pelegrina, sostuvo este domingo que \u201cun Estado\u2026","rel":"","context":"En \u00abPol\u00edtica\u00bb","block_context":{"text":"Pol\u00edtica","link":"https:\/\/www.24baires.com\/?cat=51"},"img":{"alt_text":"","src":"https:\/\/i0.wp.com\/www.24baires.com\/wp-content\/uploads\/2018\/08\/pellegrina-sociedad-rural.jpg?resize=350%2C200","width":350,"height":200,"srcset":"https:\/\/i0.wp.com\/www.24baires.com\/wp-content\/uploads\/2018\/08\/pellegrina-sociedad-rural.jpg?resize=350%2C200 1x, https:\/\/i0.wp.com\/www.24baires.com\/wp-content\/uploads\/2018\/08\/pellegrina-sociedad-rural.jpg?resize=525%2C300 1.5x"},"classes":[]},{"id":104895,"url":"https:\/\/www.24baires.com\/?p=104895","url_meta":{"origin":21439,"position":2},"title":"En cuatro meses se perdieron 97.400 empleos","author":"AF","date":"11\/10\/2018","format":false,"excerpt":"Ni brotes verdes, ni luz al final de ning\u00fan t\u00fanel. El mercado de trabajo ya empez\u00f3 a sentir los primeros impactos de la crisis econ\u00f3mica que -desde abril- golpea a la Argentina, donde adem\u00e1s se refleja un incremento de la precarizaci\u00f3n laboral. Unos 97.400 empleos registrados se perdieron en la\u2026","rel":"","context":"En \u00abSociedad\u00bb","block_context":{"text":"Sociedad","link":"https:\/\/www.24baires.com\/?cat=1"},"img":{"alt_text":"","src":"https:\/\/i0.wp.com\/www.24baires.com\/wp-content\/uploads\/2014\/02\/trabajo.jpg?resize=350%2C200","width":350,"height":200,"srcset":"https:\/\/i0.wp.com\/www.24baires.com\/wp-content\/uploads\/2014\/02\/trabajo.jpg?resize=350%2C200 1x, https:\/\/i0.wp.com\/www.24baires.com\/wp-content\/uploads\/2014\/02\/trabajo.jpg?resize=525%2C300 1.5x"},"classes":[]},{"id":15378,"url":"https:\/\/www.24baires.com\/?p=15378","url_meta":{"origin":21439,"position":3},"title":"ATE impulsa un paro total para el pr\u00f3ximo lunes 25","author":"AF","date":"11\/02\/2013","format":false,"excerpt":"El secretario general de la Asociaci\u00f3n de Trabajadores del Estado bonaerense (ATE) Oscar De Isasi confirm\u00f3 este lunes que impulsar\u00e1n a la Central de Trabajadores (CTA) a que declare un paro general para el 25 de febrero pr\u00f3ximo, que impedir\u00eda el inicio normal de clases, con el objetivo de reclamar\u2026","rel":"","context":"En \u00abSociedad\u00bb","block_context":{"text":"Sociedad","link":"https:\/\/www.24baires.com\/?cat=1"},"img":{"alt_text":"","src":"","width":0,"height":0},"classes":[]},{"id":104901,"url":"https:\/\/www.24baires.com\/?p=104901","url_meta":{"origin":21439,"position":4},"title":"Tandil: cerr\u00f3 la hist\u00f3rica metal\u00fargica y despidi\u00f3 a m\u00e1s de 100 trabajadores","author":"GB","date":"12\/10\/2018","format":false,"excerpt":"Con 70 a\u00f1os, era una de las f\u00e1bricas tradicionales de la ciudad. El cierre cal\u00f3 hondo en la sociedad tandilense. Un golpe duro para la gesti\u00f3n del intendente Miguel Lunghi. El 16 de octubre se espera una multitudinaria marcha. Cerr\u00f3 \u201cMetal\u00fargica Tandil\u201d, la hist\u00f3rica f\u00e1brica serrana de autopartes. La decisi\u00f3n\u2026","rel":"","context":"En \u00abMunicipios\u00bb","block_context":{"text":"Municipios","link":"https:\/\/www.24baires.com\/?cat=44"},"img":{"alt_text":"","src":"https:\/\/i0.wp.com\/www.24baires.com\/wp-content\/uploads\/2018\/10\/tandil-fabrica.jpg?resize=350%2C200","width":350,"height":200,"srcset":"https:\/\/i0.wp.com\/www.24baires.com\/wp-content\/uploads\/2018\/10\/tandil-fabrica.jpg?resize=350%2C200 1x, https:\/\/i0.wp.com\/www.24baires.com\/wp-content\/uploads\/2018\/10\/tandil-fabrica.jpg?resize=525%2C300 1.5x"},"classes":[]},{"id":106621,"url":"https:\/\/www.24baires.com\/?p=106621","url_meta":{"origin":21439,"position":5},"title":"Con 22 femicidios y 10 travesticidios en lo que va del a\u00f1o marchan para exigir justicia","author":"GB","date":"31\/01\/2019","format":false,"excerpt":"Con cifras que superan al primer mes del 2018, este viernes habr\u00e1 movilizaciones tanto en La Plata como Capital Federal para exigir justicia y solicitar medidas al gobierno. A pocas horas de culminar el primer mes de 2019 ya se registraron 22 femicidios y 10 travesticidios en todo el pa\u00eds.\u2026","rel":"","context":"En \u00abSociedad\u00bb","block_context":{"text":"Sociedad","link":"https:\/\/www.24baires.com\/?cat=1"},"img":{"alt_text":"","src":"https:\/\/i0.wp.com\/www.24baires.com\/wp-content\/uploads\/2019\/01\/vivas-nos-queremos.jpg?resize=350%2C200","width":350,"height":200,"srcset":"https:\/\/i0.wp.com\/www.24baires.com\/wp-content\/uploads\/2019\/01\/vivas-nos-queremos.jpg?resize=350%2C200 1x, https:\/\/i0.wp.com\/www.24baires.com\/wp-content\/uploads\/2019\/01\/vivas-nos-queremos.jpg?resize=525%2C300 1.5x"},"classes":[]}],"jetpack_sharing_enabled":true,"jetpack_likes_enabled":true,"_links":{"self":[{"href":"https:\/\/www.24baires.com\/index.php?rest_route=\/wp\/v2\/posts\/21439","targetHints":{"allow":["GET"]}}],"collection":[{"href":"https:\/\/www.24baires.com\/index.php?rest_route=\/wp\/v2\/posts"}],"about":[{"href":"https:\/\/www.24baires.com\/index.php?rest_route=\/wp\/v2\/types\/post"}],"author":[{"embeddable":true,"href":"https:\/\/www.24baires.com\/index.php?rest_route=\/wp\/v2\/users\/4"}],"replies":[{"embeddable":true,"href":"https:\/\/www.24baires.com\/index.php?rest_route=%2Fwp%2Fv2%2Fcomments&post=21439"}],"version-history":[{"count":3,"href":"https:\/\/www.24baires.com\/index.php?rest_route=\/wp\/v2\/posts\/21439\/revisions"}],"predecessor-version":[{"id":21452,"href":"https:\/\/www.24baires.com\/index.php?rest_route=\/wp\/v2\/posts\/21439\/revisions\/21452"}],"wp:attachment":[{"href":"https:\/\/www.24baires.com\/index.php?rest_route=%2Fwp%2Fv2%2Fmedia&parent=21439"}],"wp:term":[{"taxonomy":"category","embeddable":true,"href":"https:\/\/www.24baires.com\/index.php?rest_route=%2Fwp%2Fv2%2Fcategories&post=21439"},{"taxonomy":"post_tag","embeddable":true,"href":"https:\/\/www.24baires.com\/index.php?rest_route=%2Fwp%2Fv2%2Ftags&post=21439"}],"curies":[{"name":"wp","href":"https:\/\/api.w.org\/{rel}","templated":true}]}}