{"id":2141,"date":"2012-10-13T21:12:59","date_gmt":"2012-10-14T00:12:59","guid":{"rendered":"http:\/\/www.24baires.com\/?p=2141"},"modified":"2012-10-13T21:12:59","modified_gmt":"2012-10-14T00:12:59","slug":"caso-candela-la-defensa-de-cabrera-pide-su-sobreseimiento","status":"publish","type":"post","link":"https:\/\/www.24baires.com\/?p=2141","title":{"rendered":"Caso Candela: la defensa de Cabrera pide su sobreseimiento"},"content":{"rendered":"<p><img data-recalc-dims=\"1\" loading=\"lazy\" decoding=\"async\" class=\"aligncenter size-full wp-image-2142\" title=\"candela\" src=\"https:\/\/i0.wp.com\/www.24baires.com\/wp-content\/uploads\/2012\/10\/candela.jpg?resize=560%2C352\" alt=\"\" width=\"560\" height=\"352\" srcset=\"https:\/\/i0.wp.com\/www.24baires.com\/wp-content\/uploads\/2012\/10\/candela.jpg?w=560&amp;ssl=1 560w, https:\/\/i0.wp.com\/www.24baires.com\/wp-content\/uploads\/2012\/10\/candela.jpg?resize=300%2C188&amp;ssl=1 300w\" sizes=\"auto, (max-width: 560px) 100vw, 560px\" \/>Se trata de una de las acusadas por el secuestro y crimen de Candela Sol Rodr\u00edguez. En la presentaci\u00f3n, su abogado consider\u00f3 que no existen pruebas para que contin\u00fae imputada en el expediente. Tambi\u00e9n reclam\u00f3 que queden excluidos como prueba los allanamientos y secuestros efectuados en la vivienda de la calle Kiernan.<!--more--><\/p>\n<p>El defensor Marcelo Mazzeo pidi\u00f3 ante el juez de Garant\u00edas 3 de Mor\u00f3n, Gustavo Robles, que Gladys Cabrera sea sobrese\u00edda por el delito de \u00abhomicidio calificado con el concurso premeditado de dos o m\u00e1s personas, en grado de part\u00edcipe necesario\u201d.<\/p>\n<p>En su presentaci\u00f3n judicial, Mazzeo consider\u00f3 que no existen pruebas para que Cabrera contin\u00fae imputada en la causa por el crimen de Candela Sol Rodr\u00edguez, ocurrido en la localidad bonaerense de Villa Tesei, en agosto del a\u00f1o pasado.<\/p>\n<p>El abogado tambi\u00e9n reclam\u00f3 que queden excluidos como prueba los allanamientos y secuestros efectuados en la vivienda de su defendida, ubicada en Kiernan 992, donde seg\u00fan las primeras instrucciones estuvo cautiva la ni\u00f1a.<\/p>\n<p>Con la investigaci\u00f3n realizada por la Polic\u00eda Bonaerense y rastros de ADN encontrado en piezas m\u00f3viles, el apartado fiscal Marcelo Tavolaro determin\u00f3 que en esa vivienda hab\u00eda estado secuestrada Candela.<\/p>\n<p>Sin embargo, la C\u00e1mara de Apelaciones de Mor\u00f3n cuestion\u00f3 duramente esas hip\u00f3tesis cuando anul\u00f3 en abril \u00faltimo la prisi\u00f3n preventiva de todos los detenidos, entre ellos Cabrera, aunque mantuvo la validez de los allanamientos.<\/p>\n<p>Otro pedido de Mazzeo es que el juez anule la totalidad de las declaraciones testimoniales efectuadas bajo reserva de identidad y en las cuales se basaron la mayor\u00eda de las decisiones adoptadas en el expediente.<\/p>\n<p>Mazzeo es el mismo abogado que present\u00f3 en la Legislatura bonaerense, a principios de este mes, un pedido de juicio pol\u00edtico contra el ministro de Justicia y Seguridad, Ricardo Casal, luego de las graves irregularidades y la conexi\u00f3n narco-policial reveladas por la comisi\u00f3n especial del Senado en su informe final sobre el caso.<\/p>\n<p>La Comisi\u00f3n Candela recomend\u00f3, adem\u00e1s, separar y exonerar al jefe de la Bonaerense, Hugo Matzkin, y a una treintena de altos oficiales de la fuerza, aunque hasta el momento todos siguen en sus cargos.<\/p>\n<p>El cuerpo legislativo tambi\u00e9n recomend\u00f3 juicios pol\u00edticos para el juez Alfredo Meade y los fiscales Tavolaro, Federico Nieva Woodgate, entre otros. La Suprema Corte bonaerense ya avanz\u00f3 con la investigaci\u00f3n de Meade, pero la procuradora general Mar\u00eda del Carmen Falbo a\u00fan no se ha pronunciado sobre las sugerencias del Informe Candela.<\/p>\n<p>La ni\u00f1a fue vista con vida por \u00faltima vez el lunes 22 de agosto de 2011, cuando esperaba a unas amigas para ir a la reuni\u00f3n de un grupo de boy scouts, y el 31 de agosto apareci\u00f3 asfixiada dentro de una bolsa, a 30 cuadras de su casa.<\/p>\n<p>Por el caso estuvieron detenidos H\u00e9ctor \u00abTopo\u00bb Moreyra (44), Hugo Berm\u00fadez (53), Leonardo Jara (34), Guillermo L\u00f3pez (31), Fabi\u00e1n G\u00f3mez (42), Alberto Esp\u00ednola (31), N\u00e9stor Altamirano (55) y Cabrera (42).<\/p>\n","protected":false},"excerpt":{"rendered":"<p>Se trata de una de las acusadas por el secuestro y crimen de Candela Sol Rodr\u00edguez. En la presentaci\u00f3n, su abogado consider\u00f3 que no existen pruebas para que contin\u00fae imputada en el expediente. Tambi\u00e9n reclam\u00f3 que queden excluidos como prueba los allanamientos y secuestros efectuados en la vivienda de la calle Kiernan.<\/p>\n","protected":false},"author":4,"featured_media":0,"comment_status":"open","ping_status":"open","sticky":false,"template":"","format":"standard","meta":{"_jetpack_newsletter_access":"","_jetpack_dont_email_post_to_subs":false,"_jetpack_newsletter_tier_id":0,"_jetpack_memberships_contains_paywalled_content":false,"_jetpack_memberships_contains_paid_content":false,"footnotes":""},"categories":[1],"tags":[],"class_list":["post-2141","post","type-post","status-publish","format-standard","hentry","category-sociedad"],"jetpack_featured_media_url":"","jetpack_shortlink":"https:\/\/wp.me\/p2JWE0-yx","jetpack-related-posts":[{"id":941,"url":"https:\/\/www.24baires.com\/?p=941","url_meta":{"origin":2141,"position":0},"title":"Segundo pedido de Juicio Pol\u00edtico para Casal por el caso Candela","author":"AF","date":"03\/10\/2012","format":false,"excerpt":"La presentaci\u00f3n fue hecha hoy en la Legislatura por Marcelo Mazzeo, que representa a Gladys Cabrera, una de las acusadas del secuestro y posterior asesinato de Candela Sol Rodr\u00edguez. \u201cEl ministro Casal no puede hacerse el tonto y decir que desconoce que la Polic\u00eda tiene v\u00ednculos con el narcotr\u00e1fico, que\u2026","rel":"","context":"En \u00abPol\u00edtica\u00bb","block_context":{"text":"Pol\u00edtica","link":"https:\/\/www.24baires.com\/?cat=51"},"img":{"alt_text":"","src":"https:\/\/i0.wp.com\/www.24baires.com\/wp-content\/uploads\/2012\/10\/Casal-248x300.jpg?resize=350%2C200","width":350,"height":200},"classes":[]},{"id":28597,"url":"https:\/\/www.24baires.com\/?p=28597","url_meta":{"origin":2141,"position":1},"title":"La madre de Candela fue a la Justicia contra la Comisi\u00f3n del Senado que analiz\u00f3 el caso","author":"Grupo Sierra","date":"19\/07\/2013","format":false,"excerpt":"Carola Labrador pidi\u00f3 que se investigue si el cuerpo de senadores bonaerenses \u201ctergivers\u00f3\u201d testimonios para elaborar el informe final, en el que se reclama seguir la \u201cpista familiar\u201d. La Comisi\u00f3n Especial conformada en el Senado de la Provincia de Buenos aires para analizar el desempe\u00f1o de la Polic\u00eda y la\u2026","rel":"","context":"En \u00abJUDICIALES\u00bb","block_context":{"text":"JUDICIALES","link":"https:\/\/www.24baires.com\/?cat=68"},"img":{"alt_text":"marchacandela-627x350","src":"https:\/\/i0.wp.com\/www.24baires.com\/wp-content\/uploads\/2013\/07\/marchacandela-627x350.jpg?resize=350%2C200","width":350,"height":200,"srcset":"https:\/\/i0.wp.com\/www.24baires.com\/wp-content\/uploads\/2013\/07\/marchacandela-627x350.jpg?resize=350%2C200 1x, https:\/\/i0.wp.com\/www.24baires.com\/wp-content\/uploads\/2013\/07\/marchacandela-627x350.jpg?resize=525%2C300 1.5x"},"classes":[]},{"id":22005,"url":"https:\/\/www.24baires.com\/?p=22005","url_meta":{"origin":2141,"position":2},"title":"Caso Candela: \u201cEl testigo negoci\u00f3 con la mafia, que es la Bonaerense\u201d","author":"Grupo Sierra","date":"26\/04\/2013","format":false,"excerpt":"El abogado de la familia de Candela Rodr\u00edguez, Marcelo Mazzeo, sostuvo que fue un \u201catentado\u201d, la explosi\u00f3n en la que muri\u00f3 el testigo clave de la causa, Roberto An\u00edbal. \u201cEste testigo negoci\u00f3 para involucrar a los detenidos en la causa y cuando uno hace negocios con la mafia termina de\u2026","rel":"","context":"En \u00abPoliciales\u00bb","block_context":{"text":"Policiales","link":"https:\/\/www.24baires.com\/?cat=49"},"img":{"alt_text":"candela 2","src":"https:\/\/i0.wp.com\/www.24baires.com\/wp-content\/uploads\/2013\/04\/candela-2-300x187.jpg?resize=350%2C200","width":350,"height":200},"classes":[]},{"id":5502,"url":"https:\/\/www.24baires.com\/?p=5502","url_meta":{"origin":2141,"position":3},"title":"Vuelven a detener a dos acusados por el secuestro y muerte de Candela","author":"Grupo Sierra","date":"15\/11\/2012","format":false,"excerpt":"Se trata de Hugo Berm\u00fadez (53), sindicado como el autor material del crimen ocurrido el a\u00f1o pasado en Villa Tesei, y de Leonardo Jara (34), acusado de haber capturado a la ni\u00f1a haci\u00e9ndose \"el novio\". \u00a0 \u00a0 \u00a0 Dos hombres fueron detenidos nuevamente acusados del secuestro y crimen de Candela\u2026","rel":"","context":"En \u00abPoliciales\u00bb","block_context":{"text":"Policiales","link":"https:\/\/www.24baires.com\/?cat=49"},"img":{"alt_text":"","src":"https:\/\/i0.wp.com\/www.24baires.com\/wp-content\/uploads\/2012\/10\/candela-300x188.jpg?resize=350%2C200","width":350,"height":200},"classes":[]},{"id":59403,"url":"https:\/\/www.24baires.com\/?p=59403","url_meta":{"origin":2141,"position":4},"title":"Caso Candela: confirmaron la prisi\u00f3n preventiva para los acusados","author":"Grupo Sierra","date":"30\/12\/2014","format":false,"excerpt":"La C\u00e1mara Penal de Mor\u00f3n confirm\u00f3 la prisi\u00f3n preventiva de los dos \u00fanicos detenidos por el crimen de Candela Sol Rodr\u00edguez, la ni\u00f1a de 11 a\u00f1os asesinada en 2011 en la localidad bonaerense de Hurlingham, informaron fuentes judiciales. La medida fue dictada contra Hugo Berm\u00fadez (54) y Leonardo Jara (35),\u2026","rel":"","context":"En \u00abJUDICIALES\u00bb","block_context":{"text":"JUDICIALES","link":"https:\/\/www.24baires.com\/?cat=68"},"img":{"alt_text":"Candela","src":"https:\/\/i0.wp.com\/www.24baires.com\/wp-content\/uploads\/2012\/09\/Candela.jpg?resize=350%2C200","width":350,"height":200,"srcset":"https:\/\/i0.wp.com\/www.24baires.com\/wp-content\/uploads\/2012\/09\/Candela.jpg?resize=350%2C200 1x, https:\/\/i0.wp.com\/www.24baires.com\/wp-content\/uploads\/2012\/09\/Candela.jpg?resize=525%2C300 1.5x"},"classes":[]},{"id":41370,"url":"https:\/\/www.24baires.com\/?p=41370","url_meta":{"origin":2141,"position":5},"title":"Finalmente el fiscal del Caso Candela pidi\u00f3 la elevaci\u00f3n a juicio de la causa","author":"Grupo Sierra","date":"01\/03\/2014","format":false,"excerpt":"A dos a\u00f1os y medio del secuestro y crimen de la ni\u00f1a de 11 a\u00f1os, el nuevo fiscal del hecho Mario Ferrario, pidi\u00f3 elevar la causa a juicio contra cinco personas por considerarlas \"coautores del delito de privaci\u00f3n ileg\u00edtima de la libertad seguida de muerte\". A treinta meses del secuestro\u2026","rel":"","context":"En \u00abJUDICIALES\u00bb","block_context":{"text":"JUDICIALES","link":"https:\/\/www.24baires.com\/?cat=68"},"img":{"alt_text":"candela rodriguez","src":"https:\/\/i0.wp.com\/www.24baires.com\/wp-content\/uploads\/2013\/05\/candela-rodriguez-300x225.jpg?resize=350%2C200","width":350,"height":200},"classes":[]}],"jetpack_sharing_enabled":true,"jetpack_likes_enabled":true,"_links":{"self":[{"href":"https:\/\/www.24baires.com\/index.php?rest_route=\/wp\/v2\/posts\/2141","targetHints":{"allow":["GET"]}}],"collection":[{"href":"https:\/\/www.24baires.com\/index.php?rest_route=\/wp\/v2\/posts"}],"about":[{"href":"https:\/\/www.24baires.com\/index.php?rest_route=\/wp\/v2\/types\/post"}],"author":[{"embeddable":true,"href":"https:\/\/www.24baires.com\/index.php?rest_route=\/wp\/v2\/users\/4"}],"replies":[{"embeddable":true,"href":"https:\/\/www.24baires.com\/index.php?rest_route=%2Fwp%2Fv2%2Fcomments&post=2141"}],"version-history":[{"count":0,"href":"https:\/\/www.24baires.com\/index.php?rest_route=\/wp\/v2\/posts\/2141\/revisions"}],"wp:attachment":[{"href":"https:\/\/www.24baires.com\/index.php?rest_route=%2Fwp%2Fv2%2Fmedia&parent=2141"}],"wp:term":[{"taxonomy":"category","embeddable":true,"href":"https:\/\/www.24baires.com\/index.php?rest_route=%2Fwp%2Fv2%2Fcategories&post=2141"},{"taxonomy":"post_tag","embeddable":true,"href":"https:\/\/www.24baires.com\/index.php?rest_route=%2Fwp%2Fv2%2Ftags&post=2141"}],"curies":[{"name":"wp","href":"https:\/\/api.w.org\/{rel}","templated":true}]}}