{"id":21348,"date":"2013-04-18T20:15:11","date_gmt":"2013-04-18T23:15:11","guid":{"rendered":"http:\/\/www.24baires.com\/?p=21348"},"modified":"2013-04-19T11:18:33","modified_gmt":"2013-04-19T14:18:33","slug":"cristina-sobre-el-fallo-a-la-ley-de-medios-me-dejo-sin-habla-nunca-se-vio-nada-igual","status":"publish","type":"post","link":"https:\/\/www.24baires.com\/?p=21348","title":{"rendered":"Cristina sobre el fallo a la Ley de Medios: \u00abMe dej\u00f3 sin habla, nunca se vio nada igual\u00bb"},"content":{"rendered":"<p><img data-recalc-dims=\"1\" loading=\"lazy\" decoding=\"async\" class=\"aligncenter size-full wp-image-19983\" alt=\"cristina malvinas\" src=\"https:\/\/i0.wp.com\/www.24baires.com\/wp-content\/uploads\/2013\/04\/cristina-malvinas.jpg?resize=560%2C396\" width=\"560\" height=\"396\" srcset=\"https:\/\/i0.wp.com\/www.24baires.com\/wp-content\/uploads\/2013\/04\/cristina-malvinas.jpg?w=560&amp;ssl=1 560w, https:\/\/i0.wp.com\/www.24baires.com\/wp-content\/uploads\/2013\/04\/cristina-malvinas.jpg?resize=300%2C212&amp;ssl=1 300w\" sizes=\"auto, (max-width: 560px) 100vw, 560px\" \/><\/p>\n<p>La Presidenta se refiri\u00f3 al fallo de C\u00e1mara conocido ayer sobre la ley de Medios al mencionar que la dej\u00f3 \u00absin habla, nunca se vio nada igual\u00bb. \u00abMe enmudeci\u00f3\u00bb, indic\u00f3 en un acto en Casa de Gobierno.<!--more--><br \/>\n\u00abMe enmudeci\u00f3\u00bb, indic\u00f3 Cristina Fern\u00e1ndez de Kirchner, quien habla en Casa de Gobierno tras inaugurar por teleconferencia un jard\u00edn maternal de la Fundaci\u00f3n Mar\u00eda de los \u00c1ngeles en la provincia de Tucum\u00e1n.<\/p>\n<p>La jefa de Estado segur\u00f3 adem\u00e1s que \u00abla ley de medios es la punta del iceberg, es la que demostr\u00f3 c\u00f3mo se maneja todo esto\u00bb, en alusi\u00f3n a ciertos sectores del sistema judicial, a los que calific\u00f3 como \u00abuna suerte de gueto\u00bb.<br \/>\nCristina habla en Casa de Gobierno, en un acto en el que participan gobernadores y editores de publicaciones educativas.<\/p>\n<p>&nbsp;<\/p>\n<p>&nbsp;<\/p>\n<p>&nbsp;<\/p>\n<p>&nbsp;<\/p>\n<p>&nbsp;<\/p>\n<p>&nbsp;<\/p>\n<p>&nbsp;<\/p>\n<p>&nbsp;<\/p>\n<p>&nbsp;<\/p>\n<p>&nbsp;<\/p>\n<p>&nbsp;<\/p>\n<p>&nbsp;<\/p>\n<p>&nbsp;<\/p>\n<p>&nbsp;<\/p>\n<p>&nbsp;<\/p>\n","protected":false},"excerpt":{"rendered":"<p>La Presidenta se refiri\u00f3 al fallo de C\u00e1mara conocido ayer sobre la ley de Medios al mencionar que la dej\u00f3 \u00absin habla, nunca se vio nada igual\u00bb. \u00abMe enmudeci\u00f3\u00bb, indic\u00f3 en un acto en Casa de Gobierno.<\/p>\n","protected":false},"author":4,"featured_media":0,"comment_status":"open","ping_status":"open","sticky":false,"template":"","format":"standard","meta":{"_jetpack_newsletter_access":"","_jetpack_dont_email_post_to_subs":false,"_jetpack_newsletter_tier_id":0,"_jetpack_memberships_contains_paywalled_content":false,"_jetpack_memberships_contains_paid_content":false,"footnotes":""},"categories":[54],"tags":[],"class_list":["post-21348","post","type-post","status-publish","format-standard","hentry","category-medios"],"jetpack_featured_media_url":"","jetpack_shortlink":"https:\/\/wp.me\/p2JWE0-5yk","jetpack-related-posts":[{"id":119599,"url":"https:\/\/www.24baires.com\/?p=119599","url_meta":{"origin":21348,"position":0},"title":"El gabinete denunci\u00f3 la intenci\u00f3n de proscribir electoralmente a Cristina","author":"AF","date":"30\/11\/2022","format":false,"excerpt":"De Juan Manzur a Wado de Pedro, las frases que dej\u00f3 la reuni\u00f3n de ministros sobre el juicio contra la vicepresidenta. Desde la oposici\u00f3n, Larreta se subi\u00f3 a la ola de criticas por derecha: \"Decir que un tribunal de la democracia es un pelot\u00f3n de fusilamiento es una verg\u00fcenza\". Tras\u2026","rel":"","context":"En \u00abPol\u00edtica\u00bb","block_context":{"text":"Pol\u00edtica","link":"https:\/\/www.24baires.com\/?cat=51"},"img":{"alt_text":"","src":"https:\/\/i0.wp.com\/www.24baires.com\/wp-content\/uploads\/2022\/09\/cristinakirchnerjpg.jpg?resize=350%2C200","width":350,"height":200,"srcset":"https:\/\/i0.wp.com\/www.24baires.com\/wp-content\/uploads\/2022\/09\/cristinakirchnerjpg.jpg?resize=350%2C200 1x, https:\/\/i0.wp.com\/www.24baires.com\/wp-content\/uploads\/2022\/09\/cristinakirchnerjpg.jpg?resize=525%2C300 1.5x, https:\/\/i0.wp.com\/www.24baires.com\/wp-content\/uploads\/2022\/09\/cristinakirchnerjpg.jpg?resize=700%2C400 2x"},"classes":[]},{"id":1634,"url":"https:\/\/www.24baires.com\/?p=1634","url_meta":{"origin":21348,"position":1},"title":"\u00abNo podemos vivir en una sociedad en la que unos cumplan la ley y otros la violenten\u00bb","author":"AF","date":"10\/10\/2012","format":false,"excerpt":"La presidenta Cristina Fern\u00e1ndez de Kirchner asegur\u00f3 que \"de qu\u00e9 cepo del d\u00f3lar est\u00e1n hablando, lo \u00fanico que hay es cepo democr\u00e1tico para el cumplimiento de la ley\". La presidente Cristina Fern\u00e1ndez de Kirchner asegur\u00f3 este mi\u00e9rcoles que \"la ley debe ser igual para todos, no podemos vivir en una\u2026","rel":"","context":"En \u00abMedios\u00bb","block_context":{"text":"Medios","link":"https:\/\/www.24baires.com\/?cat=54"},"img":{"alt_text":"","src":"","width":0,"height":0},"classes":[]},{"id":111980,"url":"https:\/\/www.24baires.com\/?p=111980","url_meta":{"origin":21348,"position":2},"title":"\u00abCada vez que se aplican pol\u00edticas neoliberales el pa\u00eds termina en crisis\u00bb","author":"AF","date":"07\/09\/2019","format":false,"excerpt":"La exmandataria y candidata a la vicepresidencia del Frente de Todos cuestion\u00f3 el acuerdo firmado entre el gobierno de Macri y el FMI. \"Nunca se vio algo igual, un presidente nos endeud\u00f3 por 57 mil millones\". Cristina Kirchner presenta su libro en Misiones en el d\u00eda que se dio inicio\u2026","rel":"","context":"En \u00abPol\u00edtica\u00bb","block_context":{"text":"Pol\u00edtica","link":"https:\/\/www.24baires.com\/?cat=51"},"img":{"alt_text":"","src":"https:\/\/i0.wp.com\/www.24baires.com\/wp-content\/uploads\/2019\/05\/cristina-sinceramente.jpeg?resize=350%2C200","width":350,"height":200,"srcset":"https:\/\/i0.wp.com\/www.24baires.com\/wp-content\/uploads\/2019\/05\/cristina-sinceramente.jpeg?resize=350%2C200 1x, https:\/\/i0.wp.com\/www.24baires.com\/wp-content\/uploads\/2019\/05\/cristina-sinceramente.jpeg?resize=525%2C300 1.5x"},"classes":[]},{"id":119612,"url":"https:\/\/www.24baires.com\/?p=119612","url_meta":{"origin":21348,"position":3},"title":"Cristina, tras el fallo: \u00abNo voy a ser candidata a nada en 2023\u00bb","author":"AF","date":"06\/12\/2022","format":false,"excerpt":"La condena del TOF 2 no obedece a un \"lawfare ni a un partido judicial\", asegur\u00f3 la ex mandataria en redes sociales, quien justific\u00f3 sus dichos sobre la \"mafia judicial\" se\u00f1alando que la \"confirmaci\u00f3n\" de esa situaci\u00f3n fue la filtraci\u00f3n de un viaje de exfuncionarios, magistrados y exagentes de inteligencia\u2026","rel":"","context":"En \u00abJUDICIALES\u00bb","block_context":{"text":"JUDICIALES","link":"https:\/\/www.24baires.com\/?cat=68"},"img":{"alt_text":"","src":"https:\/\/i0.wp.com\/www.24baires.com\/wp-content\/uploads\/2021\/10\/cristina.jpg?resize=350%2C200","width":350,"height":200,"srcset":"https:\/\/i0.wp.com\/www.24baires.com\/wp-content\/uploads\/2021\/10\/cristina.jpg?resize=350%2C200 1x, https:\/\/i0.wp.com\/www.24baires.com\/wp-content\/uploads\/2021\/10\/cristina.jpg?resize=525%2C300 1.5x, https:\/\/i0.wp.com\/www.24baires.com\/wp-content\/uploads\/2021\/10\/cristina.jpg?resize=700%2C400 2x"},"classes":[]},{"id":119663,"url":"https:\/\/www.24baires.com\/?p=119663","url_meta":{"origin":21348,"position":4},"title":"\u201cAc\u00e1 no hay renunciamiento ni autoexclusi\u00f3n, hay proscripci\u00f3n\u201d","author":"AF","date":"27\/12\/2022","format":false,"excerpt":"\"No es ni renunciamiento ni autoexclusi\u00f3n, es proscripci\u00f3n\". Con estas palabras, Cristina Fern\u00e1ndez de Kirchner reapareci\u00f3 p\u00fablicamente por primera vez desde la condena a seis a\u00f1os de prisi\u00f3n (e inhabilitaci\u00f3n perpetua para ejercer cargos p\u00fablicos) y ratific\u00f3 el paso al costado que hab\u00eda dado, hace tres semanas, respecto a una\u2026","rel":"","context":"En \u00abPol\u00edtica\u00bb","block_context":{"text":"Pol\u00edtica","link":"https:\/\/www.24baires.com\/?cat=51"},"img":{"alt_text":"","src":"https:\/\/i0.wp.com\/www.24baires.com\/wp-content\/uploads\/2022\/12\/cfk-ferraresi.jpg?resize=350%2C200","width":350,"height":200,"srcset":"https:\/\/i0.wp.com\/www.24baires.com\/wp-content\/uploads\/2022\/12\/cfk-ferraresi.jpg?resize=350%2C200 1x, https:\/\/i0.wp.com\/www.24baires.com\/wp-content\/uploads\/2022\/12\/cfk-ferraresi.jpg?resize=525%2C300 1.5x, https:\/\/i0.wp.com\/www.24baires.com\/wp-content\/uploads\/2022\/12\/cfk-ferraresi.jpg?resize=700%2C400 2x"},"classes":[]},{"id":94415,"url":"https:\/\/www.24baires.com\/?p=94415","url_meta":{"origin":21348,"position":5},"title":"\u201cSiempre estuve en contra del 2\u00d71\u201d, dijo Macri","author":"GB","date":"10\/05\/2017","format":false,"excerpt":"El Presidente habl\u00f3 por primera vez del fallo de la Corte y dijo que no avala \u201cninguna ley que beneficie la impunidad\u201d El presidente Mauricio Macri habl\u00f3 por primera vez del fallo de la Corte en favor del 2\u00d71 para condenados por delitos de lesa humanidad y dijo que \u201csiempre\u201d\u2026","rel":"","context":"En \u00abPol\u00edtica\u00bb","block_context":{"text":"Pol\u00edtica","link":"https:\/\/www.24baires.com\/?cat=51"},"img":{"alt_text":"","src":"https:\/\/i0.wp.com\/www.24baires.com\/wp-content\/uploads\/2017\/02\/macri-conferencia.jpg?resize=350%2C200","width":350,"height":200,"srcset":"https:\/\/i0.wp.com\/www.24baires.com\/wp-content\/uploads\/2017\/02\/macri-conferencia.jpg?resize=350%2C200 1x, https:\/\/i0.wp.com\/www.24baires.com\/wp-content\/uploads\/2017\/02\/macri-conferencia.jpg?resize=525%2C300 1.5x"},"classes":[]}],"jetpack_sharing_enabled":true,"jetpack_likes_enabled":true,"_links":{"self":[{"href":"https:\/\/www.24baires.com\/index.php?rest_route=\/wp\/v2\/posts\/21348","targetHints":{"allow":["GET"]}}],"collection":[{"href":"https:\/\/www.24baires.com\/index.php?rest_route=\/wp\/v2\/posts"}],"about":[{"href":"https:\/\/www.24baires.com\/index.php?rest_route=\/wp\/v2\/types\/post"}],"author":[{"embeddable":true,"href":"https:\/\/www.24baires.com\/index.php?rest_route=\/wp\/v2\/users\/4"}],"replies":[{"embeddable":true,"href":"https:\/\/www.24baires.com\/index.php?rest_route=%2Fwp%2Fv2%2Fcomments&post=21348"}],"version-history":[{"count":3,"href":"https:\/\/www.24baires.com\/index.php?rest_route=\/wp\/v2\/posts\/21348\/revisions"}],"predecessor-version":[{"id":21432,"href":"https:\/\/www.24baires.com\/index.php?rest_route=\/wp\/v2\/posts\/21348\/revisions\/21432"}],"wp:attachment":[{"href":"https:\/\/www.24baires.com\/index.php?rest_route=%2Fwp%2Fv2%2Fmedia&parent=21348"}],"wp:term":[{"taxonomy":"category","embeddable":true,"href":"https:\/\/www.24baires.com\/index.php?rest_route=%2Fwp%2Fv2%2Fcategories&post=21348"},{"taxonomy":"post_tag","embeddable":true,"href":"https:\/\/www.24baires.com\/index.php?rest_route=%2Fwp%2Fv2%2Ftags&post=21348"}],"curies":[{"name":"wp","href":"https:\/\/api.w.org\/{rel}","templated":true}]}}