{"id":21314,"date":"2013-04-18T12:32:46","date_gmt":"2013-04-18T15:32:46","guid":{"rendered":"http:\/\/www.24baires.com\/?p=21314"},"modified":"2013-04-19T21:07:30","modified_gmt":"2013-04-20T00:07:30","slug":"sabbatella-este-fallo-busca-destrozar-el-espiritu-antimonopolico-de-la-ley-de-medios","status":"publish","type":"post","link":"https:\/\/www.24baires.com\/?p=21314","title":{"rendered":"Sabbatella: \u00abEste fallo busca destrozar el esp\u00edritu antimonop\u00f3lico de la ley de medios\u00bb"},"content":{"rendered":"<p><img data-recalc-dims=\"1\" loading=\"lazy\" decoding=\"async\" class=\"aligncenter size-full wp-image-6929\" alt=\"sabatella locura\" src=\"https:\/\/i0.wp.com\/www.24baires.com\/wp-content\/uploads\/2012\/11\/sabatella-locura.jpg?resize=560%2C335\" width=\"560\" height=\"335\" srcset=\"https:\/\/i0.wp.com\/www.24baires.com\/wp-content\/uploads\/2012\/11\/sabatella-locura.jpg?w=560&amp;ssl=1 560w, https:\/\/i0.wp.com\/www.24baires.com\/wp-content\/uploads\/2012\/11\/sabatella-locura.jpg?resize=300%2C179&amp;ssl=1 300w\" sizes=\"auto, (max-width: 560px) 100vw, 560px\" \/>El titular de la Autoridad Federal de Servicios de Comunicaci\u00f3n Audiovisual asegur\u00f3 que con su fallo, la C\u00e1mara Civil y Comercial \u00abbusca destrozar el esp\u00edritu antimonop\u00f3lico de la ley de Medios\u00bb.<!--more--><br \/>\n\u00abEl fallo destroza los l\u00edmites, desvirt\u00faa el esp\u00edritu antimonop\u00f3lico de la ley y construyen otra ley que defiende los intereses corporativos por sobre los derechos colectivos\u00bb, asegur\u00f3 el titular de la AFSCA en conferencia de prensa.<\/p>\n<p>El titular del AFSCA, Mart\u00edn Sabbatella, le pidi\u00f3 a la Corte Suprema de Justicia \u00abceleridad\u00bb para resolver la cuesti\u00f3n planteada tras el fallo de la sala I de la C\u00e1mara Civil y Comercial Federal.<\/p>\n<p>\u00abEl gobierno se est\u00e1 preparando para realizar una presentaci\u00f3n ante la Corte Suprema y pedimos que resuelva r\u00e1pidamente, con celeridad, la misma que la Corte le pidi\u00f3 a la C\u00e1mara, porque se trata de una situaci\u00f3n de gravedad institucional debido a que hay una ley aprobada hace m\u00e1s de 3 a\u00f1os por el Parlamento y no se puede aplicar integralmente\u00bb, dijo el titular de la Afsca en una rueda de prensa.<\/p>\n<p>&nbsp;<\/p>\n<p>&nbsp;<\/p>\n<p>&nbsp;<\/p>\n<p>&nbsp;<\/p>\n<p>&nbsp;<\/p>\n<p>&nbsp;<\/p>\n<p>&nbsp;<\/p>\n<p>&nbsp;<\/p>\n<p>&nbsp;<\/p>\n<p>&nbsp;<\/p>\n<p>&nbsp;<\/p>\n<p>&nbsp;<\/p>\n<p>&nbsp;<\/p>\n<p>&nbsp;<\/p>\n<p>&nbsp;<\/p>\n<p>&nbsp;<\/p>\n","protected":false},"excerpt":{"rendered":"<p>El titular de la Autoridad Federal de Servicios de Comunicaci\u00f3n Audiovisual asegur\u00f3 que con su fallo, la C\u00e1mara Civil y Comercial \u00abbusca destrozar el esp\u00edritu antimonop\u00f3lico de la ley de Medios\u00bb.<\/p>\n","protected":false},"author":4,"featured_media":0,"comment_status":"open","ping_status":"open","sticky":false,"template":"","format":"standard","meta":{"_jetpack_newsletter_access":"","_jetpack_dont_email_post_to_subs":false,"_jetpack_newsletter_tier_id":0,"_jetpack_memberships_contains_paywalled_content":false,"_jetpack_memberships_contains_paid_content":false,"footnotes":""},"categories":[54],"tags":[],"class_list":["post-21314","post","type-post","status-publish","format-standard","hentry","category-medios"],"jetpack_featured_media_url":"","jetpack_shortlink":"https:\/\/wp.me\/p2JWE0-5xM","jetpack-related-posts":[{"id":13164,"url":"https:\/\/www.24baires.com\/?p=13164","url_meta":{"origin":21314,"position":0},"title":"\u00abEs una norma democr\u00e1tica y antimonop\u00f3lica que busca condiciones igualitarias\u00bb, dijo Sabbatella de la Ley de Medios","author":"AF","date":"22\/01\/2013","format":false,"excerpt":"El titular de la Afsca, Mart\u00edn Sabbatella, afirm\u00f3 que la ley de medios \"debe aplicarse integralmente\" para todas las empresas. Tras las presentaci\u00f3n del Gobierno ante la C\u00e1mara Nacional en lo Civil y Comercial de los fundamentos por los cuales considera que el grupo Clar\u00edn \"no tiene legitimidad\" para apelar\u2026","rel":"","context":"En \u00abMedios\u00bb","block_context":{"text":"Medios","link":"https:\/\/www.24baires.com\/?cat=54"},"img":{"alt_text":"","src":"","width":0,"height":0},"classes":[]},{"id":26089,"url":"https:\/\/www.24baires.com\/?p=26089","url_meta":{"origin":21314,"position":1},"title":"Sabbatella pide \u201cceleridad\u201d a la Corte Suprema","author":"Grupo Sierra","date":"16\/06\/2013","format":false,"excerpt":"\u201cLa ley de Medios avanza, a pesar de la acci\u00f3n judicial del Grupo Clar\u00edn y la cantidad de maniobras pol\u00edticas, comunicacionales y judiciales que buscan extender los tiempos para sostener su situaci\u00f3n de privilegio y as\u00ed dilatar la aplicaci\u00f3n integral de la norma\u201d, asegur\u00f3 el titular de la Autoridad Federal\u2026","rel":"","context":"En \u00abMedios\u00bb","block_context":{"text":"Medios","link":"https:\/\/www.24baires.com\/?cat=54"},"img":{"alt_text":"","src":"","width":0,"height":0},"classes":[]},{"id":38880,"url":"https:\/\/www.24baires.com\/?p=38880","url_meta":{"origin":21314,"position":2},"title":"Sabbatella: \u00abClar\u00edn empez\u00f3 a entender que la Argentina tiene reglas y debe cumplirlas\u00bb","author":"GB","date":"20\/01\/2014","format":false,"excerpt":"El titular de la Afsca, Mart\u00edn Sabbatella, afirm\u00f3 que \"si Clar\u00edn realmente quiere estar adentro de la ley (de Servicios de Comunicaci\u00f3n Audiovisual) tiene que adecuar la grilla de su sistema de cable\". \"Sin cumplimiento de la grilla no hay plan de adecuaci\u00f3n posible. Somos muy claros en ese tema.\u2026","rel":"","context":"En \u00abMedios\u00bb","block_context":{"text":"Medios","link":"https:\/\/www.24baires.com\/?cat=54"},"img":{"alt_text":"sabbatella post fallo","src":"https:\/\/i0.wp.com\/www.24baires.com\/wp-content\/uploads\/2012\/12\/sabbatella-post-fallo-300x200.jpg?resize=350%2C200","width":350,"height":200},"classes":[]},{"id":21276,"url":"https:\/\/www.24baires.com\/?p=21276","url_meta":{"origin":21314,"position":3},"title":"\u00abLa C\u00e1mara se ocup\u00f3 de beneficiar al Grupo Clar\u00edn\u00bb afirm\u00f3 Sabbatella","author":"Grupo Sierra","date":"17\/04\/2013","format":false,"excerpt":"El titular del Afsca, Mart\u00edn Sabbatella, se refiri\u00f3 al fallo de la C\u00e1mara Civil y Comercial que contin\u00faa resguardando los intereses del grupo monop\u00f3lico de medios de comunicaci\u00f3n. El titular de la Afsca, Mart\u00edn Sabbatella, asegur\u00f3 hoy que el organismo acudir\u00e1 a la Corte Suprema \"para que resuelva r\u00e1pidamente\" acerca\u2026","rel":"","context":"En \u00abMedios\u00bb","block_context":{"text":"Medios","link":"https:\/\/www.24baires.com\/?cat=54"},"img":{"alt_text":"sabbatella mendoza","src":"https:\/\/i0.wp.com\/www.24baires.com\/wp-content\/uploads\/2012\/11\/sabbatella-mendoza.jpg?resize=350%2C200","width":350,"height":200,"srcset":"https:\/\/i0.wp.com\/www.24baires.com\/wp-content\/uploads\/2012\/11\/sabbatella-mendoza.jpg?resize=350%2C200 1x, https:\/\/i0.wp.com\/www.24baires.com\/wp-content\/uploads\/2012\/11\/sabbatella-mendoza.jpg?resize=525%2C300 1.5x"},"classes":[]},{"id":10656,"url":"https:\/\/www.24baires.com\/?p=10656","url_meta":{"origin":21314,"position":4},"title":"Pedir\u00e1n a la Corte y a la C\u00e1mara que se habilite la feria judicial por la Ley de Medios","author":"Grupo Sierra","date":"28\/12\/2012","format":false,"excerpt":"La AFSCA solicitar\u00e1 hoy formalmente a la Corte Suprema y a la C\u00e1mara Federal Civil y Comercial que se habilite la feria judicial durante el mes de enero para resolver con \"celeridad\" la causa sobre la ley de medios. As\u00ed lo confirm\u00f3 el titular del AFSCA, Mart\u00edn Sabbatella, quien inform\u00f3\u2026","rel":"","context":"En \u00abMedios\u00bb","block_context":{"text":"Medios","link":"https:\/\/www.24baires.com\/?cat=54"},"img":{"alt_text":"","src":"","width":0,"height":0},"classes":[]},{"id":23178,"url":"https:\/\/www.24baires.com\/?p=23178","url_meta":{"origin":21314,"position":5},"title":"La AFSCA apel\u00f3 ante la Corte Suprema contra el \u00faltimo fallo","author":"AF","date":"10\/05\/2013","format":false,"excerpt":"La Autoridad Federal de Servicios de Comunicaci\u00f3n Audiovisual (AFSCA) present\u00f3 este viernes el recurso extraordinario federal ante la Corte Suprema de Justicia de la Naci\u00f3n contra el \u00faltimo fallo de la C\u00e1mara de Apelaciones en lo Civil y Comercial Federal sobre la ley de Servicios de Comunicaci\u00f3n Audiovisual. As\u00ed lo\u2026","rel":"","context":"En \u00abMedios\u00bb","block_context":{"text":"Medios","link":"https:\/\/www.24baires.com\/?cat=54"},"img":{"alt_text":"sabbatella fallo","src":"https:\/\/i0.wp.com\/www.24baires.com\/wp-content\/uploads\/2012\/12\/sabbatella-fallo-300x200.jpg?resize=350%2C200","width":350,"height":200},"classes":[]}],"jetpack_sharing_enabled":true,"jetpack_likes_enabled":true,"_links":{"self":[{"href":"https:\/\/www.24baires.com\/index.php?rest_route=\/wp\/v2\/posts\/21314","targetHints":{"allow":["GET"]}}],"collection":[{"href":"https:\/\/www.24baires.com\/index.php?rest_route=\/wp\/v2\/posts"}],"about":[{"href":"https:\/\/www.24baires.com\/index.php?rest_route=\/wp\/v2\/types\/post"}],"author":[{"embeddable":true,"href":"https:\/\/www.24baires.com\/index.php?rest_route=\/wp\/v2\/users\/4"}],"replies":[{"embeddable":true,"href":"https:\/\/www.24baires.com\/index.php?rest_route=%2Fwp%2Fv2%2Fcomments&post=21314"}],"version-history":[{"count":3,"href":"https:\/\/www.24baires.com\/index.php?rest_route=\/wp\/v2\/posts\/21314\/revisions"}],"predecessor-version":[{"id":21316,"href":"https:\/\/www.24baires.com\/index.php?rest_route=\/wp\/v2\/posts\/21314\/revisions\/21316"}],"wp:attachment":[{"href":"https:\/\/www.24baires.com\/index.php?rest_route=%2Fwp%2Fv2%2Fmedia&parent=21314"}],"wp:term":[{"taxonomy":"category","embeddable":true,"href":"https:\/\/www.24baires.com\/index.php?rest_route=%2Fwp%2Fv2%2Fcategories&post=21314"},{"taxonomy":"post_tag","embeddable":true,"href":"https:\/\/www.24baires.com\/index.php?rest_route=%2Fwp%2Fv2%2Ftags&post=21314"}],"curies":[{"name":"wp","href":"https:\/\/api.w.org\/{rel}","templated":true}]}}