{"id":2130,"date":"2012-10-13T12:51:47","date_gmt":"2012-10-13T15:51:47","guid":{"rendered":"http:\/\/www.24baires.com\/?p=2130"},"modified":"2012-10-13T12:51:47","modified_gmt":"2012-10-13T15:51:47","slug":"concurso-de-fotografia-intergeneracional-para-alumnos-de-secundario","status":"publish","type":"post","link":"https:\/\/www.24baires.com\/?p=2130","title":{"rendered":"Concurso de fotograf\u00eda \u00abintergeneracional\u00bb para alumnos de secundario"},"content":{"rendered":"<p>El Instituto de Previsi\u00f3n Social (IPS) conjuntamente con la direcci\u00f3n General de Cultura y Educaci\u00f3n, pusieron en marcha un concurso de fotograf\u00eda destinado a los alumnos de escuelas p\u00fablicas y privadas de nivel secundario de toda la Provincia. Los ganadores recibir\u00e1n premios para sus colegios y las im\u00e1genes seleccionadas conformar\u00e1n el calendario 2013 del Instituto.<!--more--><\/p>\n<p>El presidente del IPS, Mariano Cascallares, precis\u00f3 que \u201ceste a\u00f1o estamos convocando a los chicos del secundario en la Provincia a que env\u00eden fotos de sus abuelos fortaleciendo de ese modo el lazo intergeneracional que da sustento al sistema p\u00fablico, solidario y de reparto para la seguridad social\u201d.<\/p>\n<p>Se espera que el concurso contribuya a que los j\u00f3venes construyan una mirada positiva sobre los adultos mayores, al mismo tiempo que puedan incorporar a la previsi\u00f3n social como un elemento clave de la vida laboral.<\/p>\n<p>Esta es la tercera edici\u00f3n anual del concurso de fotograf\u00edas del IPS. El lema es: \u201cSacale una foto a tus abuelos y gan\u00e1 premios para vos y tu escuela\u201d. Las bases y condiciones figuran en el portal www.ips.gba.gov.ar y las im\u00e1genes deber\u00e1n ser enviadas al mail: concursofotosips@gmail.com<\/p>\n<p>Hay tiempo para participar hasta el pr\u00f3ximo mi\u00e9rcoles 31 de octubre de 2012. El concurso de realiza en forma conjunta entre el IPS y la direcci\u00f3n General de Cultura y Educaci\u00f3n que conduce Nora De Luc\u00eda.<\/p>\n<p>Se inform\u00f3 que los tres principales premios constar\u00e1n en la adquisici\u00f3n de una PC para las escuelas de los alumnos ganadores. Adem\u00e1s se otorgar\u00e1 una c\u00e1mara digital compacta para el alumno ganador del primer premio, junto a una decena de menciones honor\u00edficas.<\/p>\n","protected":false},"excerpt":{"rendered":"<p>El Instituto de Previsi\u00f3n Social (IPS) conjuntamente con la direcci\u00f3n General de Cultura y Educaci\u00f3n, pusieron en marcha un concurso de fotograf\u00eda destinado a los alumnos de escuelas p\u00fablicas y privadas de nivel secundario de toda la Provincia. Los ganadores recibir\u00e1n premios para sus colegios y las im\u00e1genes seleccionadas conformar\u00e1n el calendario 2013 del Instituto.<\/p>\n","protected":false},"author":4,"featured_media":0,"comment_status":"open","ping_status":"open","sticky":false,"template":"","format":"standard","meta":{"_jetpack_newsletter_access":"","_jetpack_dont_email_post_to_subs":false,"_jetpack_newsletter_tier_id":0,"_jetpack_memberships_contains_paywalled_content":false,"_jetpack_memberships_contains_paid_content":false,"footnotes":""},"categories":[40],"tags":[],"class_list":["post-2130","post","type-post","status-publish","format-standard","hentry","category-provincia"],"jetpack_featured_media_url":"","jetpack_shortlink":"https:\/\/wp.me\/p2JWE0-ym","jetpack-related-posts":[{"id":4481,"url":"https:\/\/www.24baires.com\/?p=4481","url_meta":{"origin":2130,"position":0},"title":"Jubilados y pensionados de la Provincia recibieron por mail y SMS la fecha de cobro de sus haberes","author":"AF","date":"05\/11\/2012","format":false,"excerpt":"Unos 12.443 jubilados y pensionados del Instituto de Previsi\u00f3n Social (IPS) de la Provincia de Buenos Aires comenzaron a recibir por primera vez la fecha de cobro de sus haberes por medio de mensajes de texto a su celular y de mails. Son los que ya se sumaron al censo\u2026","rel":"","context":"En \u00abSociedad\u00bb","block_context":{"text":"Sociedad","link":"https:\/\/www.24baires.com\/?cat=1"},"img":{"alt_text":"","src":"","width":0,"height":0},"classes":[]},{"id":102225,"url":"https:\/\/www.24baires.com\/?p=102225","url_meta":{"origin":2130,"position":1},"title":"IPS en alerta ante posible avanzada sobre caja jubilatoria","author":"AF","date":"18\/05\/2018","format":false,"excerpt":"Los directores gremiales del Instituto de Previsi\u00f3n Social (IPS) reiteraron en las \u00faltimas horas que el organismo \"es superavitario\", pero advirtieron que el Gobierno busca \"desfinanciarlo\", cuando se reactivan versiones sobre una posible reforma de la caja de jubilaciones bonaerense. \"Los trabajadores de la provincia de Buenos Aires, junto al\u2026","rel":"","context":"En \u00abSociedad\u00bb","block_context":{"text":"Sociedad","link":"https:\/\/www.24baires.com\/?cat=1"},"img":{"alt_text":"","src":"https:\/\/i0.wp.com\/www.24baires.com\/wp-content\/uploads\/2017\/12\/ips.jpg?resize=350%2C200","width":350,"height":200,"srcset":"https:\/\/i0.wp.com\/www.24baires.com\/wp-content\/uploads\/2017\/12\/ips.jpg?resize=350%2C200 1x, https:\/\/i0.wp.com\/www.24baires.com\/wp-content\/uploads\/2017\/12\/ips.jpg?resize=525%2C300 1.5x"},"classes":[]},{"id":64940,"url":"https:\/\/www.24baires.com\/?p=64940","url_meta":{"origin":2130,"position":2},"title":"A partir del mi\u00e9rcoles cobrar\u00e1n jubilados y pensionados del IPS","author":"AF","date":"27\/04\/2015","format":false,"excerpt":"El Instituto de Previsi\u00f3n Social (IPS) inform\u00f3 que los jubilados y pensionados de la provincia de Buenos Aires percibir\u00e1n entre el mi\u00e9rcoles 29 y jueves 30 los haberes correspondientes a abril. Seg\u00fan el cronograma de pago, el mi\u00e9rcoles cobrar\u00e1n los beneficiarios cuyos documentos terminen en 0, 1, 2 y 3;\u2026","rel":"","context":"En \u00abSociedad\u00bb","block_context":{"text":"Sociedad","link":"https:\/\/www.24baires.com\/?cat=1"},"img":{"alt_text":"ips","src":"https:\/\/i0.wp.com\/www.24baires.com\/wp-content\/uploads\/2013\/06\/ips.png?resize=350%2C200","width":350,"height":200},"classes":[]},{"id":115397,"url":"https:\/\/www.24baires.com\/?p=115397","url_meta":{"origin":2130,"position":3},"title":"Jubilados y pensionados del IPS cobrar\u00e1n el medio aguinaldo completo","author":"GB","date":"19\/06\/2020","format":false,"excerpt":"El Poder Ejecutivo dio a conocer el cronograma de pagos para el mes junio. Mientras los gremios rechazaron la decisi\u00f3n del Gobierno bonaerense pagar el aguinaldo en cuotas a trabajadores estatales con salarios mayores a 80 mil pesos, este viernes se confirm\u00f3 que los jubilados y pensionados del Instituto de\u2026","rel":"","context":"En \u00abProvincia\u00bb","block_context":{"text":"Provincia","link":"https:\/\/www.24baires.com\/?cat=40"},"img":{"alt_text":"","src":"https:\/\/i0.wp.com\/www.24baires.com\/wp-content\/uploads\/2017\/12\/jubilados.jpg?resize=350%2C200","width":350,"height":200,"srcset":"https:\/\/i0.wp.com\/www.24baires.com\/wp-content\/uploads\/2017\/12\/jubilados.jpg?resize=350%2C200 1x, https:\/\/i0.wp.com\/www.24baires.com\/wp-content\/uploads\/2017\/12\/jubilados.jpg?resize=525%2C300 1.5x"},"classes":[]},{"id":100184,"url":"https:\/\/www.24baires.com\/?p=100184","url_meta":{"origin":2130,"position":4},"title":"Tras la pol\u00e9mica, el Gobierno bonaerense asegur\u00f3 que la reforma en el IPS \u201cno existe\u201d","author":"GB","date":"26\/01\/2018","format":false,"excerpt":"Lo indic\u00f3 el jefe de Gabinete bonaerense, quien desech\u00f3 la posibilidad de una reforma previsional. Asegur\u00f3 que ni siquiera estuvo la intenci\u00f3n de avanzar en ese sentido. Federico Salvai habl\u00f3 sobre la reforma del IPS y asegur\u00f3 que \u201cno hubo ni hay ninguna intenci\u00f3n de parte del Gobierno de discutir\u2026","rel":"","context":"En \u00abProvincia\u00bb","block_context":{"text":"Provincia","link":"https:\/\/www.24baires.com\/?cat=40"},"img":{"alt_text":"","src":"","width":0,"height":0},"classes":[]},{"id":47149,"url":"https:\/\/www.24baires.com\/?p=47149","url_meta":{"origin":2130,"position":5},"title":"Mar del Plata: capacitan a participantes del concurso \u00abderechos en movimiento\u00bb","author":"GB","date":"01\/06\/2014","format":false,"excerpt":"La Municipalidad de General Pueyrredon (Mar del Plata-Bat\u00e1n), a trav\u00e9s de la Direcci\u00f3n General para la Promoci\u00f3n y Protecci\u00f3n de los Derechos Humanos, particip\u00f3 de la apertura de las jornadas de capacitaci\u00f3n para los participantes del concurso \u201cDerechos en movimiento\u201d, que se lleva adelante en conjunto con la delegaci\u00f3n regional\u2026","rel":"","context":"En \u00abMunicipios\u00bb","block_context":{"text":"Municipios","link":"https:\/\/www.24baires.com\/?cat=44"},"img":{"alt_text":"ddhh mdp","src":"https:\/\/i0.wp.com\/www.24baires.com\/wp-content\/uploads\/2014\/06\/ddhh-mdp-300x225.jpg?resize=350%2C200","width":350,"height":200},"classes":[]}],"jetpack_sharing_enabled":true,"jetpack_likes_enabled":true,"_links":{"self":[{"href":"https:\/\/www.24baires.com\/index.php?rest_route=\/wp\/v2\/posts\/2130","targetHints":{"allow":["GET"]}}],"collection":[{"href":"https:\/\/www.24baires.com\/index.php?rest_route=\/wp\/v2\/posts"}],"about":[{"href":"https:\/\/www.24baires.com\/index.php?rest_route=\/wp\/v2\/types\/post"}],"author":[{"embeddable":true,"href":"https:\/\/www.24baires.com\/index.php?rest_route=\/wp\/v2\/users\/4"}],"replies":[{"embeddable":true,"href":"https:\/\/www.24baires.com\/index.php?rest_route=%2Fwp%2Fv2%2Fcomments&post=2130"}],"version-history":[{"count":0,"href":"https:\/\/www.24baires.com\/index.php?rest_route=\/wp\/v2\/posts\/2130\/revisions"}],"wp:attachment":[{"href":"https:\/\/www.24baires.com\/index.php?rest_route=%2Fwp%2Fv2%2Fmedia&parent=2130"}],"wp:term":[{"taxonomy":"category","embeddable":true,"href":"https:\/\/www.24baires.com\/index.php?rest_route=%2Fwp%2Fv2%2Fcategories&post=2130"},{"taxonomy":"post_tag","embeddable":true,"href":"https:\/\/www.24baires.com\/index.php?rest_route=%2Fwp%2Fv2%2Ftags&post=2130"}],"curies":[{"name":"wp","href":"https:\/\/api.w.org\/{rel}","templated":true}]}}