{"id":21243,"date":"2013-04-17T16:00:00","date_gmt":"2013-04-17T19:00:00","guid":{"rendered":"http:\/\/www.24baires.com\/?p=21243"},"modified":"2013-04-17T14:39:51","modified_gmt":"2013-04-17T17:39:51","slug":"la-tda-sumaria-17-canales-en-trenque-lauquen","status":"publish","type":"post","link":"https:\/\/www.24baires.com\/?p=21243","title":{"rendered":"La TDA sumar\u00eda 17 canales en Trenque Lauquen"},"content":{"rendered":"<p>Ya se encuentran listas las bases de concreto para la instalaci\u00f3n de un segundo transmisor de la misma potencia que el ya instalado que servir\u00e1 para ampliar la propuesta actual.<!--more--><br \/>\nLuego de aproximadamente un a\u00f1o de funcionamiento en Trenque Lauquen, la Televisi\u00f3n Digital Abierta (TDA) podr\u00eda sumar 17 canales, incluyendo se\u00f1ales de los canales de aire de Buenos Aires, la de Canal 12 y de otras emisoras de la regi\u00f3n.<br \/>\nYa se encuentran listas las bases de concreto para la instalaci\u00f3n de un segundo transmisor de la misma potencia que el ya instalado que servir\u00e1 para ampliar la propuesta actual.<br \/>\nEl t\u00e9cnico en primera l\u00ednea de la TDA de Trenque Lauquen, Facundo Andrade, adem\u00e1s explic\u00f3 que hoy por hoy la propuesta est\u00e1 funcionando al cien por ciento de su potencial y que el radio de cobertura de la antena local es de 30 kil\u00f3metros en la planta urbana y de 50 a campo abierto.<br \/>\nCon respecto a los proyectos a futuro, el entrevistado por el diario local, La Opini\u00f3n, inform\u00f3 que \u201cse encuentran listas las bases de concreto para la instalaci\u00f3n de un segundo transmisor de la misma potencia que el que ya est\u00e1 instalado, y un grupo electr\u00f3geno para incrementar al doble la cantidad de canales\u201d, y agreg\u00f3 que con esto \u201cel alcance de la antena ser\u00e1 el mismo porque \u00e9sta ya esta instalada\u201d.<br \/>\nLa antena tiene capacidad para dos transmisores, encontr\u00e1ndose hoy transmitiendo s\u00f3lo uno, de modo \u201ccuando se instale el otro transmisor s\u00f3lo se necesitar\u00e1 la planta transmisora porque la antena ya esta completa\u201d.<br \/>\nAs\u00ed, a futuro \u201cse podr\u00edan incorporar otros 17 canales para televisores m\u00e1s 4 para celulares\u201d. \u201cLa idea seria incorporar las se\u00f1ales de aire de Buenos Aires y las se\u00f1ales locales y de la regi\u00f3n\u201d, detall\u00f3 Andrade, quien tambi\u00e9n coment\u00f3 que \u201cel armado de la se\u00f1al viene desde Buenos Aires, de la base Moreno de la TV Digital\u201d.<\/p>\n<p>&nbsp;<\/p>\n<p>&nbsp;<\/p>\n<p>&nbsp;<\/p>\n<p>&nbsp;<\/p>\n<p>&nbsp;<\/p>\n<p>&nbsp;<\/p>\n<p>&nbsp;<\/p>\n<p>&nbsp;<\/p>\n<p>&nbsp;<\/p>\n<p>&nbsp;<\/p>\n<p>&nbsp;<\/p>\n","protected":false},"excerpt":{"rendered":"<p>Ya se encuentran listas las bases de concreto para la instalaci\u00f3n de un segundo transmisor de la misma potencia que el ya instalado que servir\u00e1 para ampliar la propuesta actual.<\/p>\n","protected":false},"author":4,"featured_media":0,"comment_status":"open","ping_status":"open","sticky":false,"template":"","format":"standard","meta":{"_jetpack_newsletter_access":"","_jetpack_dont_email_post_to_subs":false,"_jetpack_newsletter_tier_id":0,"_jetpack_memberships_contains_paywalled_content":false,"_jetpack_memberships_contains_paid_content":false,"footnotes":""},"categories":[54],"tags":[],"class_list":["post-21243","post","type-post","status-publish","format-standard","hentry","category-medios"],"jetpack_featured_media_url":"","jetpack_shortlink":"https:\/\/wp.me\/p2JWE0-5wD","jetpack-related-posts":[{"id":14100,"url":"https:\/\/www.24baires.com\/?p=14100","url_meta":{"origin":21243,"position":0},"title":"Se consolida el Canal 12 de la TV P\u00fablica Regional en el noroeste de la Provincia","author":"Grupo Sierra","date":"30\/01\/2013","format":false,"excerpt":"TRENQUE LAUQUEN.- Este martes se firm\u00f3 un contrato para la adquisici\u00f3n de un transformador de 250 KVA con la Cooperativa de Electricidad de Trenque Lauquen. El Director de la empresa de comunicaci\u00f3n estatal dialog\u00f3 con Las Radios de Trenque Lauquen, AM 1280 y FM 88.5 Una fuerte apuesta realiza Radio\u2026","rel":"","context":"En \u00abMedios\u00bb","block_context":{"text":"Medios","link":"https:\/\/www.24baires.com\/?cat=54"},"img":{"alt_text":"canal 12 trenque lauquen","src":"https:\/\/i0.wp.com\/www.24baires.com\/wp-content\/uploads\/2013\/01\/canal-12-trenque-lauquen.jpg?resize=350%2C200","width":350,"height":200,"srcset":"https:\/\/i0.wp.com\/www.24baires.com\/wp-content\/uploads\/2013\/01\/canal-12-trenque-lauquen.jpg?resize=350%2C200 1x, https:\/\/i0.wp.com\/www.24baires.com\/wp-content\/uploads\/2013\/01\/canal-12-trenque-lauquen.jpg?resize=525%2C300 1.5x"},"classes":[]},{"id":114265,"url":"https:\/\/www.24baires.com\/?p=114265","url_meta":{"origin":21243,"position":1},"title":"El gobierno decret\u00f3 la emergencia agropecuaria en Trenque Lauquen y General Villegas","author":"GB","date":"02\/03\/2020","format":false,"excerpt":"El gobierno bonaerense public\u00f3 en el Bolet\u00edn Oficial la declaraci\u00f3n de emergencia en la zona norte de la provincia. La emergencia fue prorrogada para el partido de Trenque Lauquen. El gobierno de la Provincia decret\u00f3 el estado de emergencia agropecuaria en la zona de General Villegas y el partido de\u2026","rel":"","context":"En \u00abProvincia\u00bb","block_context":{"text":"Provincia","link":"https:\/\/www.24baires.com\/?cat=40"},"img":{"alt_text":"","src":"https:\/\/i0.wp.com\/www.24baires.com\/wp-content\/uploads\/2013\/01\/trenque-lauquen-inundado.png?resize=350%2C200","width":350,"height":200},"classes":[]},{"id":3398,"url":"https:\/\/www.24baires.com\/?p=3398","url_meta":{"origin":21243,"position":2},"title":"Dur\u00edsima arremetida de Pablo Zurro contra el Colegio de Abogados de Trenque Lauquen","author":"Grupo Sierra","date":"26\/10\/2012","format":false,"excerpt":"El Intendente de Pehuaj\u00f3, Pablo Zurro, en declaraciones que formul\u00f3 a LU91 TV Canal 12, la Televisi\u00f3n P\u00fablica Regional, a ra\u00edz de un documento dado a conocer por el colegio que n\u00faclea a los abogados de los 13 distritos que componen el Departamento Judicial de Trenque Lauquen tuvo dur\u00edsimos conceptos\u2026","rel":"","context":"En \u00abLocales\u00bb","block_context":{"text":"Locales","link":"https:\/\/www.24baires.com\/?cat=38"},"img":{"alt_text":"","src":"https:\/\/i0.wp.com\/www.24baires.com\/wp-content\/uploads\/2012\/10\/Zurro-pablo-300x221.jpg?resize=350%2C200","width":350,"height":200},"classes":[]},{"id":101730,"url":"https:\/\/www.24baires.com\/?p=101730","url_meta":{"origin":21243,"position":3},"title":"Sesi\u00f3n por emergencia tarifaria termin\u00f3 con agresiones a ediles en Trenque Lauqen","author":"GB","date":"22\/04\/2018","format":false,"excerpt":"La primera sesi\u00f3n del a\u00f1o en el Concejo Deliberante de Trenque Lauquen termin\u00f3 ayer con una in\u00e9dita trifulca que incluy\u00f3 insultos y agresiones f\u00edsicas contra ediles de Cambiemos, luego de que esa fuerza pol\u00edtica frustrara la aprobaci\u00f3n de un proyecto de resoluci\u00f3n del kirchnerismo para declarar la emergencia tarifaria en\u2026","rel":"","context":"En \u00abMunicipios\u00bb","block_context":{"text":"Municipios","link":"https:\/\/www.24baires.com\/?cat=44"},"img":{"alt_text":"","src":"https:\/\/i0.wp.com\/www.24baires.com\/wp-content\/uploads\/2018\/04\/sesion-trenque-launquen-300x200.jpeg?resize=350%2C200","width":350,"height":200},"classes":[]},{"id":122711,"url":"https:\/\/www.24baires.com\/?p=122711","url_meta":{"origin":21243,"position":4},"title":"Nueve localidades de la provincia de Buenos Aires est\u00e1n sin luz","author":"GB","date":"28\/11\/2025","format":false,"excerpt":"Debido a una sobrecarga que tuvo lugar en la localidad de Henderson, varias localidades quedaron sin suministro el\u00e9ctrico. La empresa a\u00fan no pudo resolver el problema. En el interior de la provincia de Buenos Aires se registr\u00f3 un corte de luz que dej\u00f3 a varias localidades sin suministro desde las\u2026","rel":"","context":"En \u00abMunicipios\u00bb","block_context":{"text":"Municipios","link":"https:\/\/www.24baires.com\/?cat=44"},"img":{"alt_text":"","src":"https:\/\/i0.wp.com\/www.24baires.com\/wp-content\/uploads\/2016\/05\/electricidad.jpg?resize=350%2C200","width":350,"height":200,"srcset":"https:\/\/i0.wp.com\/www.24baires.com\/wp-content\/uploads\/2016\/05\/electricidad.jpg?resize=350%2C200 1x, https:\/\/i0.wp.com\/www.24baires.com\/wp-content\/uploads\/2016\/05\/electricidad.jpg?resize=525%2C300 1.5x, https:\/\/i0.wp.com\/www.24baires.com\/wp-content\/uploads\/2016\/05\/electricidad.jpg?resize=700%2C400 2x"},"classes":[]},{"id":96505,"url":"https:\/\/www.24baires.com\/?p=96505","url_meta":{"origin":21243,"position":5},"title":"Trenque Lauquen: denuncian rotura intencional de una compuerta","author":"AF","date":"07\/08\/2017","format":false,"excerpt":"La municipalidad de Trenque Lauquen realiz\u00f3 una denuncia penal por la rotura \u201cintencional\u201d de las compuertas que regulan la salida de agua de la laguna Cuero de Zorro y el ingreso a un canal. En las \u00faltimas horas, junto al Gobierno provincial, trabajaba en la reparaci\u00f3n de las mismas. La\u2026","rel":"","context":"En \u00abLocales\u00bb","block_context":{"text":"Locales","link":"https:\/\/www.24baires.com\/?cat=38"},"img":{"alt_text":"","src":"https:\/\/i0.wp.com\/www.24baires.com\/wp-content\/uploads\/2017\/08\/inunda-trenque.jpg?resize=350%2C200","width":350,"height":200,"srcset":"https:\/\/i0.wp.com\/www.24baires.com\/wp-content\/uploads\/2017\/08\/inunda-trenque.jpg?resize=350%2C200 1x, https:\/\/i0.wp.com\/www.24baires.com\/wp-content\/uploads\/2017\/08\/inunda-trenque.jpg?resize=525%2C300 1.5x"},"classes":[]}],"jetpack_sharing_enabled":true,"jetpack_likes_enabled":true,"_links":{"self":[{"href":"https:\/\/www.24baires.com\/index.php?rest_route=\/wp\/v2\/posts\/21243","targetHints":{"allow":["GET"]}}],"collection":[{"href":"https:\/\/www.24baires.com\/index.php?rest_route=\/wp\/v2\/posts"}],"about":[{"href":"https:\/\/www.24baires.com\/index.php?rest_route=\/wp\/v2\/types\/post"}],"author":[{"embeddable":true,"href":"https:\/\/www.24baires.com\/index.php?rest_route=\/wp\/v2\/users\/4"}],"replies":[{"embeddable":true,"href":"https:\/\/www.24baires.com\/index.php?rest_route=%2Fwp%2Fv2%2Fcomments&post=21243"}],"version-history":[{"count":1,"href":"https:\/\/www.24baires.com\/index.php?rest_route=\/wp\/v2\/posts\/21243\/revisions"}],"predecessor-version":[{"id":21248,"href":"https:\/\/www.24baires.com\/index.php?rest_route=\/wp\/v2\/posts\/21243\/revisions\/21248"}],"wp:attachment":[{"href":"https:\/\/www.24baires.com\/index.php?rest_route=%2Fwp%2Fv2%2Fmedia&parent=21243"}],"wp:term":[{"taxonomy":"category","embeddable":true,"href":"https:\/\/www.24baires.com\/index.php?rest_route=%2Fwp%2Fv2%2Fcategories&post=21243"},{"taxonomy":"post_tag","embeddable":true,"href":"https:\/\/www.24baires.com\/index.php?rest_route=%2Fwp%2Fv2%2Ftags&post=21243"}],"curies":[{"name":"wp","href":"https:\/\/api.w.org\/{rel}","templated":true}]}}