{"id":21072,"date":"2013-04-15T19:37:42","date_gmt":"2013-04-15T22:37:42","guid":{"rendered":"http:\/\/www.24baires.com\/?p=21072"},"modified":"2013-04-16T16:25:56","modified_gmt":"2013-04-16T19:25:56","slug":"el-directorio-de-la-afsca-pospuso-propuestas-de-adecuacion-a-pedido-de-marcelo-stubrin","status":"publish","type":"post","link":"https:\/\/www.24baires.com\/?p=21072","title":{"rendered":"El Directorio de la AFSCA pospuso propuestas de adecuaci\u00f3n a pedido de Marcelo Stubrin"},"content":{"rendered":"<p><img data-recalc-dims=\"1\" loading=\"lazy\" decoding=\"async\" class=\"aligncenter size-full wp-image-21074\" alt=\"AFSCA REUNION DIRECTORIO\" src=\"https:\/\/i0.wp.com\/www.24baires.com\/wp-content\/uploads\/2013\/04\/AFSCA-REUNION-DIRECTORIO.jpg?resize=560%2C219\" width=\"560\" height=\"219\" srcset=\"https:\/\/i0.wp.com\/www.24baires.com\/wp-content\/uploads\/2013\/04\/AFSCA-REUNION-DIRECTORIO.jpg?w=560&amp;ssl=1 560w, https:\/\/i0.wp.com\/www.24baires.com\/wp-content\/uploads\/2013\/04\/AFSCA-REUNION-DIRECTORIO.jpg?resize=300%2C117&amp;ssl=1 300w\" sizes=\"auto, (max-width: 560px) 100vw, 560px\" \/><\/p>\n<p>El directorio de la Autoridad Federal de Servicios de Comunicaci\u00f3n Audiovisual (AFSCA) se reuni\u00f3 esta ma\u00f1ana para dar tratamiento a 134 expedientes entre los que se destacaban adjudicaciones de licencias y autorizaciones, planes de adecuaci\u00f3n y la aplicaci\u00f3n de multas e inhabilitaciones. El presidente del organismo Mart\u00edn Sabbatella propuso pasar para la pr\u00f3xima reuni\u00f3n de directorio el tratamiento de tres propuestas de adecuaci\u00f3n que estaban incluidas en el orden del d\u00eda, a ra\u00edz de las observaciones planteadas por el representante de la oposici\u00f3n Marcelo Stubrin.<!--more--><\/p>\n<p>\u201cSeguimos avanzando en la aplicaci\u00f3n integral de la ley de medios, con el estudio de propuestas de adecuaci\u00f3n a la norma y el nacimiento de nuevos medios de comunicaci\u00f3n que se suman a un mercado audiovisual cada vez plural, diverso y democr\u00e1tico. Cada vez hay m\u00e1s argentinos y argentinas que pueden expresarse y eso es maravilloso para una Democracia que d\u00eda a d\u00eda es m\u00e1s amplia y m\u00e1s profunda\u201d, consider\u00f3 Sabbatella en relaci\u00f3n a la aprobaci\u00f3n de autorizaciones y licencias para nuevas radios, canales y servicios de televisi\u00f3n por cable en todo el pa\u00eds. Respecto de la postergaci\u00f3n del tratamiento de los planes de adecuaci\u00f3n de DirecTV, Grupo Uno y Telecentro, el titular del AFSCA cont\u00f3 que \u201cel director por la oposici\u00f3n realiz\u00f3 algunas observaciones y nos dimos m\u00e1s tiempo para que las propuestas puedan ser analizadas y aclaradas en detalle; por lo cual decidimos posponer el tratamiento de esos planes para reunir todos los elementos que fueron tenidos en cuenta por los equipos t\u00e9cnicos del organismo y volver a considerarlos en la pr\u00f3xima reuni\u00f3n\u201d.<\/p>\n<p>\u201cEs natural que no todos los expedientes que tratamos se aprueben por unanimidad -opin\u00f3 Sabbatella-. Es parte del ejercicio democr\u00e1tico y de la consideraci\u00f3n pol\u00edtica e institucional que hacemos los directores. Pero tambi\u00e9n es importante que busquemos despejar las dudas que pudiera tener alg\u00fan director y avanzar en la b\u00fasqueda de criterios comunes, si esto es posible, porque todos anhelamos que la ley se aplique y se democratice la palabra en nuestro pa\u00eds\u201d. Los temas que llevaron a los integrantes del AFSCA a ampliar el an\u00e1lisis de estas propuestas giraron, especialmente, en torno a la situaci\u00f3n judicial y el concurso de acreedores sobre una parte del Grupo Uno y tambi\u00e9n sobre la se\u00f1al de contenidos de DirecTV.<\/p>\n<p>Aparte de la postergaci\u00f3n del tratamiento de las propuestas de los grupos mencionados se analizaron las presentaciones de AYL, Inverfive y FM Abierta. En estos tres casos, los directores del AFSCA consideraron por unanimidad que se encuadraban en la norma y no necesitaban realizar adecuaci\u00f3n. Este a\u00f1o, el AFSCA ya aprob\u00f3 las propuestas de otras siete compa\u00f1\u00edas que se exced\u00edan en el n\u00famero de licencias y la cobertura de mercado permitidas en el art\u00edculo 45 de la ley de Servicios de Comunicaci\u00f3n Audiovisual.<\/p>\n<p>En esta nueva reuni\u00f3n de directorio, se ratificaron autorizaciones para 17 nuevas radios de frecuencia modulada en establecimientos educativos de Catamarca, C\u00f3rdoba, Tucum\u00e1n y Jujuy. Tambi\u00e9n se autoriz\u00f3 la creaci\u00f3n de una FM de la Gobernaci\u00f3n de Catamarca y dos de comunidades de pueblos originarios residentes en las localidades de Pablo Nogu\u00e9s y Glew, en Provincia de Buenos Aires. Adem\u00e1s se adjudicaron 7 licencias de radios comunitarias y 6 circuitos cerrados comunitarios de televisi\u00f3n explotados por PyMEs y cooperativas en diversas localidades del pa\u00eds.<\/p>\n<p>Por otra parte, adem\u00e1s de las adjudicaciones se otorgaron habilitaciones (que permiten que los medios empiecen a trabajar formalmente en el mercado audiovisual) a 26 radios comunitarias y 8 servicios de televisi\u00f3n por cable. Tambi\u00e9n se aprobaron 20 multas y se declar\u00f3 la ilegalidad de medios cuyas trasmisiones interceptan otros servicios en el espectro radioel\u00e9ctrico.<\/p>\n<p>De la reuni\u00f3n de autoridades del organismo que preside Sabbatella participaron tambi\u00e9n los directores Jorge Capitanich, Ignacio Saavedra, Claudio Schifer, Eduardo Seminara y Marcelo Stubrin. Se prev\u00e9 que la pr\u00f3xima reuni\u00f3n de directorio del AFSCA se realice a principios del mes de mayo.<\/p>\n<p>&nbsp;<\/p>\n<p>&nbsp;<\/p>\n<p>&nbsp;<\/p>\n","protected":false},"excerpt":{"rendered":"<p>El directorio de la Autoridad Federal de Servicios de Comunicaci\u00f3n Audiovisual (AFSCA) se reuni\u00f3 esta ma\u00f1ana para dar tratamiento a 134 expedientes entre los que se destacaban adjudicaciones de licencias y autorizaciones, planes de adecuaci\u00f3n y la aplicaci\u00f3n de multas e inhabilitaciones. El presidente del organismo Mart\u00edn Sabbatella propuso pasar para la pr\u00f3xima reuni\u00f3n de directorio el tratamiento de tres [&#8230;]<\/p>\n","protected":false},"author":11,"featured_media":0,"comment_status":"open","ping_status":"open","sticky":false,"template":"","format":"standard","meta":{"_jetpack_newsletter_access":"","_jetpack_dont_email_post_to_subs":false,"_jetpack_newsletter_tier_id":0,"_jetpack_memberships_contains_paywalled_content":false,"_jetpack_memberships_contains_paid_content":false,"footnotes":""},"categories":[54],"tags":[],"class_list":["post-21072","post","type-post","status-publish","format-standard","hentry","category-medios"],"jetpack_featured_media_url":"","jetpack_shortlink":"https:\/\/wp.me\/p2JWE0-5tS","jetpack-related-posts":[{"id":55051,"url":"https:\/\/www.24baires.com\/?p=55051","url_meta":{"origin":21072,"position":0},"title":"El Directorio de AFSCA aprob\u00f3 la adecuaci\u00f3n del Grupo Clar\u00edn","author":"Grupo Sierra","date":"08\/10\/2014","format":false,"excerpt":"La Autoridad Federal de Servicios de Comunicaci\u00f3n Audiovisual aprob\u00f3 dar inicio a la adecuaci\u00f3n de oficio del Grupo Clar\u00edn a la Ley de Medios, luego de que el titular del organismo, Mart\u00edn Sabbatella, anunciara que se hab\u00edan detectado \u201cirregularidades\u201d en el plan de adecuaci\u00f3n voluntaria presentado por el multimedios. La\u2026","rel":"","context":"En \u00abMedios\u00bb","block_context":{"text":"Medios","link":"https:\/\/www.24baires.com\/?cat=54"},"img":{"alt_text":"clar\u00edn","src":"https:\/\/i0.wp.com\/www.24baires.com\/wp-content\/uploads\/2014\/10\/clar%C3%ADn.jpg?resize=350%2C200","width":350,"height":200,"srcset":"https:\/\/i0.wp.com\/www.24baires.com\/wp-content\/uploads\/2014\/10\/clar%C3%ADn.jpg?resize=350%2C200 1x, https:\/\/i0.wp.com\/www.24baires.com\/wp-content\/uploads\/2014\/10\/clar%C3%ADn.jpg?resize=525%2C300 1.5x"},"classes":[]},{"id":13471,"url":"https:\/\/www.24baires.com\/?p=13471","url_meta":{"origin":21072,"position":1},"title":"La AFSCA aprob\u00f3 ya tres de los veinte planes de adecuaci\u00f3n a la Ley de Medios presentados","author":"Grupo Sierra","date":"24\/01\/2013","format":false,"excerpt":"El directorio de la Autoridad Federal de Servicios de Comunicaci\u00f3n Audiovisual aprob\u00f3 hoy tres de los casi 20 planes de adecuaci\u00f3n a la ley 26.522 presentados a principios de diciembre por grupos empresarios medi\u00e1ticos, seg\u00fan inform\u00f3 a trav\u00e9s de un comunicado. \u201cTodos los grupos menos Clar\u00edn presentaron sus planes de\u2026","rel":"","context":"En \u00abMedios\u00bb","block_context":{"text":"Medios","link":"https:\/\/www.24baires.com\/?cat=54"},"img":{"alt_text":"sabbatella desafio","src":"https:\/\/i0.wp.com\/www.24baires.com\/wp-content\/uploads\/2012\/10\/sabbatella-desafio.jpg?resize=350%2C200","width":350,"height":200,"srcset":"https:\/\/i0.wp.com\/www.24baires.com\/wp-content\/uploads\/2012\/10\/sabbatella-desafio.jpg?resize=350%2C200 1x, https:\/\/i0.wp.com\/www.24baires.com\/wp-content\/uploads\/2012\/10\/sabbatella-desafio.jpg?resize=525%2C300 1.5x"},"classes":[]},{"id":17513,"url":"https:\/\/www.24baires.com\/?p=17513","url_meta":{"origin":21072,"position":2},"title":"Sabbatella, clar\u00edsimo: \u00abNadie tiene coronita, las reglas son parejas\u00bb","author":"AF","date":"05\/03\/2013","format":false,"excerpt":"El titular de la Autoridad Federal de Servicios de Comunicaci\u00f3n Audiovisual (Afsca), Mart\u00edn Sabbatella, asegur\u00f3 hoy que la venta de medios del grupo Hadad al grupo Indalo, aprobada por ese organismo, \"se ajusta perfectamente a la ley\" porque se enmarca en el plan de adecuaci\u00f3n, e insisti\u00f3 con que \"las\u2026","rel":"","context":"En \u00abMedios\u00bb","block_context":{"text":"Medios","link":"https:\/\/www.24baires.com\/?cat=54"},"img":{"alt_text":"","src":"","width":0,"height":0},"classes":[]},{"id":40584,"url":"https:\/\/www.24baires.com\/?p=40584","url_meta":{"origin":21072,"position":3},"title":"\u00abSe terminaron los privilegios para el gigante de los medios\u00bb, afirm\u00f3 Sabbatella","author":"GB","date":"17\/02\/2014","format":false,"excerpt":"El titular de la Autoridad Federal de Servicios de Comunicaci\u00f3n Audiovisual (Afsca), Mart\u00edn Sabbatella, se refiri\u00f3 as\u00ed a la aprobaci\u00f3n del plan que hiciera el Grupo Clar\u00edn para adecuarse a la ley de medios. \"Es el inicio del fin de las posiciones hegem\u00f3nicas en el mercado de la comunicaci\u00f3n que\u2026","rel":"","context":"En \u00abMedios\u00bb","block_context":{"text":"Medios","link":"https:\/\/www.24baires.com\/?cat=54"},"img":{"alt_text":"","src":"","width":0,"height":0},"classes":[]},{"id":17452,"url":"https:\/\/www.24baires.com\/?p=17452","url_meta":{"origin":21072,"position":4},"title":"La AFSCA aprob\u00f3 cuatro planes de adecuaci\u00f3n m\u00e1s a la Ley de Medios","author":"AF","date":"04\/03\/2013","format":false,"excerpt":"Se trata de las propuestas presentadas por Hadad-Indalo (Gerardo Daniel Hadad, Viviana Mabel Zocco y South Media Investment), Cadena 3, la Asociaci\u00f3n Mutual del Magisterio de Santa Fe \u201cAngelita Peralta Pinos\u201d y Eteco SRL. Estas se suman a los tres planes autorizados en enero pasado. El directorio de la Autoridad\u2026","rel":"","context":"En \u00abMedios\u00bb","block_context":{"text":"Medios","link":"https:\/\/www.24baires.com\/?cat=54"},"img":{"alt_text":"sabbatella trabajadores TN","src":"https:\/\/i0.wp.com\/www.24baires.com\/wp-content\/uploads\/2012\/11\/sabbatella-trabajadores-TN.jpg?resize=350%2C200","width":350,"height":200,"srcset":"https:\/\/i0.wp.com\/www.24baires.com\/wp-content\/uploads\/2012\/11\/sabbatella-trabajadores-TN.jpg?resize=350%2C200 1x, https:\/\/i0.wp.com\/www.24baires.com\/wp-content\/uploads\/2012\/11\/sabbatella-trabajadores-TN.jpg?resize=525%2C300 1.5x"},"classes":[]},{"id":37537,"url":"https:\/\/www.24baires.com\/?p=37537","url_meta":{"origin":21072,"position":5},"title":"Afsca autoriz\u00f3 13 caneles de baja potencia y ya son 33","author":"GB","date":"27\/12\/2013","format":false,"excerpt":"La Autoridad Federal de Servicios de Comunicaci\u00f3n Audiovisual (Afsca) autoriz\u00f3 a 13 se\u00f1ales de televisi\u00f3n de baja potencia para trasmitir en forma anal\u00f3gica y ya suman 33 los canales de televisi\u00f3n comunitaria autorizadas por el organismo que preside Mart\u00edn Sabbatella. Se trata de los canales 12 de Saladillo, 4 de\u2026","rel":"","context":"En \u00abMedios\u00bb","block_context":{"text":"Medios","link":"https:\/\/www.24baires.com\/?cat=54"},"img":{"alt_text":"","src":"","width":0,"height":0},"classes":[]}],"jetpack_sharing_enabled":true,"jetpack_likes_enabled":true,"_links":{"self":[{"href":"https:\/\/www.24baires.com\/index.php?rest_route=\/wp\/v2\/posts\/21072","targetHints":{"allow":["GET"]}}],"collection":[{"href":"https:\/\/www.24baires.com\/index.php?rest_route=\/wp\/v2\/posts"}],"about":[{"href":"https:\/\/www.24baires.com\/index.php?rest_route=\/wp\/v2\/types\/post"}],"author":[{"embeddable":true,"href":"https:\/\/www.24baires.com\/index.php?rest_route=\/wp\/v2\/users\/11"}],"replies":[{"embeddable":true,"href":"https:\/\/www.24baires.com\/index.php?rest_route=%2Fwp%2Fv2%2Fcomments&post=21072"}],"version-history":[{"count":3,"href":"https:\/\/www.24baires.com\/index.php?rest_route=\/wp\/v2\/posts\/21072\/revisions"}],"predecessor-version":[{"id":21078,"href":"https:\/\/www.24baires.com\/index.php?rest_route=\/wp\/v2\/posts\/21072\/revisions\/21078"}],"wp:attachment":[{"href":"https:\/\/www.24baires.com\/index.php?rest_route=%2Fwp%2Fv2%2Fmedia&parent=21072"}],"wp:term":[{"taxonomy":"category","embeddable":true,"href":"https:\/\/www.24baires.com\/index.php?rest_route=%2Fwp%2Fv2%2Fcategories&post=21072"},{"taxonomy":"post_tag","embeddable":true,"href":"https:\/\/www.24baires.com\/index.php?rest_route=%2Fwp%2Fv2%2Ftags&post=21072"}],"curies":[{"name":"wp","href":"https:\/\/api.w.org\/{rel}","templated":true}]}}