{"id":2080,"date":"2012-10-12T20:49:52","date_gmt":"2012-10-12T23:49:52","guid":{"rendered":"http:\/\/www.24baires.com\/?p=2080"},"modified":"2012-10-12T20:49:52","modified_gmt":"2012-10-12T23:49:52","slug":"canillitas-denuncian-a-clarin-la-nacion-y-perfil-tomaran-medidas-de-fuerza-sorpresivas","status":"publish","type":"post","link":"https:\/\/www.24baires.com\/?p=2080","title":{"rendered":"Canillitas denuncian a Clar\u00edn, La Naci\u00f3n y Perfil. Tomar\u00e1n \u00abmedidas de fuerza sorpresivas\u00bb"},"content":{"rendered":"<p>El Sindicato de Vendedores de Diarios y Revistas (SIVENDIA), que lidera Omar Plaini, denunci\u00f3 que los diarios Clar\u00edn, La Naci\u00f3n y Perfil \u00abse niegan a abonar el ingreso conformado\u00bb oportunamente acordado, por lo que el gremio adoptar\u00e1 medidas de fuerza en rechazo de esa decisi\u00f3n.<!--more--><br \/>\n\u00abLos canillitas autorizaron hoy a la conducci\u00f3n sindical a adoptar medidas de fuerza sorpresivas contra las editoriales que no respeten lo acordado\u00bb, afirmaron Plaini y el secretario de Prensa, Mart\u00edn Bargas, en un comunicado difundido esta tarde.<br \/>\nEl gremio, que agrupa a los trababjadores de la Capital Federal y la provincia de Buenos Aires, realiz\u00f3 hoy \u00abuna multitudinaria asamblea, en la que participaron alrededor de 800 canillitas\u00bb.<br \/>\nEl ingreso conformado fue obtenido por el SIVENDIA luego del paro general del 18 y 19 de agosto \u00faltimo, en tanto Plaini ratific\u00f3 que \u00ablos trabajadores no est\u00e1n dispuestos a retroceder\u00bb.<br \/>\nEl dirigente y diputado nacional tambi\u00e9n inform\u00f3 que la Asociaci\u00f3n de Editores de Diarios de Buenos Aires (AEDBA) se neg\u00f3 a continuar abonando el ingreso conformado que, durante seis semanas, recibieron seg\u00fan lo acordado los canillitas.<br \/>\n\u00abLa negativa de la c\u00e1mara que nuclea a Clar\u00edn, La Naci\u00f3n y Perfil se produjo a pesar de que todav\u00eda no se alcanz\u00f3 una propuesta definitiva que permita solucionar la crisis de la industria gr\u00e1fica y de los vendedores de diarios y revistas\u00bb, a\u00f1adi\u00f3.<br \/>\nSin embargo, agradeci\u00f3 la comprensi\u00f3n de la otra c\u00e1mara de editores \u2013AFERA- que agrupa a los diarios Popular, Cr\u00f3nica, Ambito Financiero, BAE, Buenos Aires Herald, Miradas al Sur y Tiempo Argentino, que \u00abse comprometi\u00f3 a extender el acuerdo por otras dos semanas, hasta tanto se halle una soluci\u00f3n de fondo\u00bb.<br \/>\nPor \u00faltimo, Plaini y Bargas informaron que a partir de hoy el gremio \u00abest\u00e1 en estado de alerta y movilizaci\u00f3n, por lo que los representantes zonales y delegados estar\u00e1n de forma permanente comunicados con la organizaci\u00f3n sindical\u00bb.<\/p>\n","protected":false},"excerpt":{"rendered":"<p>El Sindicato de Vendedores de Diarios y Revistas (SIVENDIA), que lidera Omar Plaini, denunci\u00f3 que los diarios Clar\u00edn, La Naci\u00f3n y Perfil \u00abse niegan a abonar el ingreso conformado\u00bb oportunamente acordado, por lo que el gremio adoptar\u00e1 medidas de fuerza en rechazo de esa decisi\u00f3n.<\/p>\n","protected":false},"author":11,"featured_media":0,"comment_status":"open","ping_status":"open","sticky":false,"template":"","format":"standard","meta":{"_jetpack_newsletter_access":"","_jetpack_dont_email_post_to_subs":false,"_jetpack_newsletter_tier_id":0,"_jetpack_memberships_contains_paywalled_content":false,"_jetpack_memberships_contains_paid_content":false,"footnotes":""},"categories":[1],"tags":[],"class_list":["post-2080","post","type-post","status-publish","format-standard","hentry","category-sociedad"],"jetpack_featured_media_url":"","jetpack_shortlink":"https:\/\/wp.me\/p2JWE0-xy","jetpack-related-posts":[{"id":70681,"url":"https:\/\/www.24baires.com\/?p=70681","url_meta":{"origin":2080,"position":0},"title":"Canillitas parar\u00e1n el lunes en reclamo de paritarias","author":"GB","date":"16\/08\/2015","format":false,"excerpt":"La medida forma parte de un plan de lucha organizado por el Sindicato de Diarios y Revistas (Sivendia), que encabeza el diputado nacional Omar Plaini, y se har\u00e1 indefinidamente todos los feriados nacionales hasta que las patronales \u201cse sienten a negociar\u201d. Los puestos de diarios y revistas de la Ciudad\u2026","rel":"","context":"En \u00abSociedad\u00bb","block_context":{"text":"Sociedad","link":"https:\/\/www.24baires.com\/?cat=1"},"img":{"alt_text":"","src":"","width":0,"height":0},"classes":[]},{"id":55081,"url":"https:\/\/www.24baires.com\/?p=55081","url_meta":{"origin":2080,"position":1},"title":"Canillitas parar\u00e1n porque \u00abClar\u00edn nos quita $300 millones\u00bb","author":"AF","date":"09\/10\/2014","format":false,"excerpt":"El diputado nacional y titular del Sindicato de Vendedores de Diarios y Revistas (Sivendia), Omar Plaini, asegur\u00f3 que la medida de fuerza convocada por el gremio para el domingo y el lunes pr\u00f3ximo es parte de un \"reclamo hist\u00f3rico\", y asegur\u00f3 que Clar\u00edn y La Naci\u00f3n \"le quitan 300 millones\u2026","rel":"","context":"En \u00abSociedad\u00bb","block_context":{"text":"Sociedad","link":"https:\/\/www.24baires.com\/?cat=1"},"img":{"alt_text":"clar\u00edn","src":"https:\/\/i0.wp.com\/www.24baires.com\/wp-content\/uploads\/2014\/10\/clar%C3%ADn.jpg?resize=350%2C200","width":350,"height":200,"srcset":"https:\/\/i0.wp.com\/www.24baires.com\/wp-content\/uploads\/2014\/10\/clar%C3%ADn.jpg?resize=350%2C200 1x, https:\/\/i0.wp.com\/www.24baires.com\/wp-content\/uploads\/2014\/10\/clar%C3%ADn.jpg?resize=525%2C300 1.5x"},"classes":[]},{"id":55281,"url":"https:\/\/www.24baires.com\/?p=55281","url_meta":{"origin":2080,"position":2},"title":"Pleno acatamiento al paro de canillitas a Clar\u00edn y La Naci\u00f3n","author":"AF","date":"13\/10\/2014","format":false,"excerpt":"As\u00ed lo afirm\u00f3 el titular del Sindicato de Vendedores de Diarios y Revistas (Sivendia), Omar Plaini. \u201cNo hay un solo puesto abierto\u201d, afirm\u00f3 esta ma\u00f1ana. Los canillitas reclaman a los diarios Clar\u00edn y La Naci\u00f3n la restituci\u00f3n del 40 por ciento del precio de tapa, reducido al 32 por ciento\u2026","rel":"","context":"En \u00abMedios\u00bb","block_context":{"text":"Medios","link":"https:\/\/www.24baires.com\/?cat=54"},"img":{"alt_text":"canillitas clar\u00edn","src":"https:\/\/i0.wp.com\/www.24baires.com\/wp-content\/uploads\/2014\/09\/canillitas-clar%C3%ADn.jpg?resize=350%2C200","width":350,"height":200,"srcset":"https:\/\/i0.wp.com\/www.24baires.com\/wp-content\/uploads\/2014\/09\/canillitas-clar%C3%ADn.jpg?resize=350%2C200 1x, https:\/\/i0.wp.com\/www.24baires.com\/wp-content\/uploads\/2014\/09\/canillitas-clar%C3%ADn.jpg?resize=525%2C300 1.5x"},"classes":[]},{"id":54949,"url":"https:\/\/www.24baires.com\/?p=54949","url_meta":{"origin":2080,"position":3},"title":"Canillitas realizar\u00e1n dos d\u00edas de \u00abparo activo\u00bb contra Clar\u00edn y La Naci\u00f3n","author":"GB","date":"07\/10\/2014","format":false,"excerpt":"Los trabajadores nucleados en el Sindicato de Vendedores de Diarios y Revistas (Sivendia) realizar\u00e1n el domingo y lunes pr\u00f3ximos \"un paro activo\" en reclamo de un porcentaje mayor del precio de tapa. Estar\u00e1n en las calles controlando que no se entreguen los diarios fuera del circuito legal. En di\u00e1logo con\u2026","rel":"","context":"En \u00abSociedad\u00bb","block_context":{"text":"Sociedad","link":"https:\/\/www.24baires.com\/?cat=1"},"img":{"alt_text":"","src":"","width":0,"height":0},"classes":[]},{"id":54246,"url":"https:\/\/www.24baires.com\/?p=54246","url_meta":{"origin":2080,"position":4},"title":"Canillitas anunciaron un paro de 48 horas contra Clar\u00edn en demanda de aumentos","author":"GB","date":"24\/09\/2014","format":false,"excerpt":"El Sindicato de Vendedores de Diarios y Revistas de la Ciudad Aut\u00f3noma y la Provincia de Buenos Aires (Sivendia) que conduce Omar Plaini decidi\u00f3 hoy paralizar las tareas durante 48 horas el 12 y 13 de octubre pr\u00f3ximo en demanda de una recomposici\u00f3n salarial. Un comunicado firmado por el secretario\u2026","rel":"","context":"En \u00abSociedad\u00bb","block_context":{"text":"Sociedad","link":"https:\/\/www.24baires.com\/?cat=1"},"img":{"alt_text":"","src":"","width":0,"height":0},"classes":[]},{"id":56634,"url":"https:\/\/www.24baires.com\/?p=56634","url_meta":{"origin":2080,"position":5},"title":"Canillitas declararon un nuevo paro para el 15 y 16 de noviembre","author":"GB","date":"05\/11\/2014","format":false,"excerpt":"El gremio prev\u00e9 una nueva medida de 48 horas en reclamo de la restituci\u00f3n del 20 por ciento del precio de tapa de los diarios \u201cquitado por los grandes medios nacionales en 2001\u201d. \u201cLa medida de fuerza es en reclamo de la recuperaci\u00f3n de parte del salario conculcado arbitral y\u2026","rel":"","context":"En \u00abSociedad\u00bb","block_context":{"text":"Sociedad","link":"https:\/\/www.24baires.com\/?cat=1"},"img":{"alt_text":"","src":"","width":0,"height":0},"classes":[]}],"jetpack_sharing_enabled":true,"jetpack_likes_enabled":true,"_links":{"self":[{"href":"https:\/\/www.24baires.com\/index.php?rest_route=\/wp\/v2\/posts\/2080","targetHints":{"allow":["GET"]}}],"collection":[{"href":"https:\/\/www.24baires.com\/index.php?rest_route=\/wp\/v2\/posts"}],"about":[{"href":"https:\/\/www.24baires.com\/index.php?rest_route=\/wp\/v2\/types\/post"}],"author":[{"embeddable":true,"href":"https:\/\/www.24baires.com\/index.php?rest_route=\/wp\/v2\/users\/11"}],"replies":[{"embeddable":true,"href":"https:\/\/www.24baires.com\/index.php?rest_route=%2Fwp%2Fv2%2Fcomments&post=2080"}],"version-history":[{"count":0,"href":"https:\/\/www.24baires.com\/index.php?rest_route=\/wp\/v2\/posts\/2080\/revisions"}],"wp:attachment":[{"href":"https:\/\/www.24baires.com\/index.php?rest_route=%2Fwp%2Fv2%2Fmedia&parent=2080"}],"wp:term":[{"taxonomy":"category","embeddable":true,"href":"https:\/\/www.24baires.com\/index.php?rest_route=%2Fwp%2Fv2%2Fcategories&post=2080"},{"taxonomy":"post_tag","embeddable":true,"href":"https:\/\/www.24baires.com\/index.php?rest_route=%2Fwp%2Fv2%2Ftags&post=2080"}],"curies":[{"name":"wp","href":"https:\/\/api.w.org\/{rel}","templated":true}]}}