{"id":20793,"date":"2013-04-12T13:37:57","date_gmt":"2013-04-12T16:37:57","guid":{"rendered":"http:\/\/www.24baires.com\/?p=20793"},"modified":"2013-04-18T18:25:38","modified_gmt":"2013-04-18T21:25:38","slug":"discursos-golpistas-en-las-asambleas-de-la-mesa-de-enlace","status":"publish","type":"post","link":"https:\/\/www.24baires.com\/?p=20793","title":{"rendered":"Discursos golpistas en las asambleas de la Mesa de Enlace"},"content":{"rendered":"<p><img data-recalc-dims=\"1\" loading=\"lazy\" decoding=\"async\" class=\"aligncenter size-full wp-image-20795\" alt=\"asambleas golpistas\" src=\"https:\/\/i0.wp.com\/www.24baires.com\/wp-content\/uploads\/2013\/04\/asambleas-golpistas.jpg?resize=560%2C306\" width=\"560\" height=\"306\" srcset=\"https:\/\/i0.wp.com\/www.24baires.com\/wp-content\/uploads\/2013\/04\/asambleas-golpistas.jpg?w=560&amp;ssl=1 560w, https:\/\/i0.wp.com\/www.24baires.com\/wp-content\/uploads\/2013\/04\/asambleas-golpistas.jpg?resize=300%2C163&amp;ssl=1 300w\" sizes=\"auto, (max-width: 560px) 100vw, 560px\" \/><\/p>\n<p><em>(Por Mar\u00eda Jos\u00e9 S\u00e1nchez)<\/em> En el diario La Naci\u00f3n de d\u00eda 9 de abril se anunciaba una asamblea de la Mesa de Enlace en la Provincia de Santa Fe, la bajada de esa nota rezaba: \u201cLos ruralistas piden dialogar con el gobierno nacional\u201d. Tambi\u00e9n se afirmaba en el mismo texto que \u201creclaman abrir un canal de di\u00e1logo con el Gobierno para obtener el cese de la intervenci\u00f3n estatal en el comercio y la reducci\u00f3n de las retenciones\u201d.<!--more--><\/p>\n<p>Bueno, parece que la reuni\u00f3n no se present\u00f3 en esos t\u00e9rminos pac\u00edficos y unificadores, sino que fue un violento compendio de improperios al gobierno, incluso se oyeron claros discursos golpistas, que no fueron refutados ni contenidos por la c\u00fapula de la Mesa de Enlace all\u00ed presente.<br \/>\nEduardo Buzzi de la Federaci\u00f3n Agraria, Carlos Garetto de CONINAGRO, Luis Etchevehere de la Sociedad Rural y Rub\u00e9n Ferrero, de CRA, fueron pasivos testigos de opiniones como la de un tal Daniel, productor santafesino que sostuvo en su alocuci\u00f3n que \u201chay muchos m\u00e9todos psicl\u00f3gicos y de acci\u00f3n directa que se pueden implementar para destituir y hacer desaparecer a toda esta gente\u201d, en referencia al actual gobierno nacional. Otro que hizo o\u00edr su furibunda voz fue un productor agropecuario tambi\u00e9n santafecino, Ra\u00fal Zorz\u00f3n, quien avanz\u00f3 aun m\u00e1s es esta l\u00f3gica destituyente diciendo que \u201c\u00a1Vamos a frenar a este gobierno, se\u00f1ores! \u00a1Ese es el problema que tenemos en el pa\u00eds! Despu\u00e9s, pong\u00e1monos de acuerdo c\u00f3mo distribuimos la riqueza del campo, entre los productores\u201d.<br \/>\nPara no abundar en estos mensajes golpistas que fueron recibidos por los titulares de las patronales del campo sin intentar siquiera moderarlos, dando el benepl\u00e1cito que otorga el que calla, s\u00f3lo diremos que otra productora exhort\u00f3 a no pagar impuestos para as\u00ed \u201cse vaya de una buena vez\u201d, y el mismo Zorz\u00f3n citado m\u00e1s arriba alert\u00f3 a sus colegas que se quiere reformar la constituci\u00f3n para hacerla chavista, marxista y progresista.<br \/>\nCuesta un poco encontrar el pedido de di\u00e1logo que anunciaba el diario La Naci\u00f3n, cuesta aun m\u00e1s creer que eso es lo que quieren en las reuniones promovidas por la Mesa de Enlace. Lo que si est\u00e1 claro es que no tienen reparos en afirmar que si pudieran derrocar al gobierno, lo har\u00edan gustosos. Incluso dicen saber c\u00f3mo hacerlo. Y eso es m\u00e1s peligroso que el aumento o la baja de las retenciones. Que se escuchen t\u00e9rminos como \u201cdesaparecer\u201d a \u201ctoda esta gente\u201d, no es casual, ni grato, claro. Es, cuanto menos, muy peligroso. Porque son pr\u00e1cticas que ya se han utilizado en beneficio de sectores econ\u00f3micos concentrados que hoy ven como el Estado interviene en lo que ellos cre\u00edan intocable y hasta afirman con descaro que si tiene que haber alg\u00fan tipo de distribuci\u00f3n de ganancias la har\u00e1n ellos por y para ellos. Se creen los due\u00f1os de la tierra, se creen los due\u00f1os de los empleados que la trabajan, se creen los due\u00f1os de la econom\u00eda nacional, porque se creen los due\u00f1os leg\u00edtimos de la Argentina, la agroexportadora, la \u00fanica que ellos quieren. Como si hubieran heredado el pa\u00eds en alg\u00fan testamento patriarcal. Como si los dem\u00e1s no existi\u00e9ramos o ya hubi\u00e9ramos \u201cdesaparecido\u201d.<\/p>\n<p>&nbsp;<\/p>\n<p>&nbsp;<\/p>\n<p>&nbsp;<\/p>\n<p>&nbsp;<\/p>\n<p>&nbsp;<\/p>\n<p>&nbsp;<\/p>\n","protected":false},"excerpt":{"rendered":"<p>(Por Mar\u00eda Jos\u00e9 S\u00e1nchez) En el diario La Naci\u00f3n de d\u00eda 9 de abril se anunciaba una asamblea de la Mesa de Enlace en la Provincia de Santa Fe, la bajada de esa nota rezaba: \u201cLos ruralistas piden dialogar con el gobierno nacional\u201d. Tambi\u00e9n se afirmaba en el mismo texto que \u201creclaman abrir un canal de di\u00e1logo con el Gobierno [&#8230;]<\/p>\n","protected":false},"author":11,"featured_media":0,"comment_status":"open","ping_status":"open","sticky":false,"template":"","format":"standard","meta":{"_jetpack_newsletter_access":"","_jetpack_dont_email_post_to_subs":false,"_jetpack_newsletter_tier_id":0,"_jetpack_memberships_contains_paywalled_content":false,"_jetpack_memberships_contains_paid_content":false,"footnotes":""},"categories":[64],"tags":[],"class_list":["post-20793","post","type-post","status-publish","format-standard","hentry","category-opinion"],"jetpack_featured_media_url":"","jetpack_shortlink":"https:\/\/wp.me\/p2JWE0-5pn","jetpack-related-posts":[{"id":11572,"url":"https:\/\/www.24baires.com\/?p=11572","url_meta":{"origin":20793,"position":0},"title":"La Mesa de Enlace desiste del paro y pide dialogar con el Gobierno","author":"Grupo Sierra","date":"08\/01\/2013","format":false,"excerpt":"Los integrantes de la Mesa de Enlace confirmaron que las entidades del campo desistieron de iniciar un paro y anunciaron su intenci\u00f3n de dialogar con el gobierno. As\u00ed lo expresaron el titular de la Sociedad Rural, Luis Miguel Etchevehere; de Federaci\u00f3n Agraria, Eduardo Buzzi; de CONINAGRO, Carlos Garetto y de\u2026","rel":"","context":"En \u00abPol\u00edtica\u00bb","block_context":{"text":"Pol\u00edtica","link":"https:\/\/www.24baires.com\/?cat=51"},"img":{"alt_text":"mesa de enlace desiste","src":"https:\/\/i0.wp.com\/www.24baires.com\/wp-content\/uploads\/2013\/01\/mesa-de-enlace-desiste.jpg?resize=350%2C200","width":350,"height":200,"srcset":"https:\/\/i0.wp.com\/www.24baires.com\/wp-content\/uploads\/2013\/01\/mesa-de-enlace-desiste.jpg?resize=350%2C200 1x, https:\/\/i0.wp.com\/www.24baires.com\/wp-content\/uploads\/2013\/01\/mesa-de-enlace-desiste.jpg?resize=525%2C300 1.5x"},"classes":[]},{"id":10302,"url":"https:\/\/www.24baires.com\/?p=10302","url_meta":{"origin":20793,"position":1},"title":"La Mesa de Enlace convoca a un paro ganadero por la expropiaci\u00f3n de La Rural","author":"Grupo Sierra","date":"24\/12\/2012","format":false,"excerpt":"La Mesa de Enlace vuelve al ruedo. El grupo de entidades agropecuarias que se enfrent\u00f3 al Gobierno por las retenciones m\u00f3viles all\u00e1 por el 2008, decidieron realizar un paro de comercializaci\u00f3n de ganado el pr\u00f3ximo mi\u00e9rcoles 26 por la decisi\u00f3n del Gobierno de expropiar el predio de La Rural en\u2026","rel":"","context":"En \u00abPol\u00edtica\u00bb","block_context":{"text":"Pol\u00edtica","link":"https:\/\/www.24baires.com\/?cat=51"},"img":{"alt_text":"mesa desestabilizadora","src":"https:\/\/i0.wp.com\/www.24baires.com\/wp-content\/uploads\/2012\/12\/mesa-desestabilizadora.jpg?resize=350%2C200","width":350,"height":200,"srcset":"https:\/\/i0.wp.com\/www.24baires.com\/wp-content\/uploads\/2012\/12\/mesa-desestabilizadora.jpg?resize=350%2C200 1x, https:\/\/i0.wp.com\/www.24baires.com\/wp-content\/uploads\/2012\/12\/mesa-desestabilizadora.jpg?resize=525%2C300 1.5x"},"classes":[]},{"id":46901,"url":"https:\/\/www.24baires.com\/?p=46901","url_meta":{"origin":20793,"position":2},"title":"Desde el campo amenazan con un nuevo paro nacional","author":"Grupo Sierra","date":"28\/05\/2014","format":false,"excerpt":"El titular de la Federaci\u00f3n Agraria Argentina, Eduardo Buzzi, anticip\u00f3 hoy que propondr\u00e1 en la Mesa de Enlace agropecuaria realizar un paro nacional para denunciar la \"cr\u00edtica situaci\u00f3n de los productores y la falta de di\u00e1logo con el Gobierno\". \"La situaci\u00f3n de los productores es cada vez m\u00e1s complicada y\u2026","rel":"","context":"En \u00abPol\u00edtica\u00bb","block_context":{"text":"Pol\u00edtica","link":"https:\/\/www.24baires.com\/?cat=51"},"img":{"alt_text":"buzzi eduardo","src":"https:\/\/i0.wp.com\/www.24baires.com\/wp-content\/uploads\/2012\/11\/buzzi-eduardo-300x225.jpg?resize=350%2C200","width":350,"height":200},"classes":[]},{"id":117163,"url":"https:\/\/www.24baires.com\/?p=117163","url_meta":{"origin":20793,"position":3},"title":"El Presidente recibe a la Mesa de Enlace y encabeza el Consejo contra el Hambre","author":"GB","date":"10\/02\/2021","format":false,"excerpt":"El Presidente encabezar\u00e1 dos encuentros claves este mi\u00e9rcoles. Por la ma\u00f1ana ser\u00e1 de forma virtual desde Olivos, mientras que por la tarde estar\u00e1 reunido con los representantes de las entidades agrarias. El presidente Alberto Fern\u00e1ndez encabezar\u00e1 este mi\u00e9rcoles la primera reuni\u00f3n del a\u00f1o del Consejo Federal Argentina Contra el Hambre\u2026","rel":"","context":"En \u00abPol\u00edtica\u00bb","block_context":{"text":"Pol\u00edtica","link":"https:\/\/www.24baires.com\/?cat=51"},"img":{"alt_text":"","src":"https:\/\/i0.wp.com\/www.24baires.com\/wp-content\/uploads\/2020\/08\/alberto-fern%C3%A1ndez.jpg?resize=350%2C200","width":350,"height":200,"srcset":"https:\/\/i0.wp.com\/www.24baires.com\/wp-content\/uploads\/2020\/08\/alberto-fern%C3%A1ndez.jpg?resize=350%2C200 1x, https:\/\/i0.wp.com\/www.24baires.com\/wp-content\/uploads\/2020\/08\/alberto-fern%C3%A1ndez.jpg?resize=525%2C300 1.5x"},"classes":[]},{"id":112937,"url":"https:\/\/www.24baires.com\/?p=112937","url_meta":{"origin":20793,"position":4},"title":"\u00abMesa y Camacho pasar\u00e1n a la historia como racistas y golpistas\u00bb, asever\u00f3 Evo Morales","author":"GB","date":"11\/11\/2019","format":false,"excerpt":"El destituido presidente de Bolivia apunt\u00f3 contra sus opositores, a quienes acus\u00f3 de conspirar para consumar el golpe de Estado en su contra. El presidente derrocado de Bolivia, Evo Morales, acus\u00f3 a los jefes de la oposici\u00f3n Carlos Mesa y Luis Fernando Camacho de \"discriminadores y conspiradores\" y afirm\u00f3 que\u2026","rel":"","context":"En \u00abInternacionales\u00bb","block_context":{"text":"Internacionales","link":"https:\/\/www.24baires.com\/?cat=73"},"img":{"alt_text":"","src":"https:\/\/i0.wp.com\/www.24baires.com\/wp-content\/uploads\/2019\/11\/evo-morales.jpg?resize=350%2C200","width":350,"height":200,"srcset":"https:\/\/i0.wp.com\/www.24baires.com\/wp-content\/uploads\/2019\/11\/evo-morales.jpg?resize=350%2C200 1x, https:\/\/i0.wp.com\/www.24baires.com\/wp-content\/uploads\/2019\/11\/evo-morales.jpg?resize=525%2C300 1.5x"},"classes":[]},{"id":15430,"url":"https:\/\/www.24baires.com\/?p=15430","url_meta":{"origin":20793,"position":5},"title":"El campo se re\u00fane esta semana ante el malestar por el reval\u00fao bonaerense","author":"Grupo Sierra","date":"12\/02\/2013","format":false,"excerpt":"La Sociedad Rural de Pehuaj\u00f3 ser\u00e1 escenario, esta semana, de una reuni\u00f3n de las principales entidades del campo convocada para analizar con los productores la posibilidad de convocar a medidas de fuerza para expresar el malestar del sector ante la pol\u00edtica impositiva bonaerense. La asamblea fue organizada mientras la dirigencia\u2026","rel":"","context":"En \u00abPol\u00edtica\u00bb","block_context":{"text":"Pol\u00edtica","link":"https:\/\/www.24baires.com\/?cat=51"},"img":{"alt_text":"buzzi eduardo","src":"https:\/\/i0.wp.com\/www.24baires.com\/wp-content\/uploads\/2012\/11\/buzzi-eduardo-300x225.jpg?resize=350%2C200","width":350,"height":200},"classes":[]}],"jetpack_sharing_enabled":true,"jetpack_likes_enabled":true,"_links":{"self":[{"href":"https:\/\/www.24baires.com\/index.php?rest_route=\/wp\/v2\/posts\/20793","targetHints":{"allow":["GET"]}}],"collection":[{"href":"https:\/\/www.24baires.com\/index.php?rest_route=\/wp\/v2\/posts"}],"about":[{"href":"https:\/\/www.24baires.com\/index.php?rest_route=\/wp\/v2\/types\/post"}],"author":[{"embeddable":true,"href":"https:\/\/www.24baires.com\/index.php?rest_route=\/wp\/v2\/users\/11"}],"replies":[{"embeddable":true,"href":"https:\/\/www.24baires.com\/index.php?rest_route=%2Fwp%2Fv2%2Fcomments&post=20793"}],"version-history":[{"count":3,"href":"https:\/\/www.24baires.com\/index.php?rest_route=\/wp\/v2\/posts\/20793\/revisions"}],"predecessor-version":[{"id":21377,"href":"https:\/\/www.24baires.com\/index.php?rest_route=\/wp\/v2\/posts\/20793\/revisions\/21377"}],"wp:attachment":[{"href":"https:\/\/www.24baires.com\/index.php?rest_route=%2Fwp%2Fv2%2Fmedia&parent=20793"}],"wp:term":[{"taxonomy":"category","embeddable":true,"href":"https:\/\/www.24baires.com\/index.php?rest_route=%2Fwp%2Fv2%2Fcategories&post=20793"},{"taxonomy":"post_tag","embeddable":true,"href":"https:\/\/www.24baires.com\/index.php?rest_route=%2Fwp%2Fv2%2Ftags&post=20793"}],"curies":[{"name":"wp","href":"https:\/\/api.w.org\/{rel}","templated":true}]}}