{"id":2074,"date":"2012-10-12T20:41:00","date_gmt":"2012-10-12T23:41:00","guid":{"rendered":"http:\/\/www.24baires.com\/?p=2074"},"modified":"2012-10-12T20:43:17","modified_gmt":"2012-10-12T23:43:17","slug":"la-fam-dio-su-apoyo-a-sabbatella-y-acordo-trabajar-en-conjunto-por-la-ley-de-medios","status":"publish","type":"post","link":"https:\/\/www.24baires.com\/?p=2074","title":{"rendered":"La FAM dio su apoyo a Sabbatella y acord\u00f3 trabajar en conjunto por la Ley de Medios"},"content":{"rendered":"<p><img data-recalc-dims=\"1\" loading=\"lazy\" decoding=\"async\" class=\"aligncenter size-full wp-image-2075\" title=\"Pereyra-y-Sabbatella\" src=\"https:\/\/i0.wp.com\/www.24baires.com\/wp-content\/uploads\/2012\/10\/Pereyra-y-Sabbatella.jpg?resize=560%2C264\" alt=\"\" width=\"560\" height=\"264\" srcset=\"https:\/\/i0.wp.com\/www.24baires.com\/wp-content\/uploads\/2012\/10\/Pereyra-y-Sabbatella.jpg?w=560&amp;ssl=1 560w, https:\/\/i0.wp.com\/www.24baires.com\/wp-content\/uploads\/2012\/10\/Pereyra-y-Sabbatella.jpg?resize=300%2C141&amp;ssl=1 300w\" sizes=\"auto, (max-width: 560px) 100vw, 560px\" \/><br \/>\nLa Federaci\u00f3n Argentina de Municipios y la Autoridad Federal de Servicios de Comunicaci\u00f3n Audiovisual articular\u00e1n mecanismos para otorgar frecuencias a las comunas y llevar\u00e1n adelante seminarios para \u201cacercar esta ley a la gente\u201d, seg\u00fan precis\u00f3 el intendente de Florencio Varela, Julio Pereyra.\u00a0<!--more--><br \/>\nEl titular de la Autoridad Federal de Servicios de Comunicaci\u00f3n Audiovisual (AFSCA), Mart\u00edn Sabbatella recibi\u00f3 al presidente de la Federaci\u00f3n Argentina de Municipios (FAM), Julio Pereyra, para comenzar a desarrollar un trabajo conjunto en torno a la Ley de Medios.<\/p>\n<p>\u201cLos municipios son la puerta de entrada al Estado, son lo m\u00e1s cercano a la gente, expresan la democracia de proximidad, de cercan\u00eda y el primer lugar de contacto con lo p\u00fablico, con lo de todas y todos\u201d, subray\u00f3 Sabbatella tras el encuentro.<\/p>\n<p>Pereyra, quien adem\u00e1s es intendente de Florencio Varela, expres\u00f3 el fuerte apoyo de la FAM al nuevo titular de la AFSCA.<\/p>\n<p>\u201cCon Sabbatella, que tambi\u00e9n viene del municipalismo y es un emprendedor con mucha fuerza, vamos a tener un lugar donde hablar, donde discutir, donde ser parte de este pa\u00eds que se est\u00e1 construyendo con m\u00e1s voces que se est\u00e1n incluyendo\u201d, dijo.<\/p>\n<p>Pereyra y Sabbatella acordaron mecanismos de articulaci\u00f3n para otorgar frecuencias a los municipios y anunciaron que llevaran adelante \u201cjornadas de difusi\u00f3n y sensibilizaci\u00f3n\u201d para explicar los principales aspectos de la Ley de Medios y su importancia en el desarrollo de nuevos canales de expresi\u00f3n.<\/p>\n<p>\u201cEs sumamente importante haber recibido el apoyo del municipalismo. Con el intendente Pereyra coincidimos en la importancia que tiene la aplicaci\u00f3n integral de la ley, por ello entre la AFSCA y la FAM, generaremos un plan de trabajo conjunto para comenzar a dar pasos en ese sentido\u201d, se\u00f1al\u00f3 Sabbatella.<\/p>\n","protected":false},"excerpt":{"rendered":"<p>La Federaci\u00f3n Argentina de Municipios y la Autoridad Federal de Servicios de Comunicaci\u00f3n Audiovisual articular\u00e1n mecanismos para otorgar frecuencias a las comunas y llevar\u00e1n adelante seminarios para \u201cacercar esta ley a la gente\u201d, seg\u00fan precis\u00f3 el intendente de Florencio Varela, Julio Pereyra.\u00a0<\/p>\n","protected":false},"author":11,"featured_media":0,"comment_status":"open","ping_status":"open","sticky":false,"template":"","format":"standard","meta":{"_jetpack_newsletter_access":"","_jetpack_dont_email_post_to_subs":false,"_jetpack_newsletter_tier_id":0,"_jetpack_memberships_contains_paywalled_content":false,"_jetpack_memberships_contains_paid_content":false,"footnotes":""},"categories":[54],"tags":[],"class_list":["post-2074","post","type-post","status-publish","format-standard","hentry","category-medios"],"jetpack_featured_media_url":"","jetpack_shortlink":"https:\/\/wp.me\/p2JWE0-xs","jetpack-related-posts":[{"id":1024,"url":"https:\/\/www.24baires.com\/?p=1024","url_meta":{"origin":2074,"position":0},"title":"Sabbatella se reuni\u00f3 con la Coalici\u00f3n por una Comunicaci\u00f3n Democr\u00e1tica","author":"Grupo Sierra","date":"04\/10\/2012","format":false,"excerpt":"El titular de la Autoridad Federal de Servicios de Comunicaci\u00f3n Audiovisual (AFSCA), Mart\u00edn Sabbatella, se reuni\u00f3 hoy con integrantes de la Coalici\u00f3n por una Comunicaci\u00f3n Democr\u00e1tica quienes ratificaron su \u201ccompromiso con el cumplimiento de la Ley de Servicios de Comunicaci\u00f3n Audiovisual\u201d. Luego de la reuni\u00f3n, Sabbatella afirm\u00f3 que con la\u2026","rel":"","context":"En \u00abMedios\u00bb","block_context":{"text":"Medios","link":"https:\/\/www.24baires.com\/?cat=54"},"img":{"alt_text":"","src":"","width":0,"height":0},"classes":[]},{"id":3243,"url":"https:\/\/www.24baires.com\/?p=3243","url_meta":{"origin":2074,"position":1},"title":"La CTA respald\u00f3 la gesti\u00f3n de Mart\u00edn Sabbatella al frente de la AFSCA","author":"Grupo Sierra","date":"25\/10\/2012","format":false,"excerpt":"La Central de Trabajadores de la Argentina, que encabeza Hugo Yasky, reiter\u00f3 este jueves su apoyo a la gesti\u00f3n de Mart\u00edn Sabbatella al frente de la Autoridad Federal de Servicios de Comunicaci\u00f3n Audiovisual (AFSCA), y el compromiso con la inmediata aplicaci\u00f3n de la ley de Servicios de Comunicaci\u00f3n Audiovisual. \u201cVenimos\u2026","rel":"","context":"En \u00abMedios\u00bb","block_context":{"text":"Medios","link":"https:\/\/www.24baires.com\/?cat=54"},"img":{"alt_text":"","src":"https:\/\/i0.wp.com\/www.24baires.com\/wp-content\/uploads\/2012\/10\/yasky-sabbatella-300x213.jpg?resize=350%2C200","width":350,"height":200},"classes":[]},{"id":6560,"url":"https:\/\/www.24baires.com\/?p=6560","url_meta":{"origin":2074,"position":2},"title":"Impugnan al candidato del FAP para el directorio de la AFSCA por \u00abhaber falseado datos de su curriculum\u00bb","author":"Grupo Sierra","date":"23\/11\/2012","format":false,"excerpt":"La Autoridad Federal de Servicios de Comunicaci\u00f3n Audiovisual (AFSCA) avanz\u00f3 en la conformaci\u00f3n de su directorio, con la excepci\u00f3n del abogado Alejandro Pereyra, propuesto por el FAP, cuyo pliego fue impugnado y ahor\u00e1 ser\u00e1 girado nuevamente a la comisi\u00f3n bicameral parlamentaria. Por lo tanto, la Comisi\u00f3n Bicameral de Promoci\u00f3n y\u2026","rel":"","context":"En \u00abMedios\u00bb","block_context":{"text":"Medios","link":"https:\/\/www.24baires.com\/?cat=54"},"img":{"alt_text":"","src":"","width":0,"height":0},"classes":[]},{"id":34400,"url":"https:\/\/www.24baires.com\/?p=34400","url_meta":{"origin":2074,"position":3},"title":"Sabbatella notific\u00f3 al Grupo Clar\u00edn sobre el proceso de adecuaci\u00f3n","author":"AF","date":"31\/10\/2013","format":false,"excerpt":"El titular de la Autoridad Federal de Servicios de Comunicaci\u00f3n Audiovisual (Afsca), Mart\u00edn Sabbatella, notific\u00f3 la continuidad de la adecuaci\u00f3n de oficio al grupo Clar\u00edn tras el fallo de la Corte Suprema de Justicia que declar\u00f3 constitucional en todos los art\u00edculos la ley de servicios de comunicaci\u00f3n audiovisual. \"Con esto\u2026","rel":"","context":"En \u00abMedios\u00bb","block_context":{"text":"Medios","link":"https:\/\/www.24baires.com\/?cat=54"},"img":{"alt_text":"sabbatella","src":"https:\/\/i0.wp.com\/www.24baires.com\/wp-content\/uploads\/2013\/10\/sabbatella.jpg?resize=350%2C200","width":350,"height":200,"srcset":"https:\/\/i0.wp.com\/www.24baires.com\/wp-content\/uploads\/2013\/10\/sabbatella.jpg?resize=350%2C200 1x, https:\/\/i0.wp.com\/www.24baires.com\/wp-content\/uploads\/2013\/10\/sabbatella.jpg?resize=525%2C300 1.5x"},"classes":[]},{"id":34536,"url":"https:\/\/www.24baires.com\/?p=34536","url_meta":{"origin":2074,"position":4},"title":"Sabbatella y Tomada llevaron \u00abtranquilidad\u00bb a los delegados de Canal 13","author":"Grupo Sierra","date":"02\/11\/2013","format":false,"excerpt":"El titular de la AFSCA y el ministro de Trabajo debatieron con delegados de prensa del Canal 13, TN, y autoridades del SAT, la continuidad de los puestos de trabajo del sector audiovisual. En tanto, aseguraron haber \"transmitido tranquilidad a los trabajadores del Grupo Clar\u00edn\". El titular de la Autoridad\u2026","rel":"","context":"En \u00abMedios\u00bb","block_context":{"text":"Medios","link":"https:\/\/www.24baires.com\/?cat=54"},"img":{"alt_text":"","src":"","width":0,"height":0},"classes":[]},{"id":26089,"url":"https:\/\/www.24baires.com\/?p=26089","url_meta":{"origin":2074,"position":5},"title":"Sabbatella pide \u201cceleridad\u201d a la Corte Suprema","author":"Grupo Sierra","date":"16\/06\/2013","format":false,"excerpt":"\u201cLa ley de Medios avanza, a pesar de la acci\u00f3n judicial del Grupo Clar\u00edn y la cantidad de maniobras pol\u00edticas, comunicacionales y judiciales que buscan extender los tiempos para sostener su situaci\u00f3n de privilegio y as\u00ed dilatar la aplicaci\u00f3n integral de la norma\u201d, asegur\u00f3 el titular de la Autoridad Federal\u2026","rel":"","context":"En \u00abMedios\u00bb","block_context":{"text":"Medios","link":"https:\/\/www.24baires.com\/?cat=54"},"img":{"alt_text":"","src":"","width":0,"height":0},"classes":[]}],"jetpack_sharing_enabled":true,"jetpack_likes_enabled":true,"_links":{"self":[{"href":"https:\/\/www.24baires.com\/index.php?rest_route=\/wp\/v2\/posts\/2074","targetHints":{"allow":["GET"]}}],"collection":[{"href":"https:\/\/www.24baires.com\/index.php?rest_route=\/wp\/v2\/posts"}],"about":[{"href":"https:\/\/www.24baires.com\/index.php?rest_route=\/wp\/v2\/types\/post"}],"author":[{"embeddable":true,"href":"https:\/\/www.24baires.com\/index.php?rest_route=\/wp\/v2\/users\/11"}],"replies":[{"embeddable":true,"href":"https:\/\/www.24baires.com\/index.php?rest_route=%2Fwp%2Fv2%2Fcomments&post=2074"}],"version-history":[{"count":0,"href":"https:\/\/www.24baires.com\/index.php?rest_route=\/wp\/v2\/posts\/2074\/revisions"}],"wp:attachment":[{"href":"https:\/\/www.24baires.com\/index.php?rest_route=%2Fwp%2Fv2%2Fmedia&parent=2074"}],"wp:term":[{"taxonomy":"category","embeddable":true,"href":"https:\/\/www.24baires.com\/index.php?rest_route=%2Fwp%2Fv2%2Fcategories&post=2074"},{"taxonomy":"post_tag","embeddable":true,"href":"https:\/\/www.24baires.com\/index.php?rest_route=%2Fwp%2Fv2%2Ftags&post=2074"}],"curies":[{"name":"wp","href":"https:\/\/api.w.org\/{rel}","templated":true}]}}