{"id":2066,"date":"2012-10-12T09:00:43","date_gmt":"2012-10-12T12:00:43","guid":{"rendered":"http:\/\/www.24baires.com\/?p=2066"},"modified":"2012-10-12T21:06:16","modified_gmt":"2012-10-13T00:06:16","slug":"lanzan-la-agrupacion-gladys-zuccaro-en-pilar-un-emblema-de-la-juventud-peronista-local","status":"publish","type":"post","link":"https:\/\/www.24baires.com\/?p=2066","title":{"rendered":"Lanzan la Agrupaci\u00f3n Gladys Z\u00faccaro en Pilar, un emblema de la juventud peronista local"},"content":{"rendered":"<p>La agrupaci\u00f3n Gladys Z\u00faccaro, cuyo slogan es \u201cMilitando por la Inclusi\u00f3n Social\u201d, se presentar\u00e1 en sociedad el pr\u00f3ximo martes 16 de octubre y tiende a considerarse un emblema de la juventud peronista pilarense y que aglutina a las distintas corrientes juveniles que acompa\u00f1an la gesti\u00f3n del intendente de Pilar, Humberto Z\u00faccaro.<\/p>\n<p><!--more-->Seg\u00fan adelantaron sus organizadores, el acto que se realizar\u00e1 a partir de las 18,30 en Pedro Lagrave 159 (frente al tanque del Agua en la ciudad de Pilar) va a ser multitudinario ya que movilizar\u00e1n las organizaciones juveniles de las distintas locales de Pilar.<br \/>\nEl nombre de la agrupaci\u00f3n Gladys Z\u00faccaro no es casualidad: se trata de quien fuera la secretaria de Desarrollo Social de la Comuna de Pilar entre el 10 de diciembre de 2003 y el 16 de octubre de 2008, cuando falleci\u00f3, acompa\u00f1ando a su hermano en el gobierno de Z\u00faccaro.<br \/>\nAdem\u00e1s fue una incansable militante, que no s\u00f3lo colabor\u00f3 con su hermano en materia social y ayuda a los que mas lo necesitan, sino que adem\u00e1s milit\u00f3 en las filas del justicialismo desde muy joven.<br \/>\nLa agrupaci\u00f3n, si bien se presenta ahora, hace desde el a\u00f1o pasado que se est\u00e1 conformando. La agrupaci\u00f3n la lideran como presidente Enrique Z\u00faccaro, primog\u00e9nito del intendente pilarense, y como vicepresidenta Jazm\u00edn Z\u00faccaro, que a su vez acompa\u00f1a a su padre en la estrat\u00e9gica la Secretar\u00eda Privada de la Comuna.<br \/>\nHasta ahora, la juventud pilarense nucleada en la Gladys Z\u00faccaro ha trabajado en materia social y ha colaborado en actos municipales de las fechas patrias y fiestas populares de las distintas localidades, se espera que en el futuro tenga un rol m\u00e1s pol\u00edtico y que su prueba de fuego sean las elecciones legislativas del a\u00f1o pr\u00f3ximo.<\/p>\n","protected":false},"excerpt":{"rendered":"<p>La agrupaci\u00f3n Gladys Z\u00faccaro, cuyo slogan es \u201cMilitando por la Inclusi\u00f3n Social\u201d, se presentar\u00e1 en sociedad el pr\u00f3ximo martes 16 de octubre y tiende a considerarse un emblema de la juventud peronista pilarense y que aglutina a las distintas corrientes juveniles que acompa\u00f1an la gesti\u00f3n del intendente de Pilar, Humberto Z\u00faccaro.<\/p>\n","protected":false},"author":4,"featured_media":0,"comment_status":"open","ping_status":"open","sticky":false,"template":"","format":"standard","meta":{"_jetpack_newsletter_access":"","_jetpack_dont_email_post_to_subs":false,"_jetpack_newsletter_tier_id":0,"_jetpack_memberships_contains_paywalled_content":false,"_jetpack_memberships_contains_paid_content":false,"footnotes":""},"categories":[51],"tags":[],"class_list":["post-2066","post","type-post","status-publish","format-standard","hentry","category-politica"],"jetpack_featured_media_url":"","jetpack_shortlink":"https:\/\/wp.me\/p2JWE0-xk","jetpack-related-posts":[{"id":57874,"url":"https:\/\/www.24baires.com\/?p=57874","url_meta":{"origin":2066,"position":0},"title":"Denuncian por censura al intendente de Pilar, Humberto Z\u00faccaro","author":"AF","date":"29\/11\/2014","format":false,"excerpt":"Lo hicieron periodistas y militantes del Movimiento Evita. Vincularon las actitudes de Humberto Z\u00faccaro con la cobertura sobre las inundaciones. El militante de Proyecto Nacional manifest\u00f3 que este es un ejemplo de c\u00f3mo se maneja el massimo. Periodistas y militantes del partido de Pilar se manifestaron frente al municipio de\u2026","rel":"","context":"En \u00abLocales\u00bb","block_context":{"text":"Locales","link":"https:\/\/www.24baires.com\/?cat=38"},"img":{"alt_text":"z\u00faccaro","src":"https:\/\/i0.wp.com\/www.24baires.com\/wp-content\/uploads\/2012\/12\/z%C3%BAccaro.jpg?resize=350%2C200","width":350,"height":200,"srcset":"https:\/\/i0.wp.com\/www.24baires.com\/wp-content\/uploads\/2012\/12\/z%C3%BAccaro.jpg?resize=350%2C200 1x, https:\/\/i0.wp.com\/www.24baires.com\/wp-content\/uploads\/2012\/12\/z%C3%BAccaro.jpg?resize=525%2C300 1.5x"},"classes":[]},{"id":47663,"url":"https:\/\/www.24baires.com\/?p=47663","url_meta":{"origin":2066,"position":1},"title":"Muri\u00f3 Marcelo Castillo, intendente interino de Pilar y presidente del Concejo Deliberante","author":"AF","date":"09\/06\/2014","format":false,"excerpt":"Hombre clave en el armado del massista Humberto Zucccaro en Pilar, Marcelo Castillo presid\u00eda el Concejo Deliberante y estaba ejerciendo la intendencia interina en el distrito a ra\u00edz de las vacaciones de su jefe. Desde el 2003 fue el hombre de Z\u00faccaro en el Concejo. Marcelo Castillo, presid\u00eda el Concejo\u2026","rel":"","context":"En \u00abLocales\u00bb","block_context":{"text":"Locales","link":"https:\/\/www.24baires.com\/?cat=38"},"img":{"alt_text":"castillo carrillo","src":"https:\/\/i0.wp.com\/www.24baires.com\/wp-content\/uploads\/2014\/06\/castillo-carrillo.jpg?resize=350%2C200","width":350,"height":200,"srcset":"https:\/\/i0.wp.com\/www.24baires.com\/wp-content\/uploads\/2014\/06\/castillo-carrillo.jpg?resize=350%2C200 1x, https:\/\/i0.wp.com\/www.24baires.com\/wp-content\/uploads\/2014\/06\/castillo-carrillo.jpg?resize=525%2C300 1.5x"},"classes":[]},{"id":57549,"url":"https:\/\/www.24baires.com\/?p=57549","url_meta":{"origin":2066,"position":2},"title":"Periodistas de Pilar denuncian que el intendente los ech\u00f3","author":"Grupo Sierra","date":"22\/11\/2014","format":false,"excerpt":"La denuncia involucra al mandatario massista, Humberto Z\u00faccaro, quien habr\u00eda presionado a los directivos de una radio local para que se levanten dos programas opositores a su gesti\u00f3n. El intendente Humberto Z\u00faccaro habr\u00eda ordenado que se levanten dos programas radiales que habr\u00edan criticado la gesti\u00f3n del municipio durante las \u00faltimas\u2026","rel":"","context":"En \u00abLocales\u00bb","block_context":{"text":"Locales","link":"https:\/\/www.24baires.com\/?cat=38"},"img":{"alt_text":"zucaro- pilar","src":"https:\/\/i0.wp.com\/www.24baires.com\/wp-content\/uploads\/2014\/11\/zucaro-pilar.jpg?resize=350%2C200","width":350,"height":200,"srcset":"https:\/\/i0.wp.com\/www.24baires.com\/wp-content\/uploads\/2014\/11\/zucaro-pilar.jpg?resize=350%2C200 1x, https:\/\/i0.wp.com\/www.24baires.com\/wp-content\/uploads\/2014\/11\/zucaro-pilar.jpg?resize=525%2C300 1.5x"},"classes":[]},{"id":7601,"url":"https:\/\/www.24baires.com\/?p=7601","url_meta":{"origin":2066,"position":3},"title":"El intendente de Pilar advirti\u00f3 que \u00aben 2013 el CEAMSE se agota\u00bb","author":"AF","date":"02\/12\/2012","format":false,"excerpt":"El intendente de Pilar, Humberto Z\u00faccaro, se refiri\u00f3 al conflicto por el desecho de residuos entre la provincia de Buenos Aires y la Capital Federal y se\u00f1al\u00f3 que \"es el momento de trabajar en forma conjunta porque a fines de 2013 el CEAMSE se agota\". \"La provincia ya tom\u00f3 cartas\u2026","rel":"","context":"En \u00abPol\u00edtica\u00bb","block_context":{"text":"Pol\u00edtica","link":"https:\/\/www.24baires.com\/?cat=51"},"img":{"alt_text":"","src":"https:\/\/i0.wp.com\/www.24baires.com\/wp-content\/uploads\/2012\/12\/z%C3%BAccaro-300x199.jpg?resize=350%2C200","width":350,"height":200},"classes":[]},{"id":50848,"url":"https:\/\/www.24baires.com\/?p=50848","url_meta":{"origin":2066,"position":4},"title":"Pilar: cobrar\u00e1n un arancel a pacientes de otras zonas","author":"Grupo Sierra","date":"30\/07\/2014","format":false,"excerpt":"El intendente de Pilar, el massista Humberto Z\u00faccaro, anunci\u00f3 que cobrar\u00e1 un canon a las personas de otros distritos que se atiendan en hospitales de su municipio, y justific\u00f3 la medida al se\u00f1alar que casi la mitad de los pacientes no pertenecen a su distrito. El jefe comunal massista, quien\u2026","rel":"","context":"En \u00abLocales\u00bb","block_context":{"text":"Locales","link":"https:\/\/www.24baires.com\/?cat=38"},"img":{"alt_text":"z\u00faccaro","src":"https:\/\/i0.wp.com\/www.24baires.com\/wp-content\/uploads\/2014\/04\/z%C3%BAccaro.jpg?resize=350%2C200","width":350,"height":200,"srcset":"https:\/\/i0.wp.com\/www.24baires.com\/wp-content\/uploads\/2014\/04\/z%C3%BAccaro.jpg?resize=350%2C200 1x, https:\/\/i0.wp.com\/www.24baires.com\/wp-content\/uploads\/2014\/04\/z%C3%BAccaro.jpg?resize=525%2C300 1.5x"},"classes":[]},{"id":24611,"url":"https:\/\/www.24baires.com\/?p=24611","url_meta":{"origin":2066,"position":5},"title":"Conmoci\u00f3n en Pilar: Z\u00faccaro pedir\u00e1 reunirse con due\u00f1os del cementerio donde est\u00e1 Videla","author":"Grupo Sierra","date":"29\/05\/2013","format":false,"excerpt":"El Intendente de Pilar, Humberto Z\u00faccaro, habl\u00f3 con Radio La Plata sobre el entierro de los restos del dictador Jorge Rafael Videla en el cementerio privado Memorial de Pilar: \u201cQuiero hablar con los due\u00f1os del cementerio privado\u201d, expres\u00f3 el Jefe Comunal, al tiempo que mostr\u00f3 su deseo de \u201cestar al\u2026","rel":"","context":"En \u00abMemoria\u00bb","block_context":{"text":"Memoria","link":"https:\/\/www.24baires.com\/?cat=50"},"img":{"alt_text":"","src":"","width":0,"height":0},"classes":[]}],"jetpack_sharing_enabled":true,"jetpack_likes_enabled":true,"_links":{"self":[{"href":"https:\/\/www.24baires.com\/index.php?rest_route=\/wp\/v2\/posts\/2066","targetHints":{"allow":["GET"]}}],"collection":[{"href":"https:\/\/www.24baires.com\/index.php?rest_route=\/wp\/v2\/posts"}],"about":[{"href":"https:\/\/www.24baires.com\/index.php?rest_route=\/wp\/v2\/types\/post"}],"author":[{"embeddable":true,"href":"https:\/\/www.24baires.com\/index.php?rest_route=\/wp\/v2\/users\/4"}],"replies":[{"embeddable":true,"href":"https:\/\/www.24baires.com\/index.php?rest_route=%2Fwp%2Fv2%2Fcomments&post=2066"}],"version-history":[{"count":0,"href":"https:\/\/www.24baires.com\/index.php?rest_route=\/wp\/v2\/posts\/2066\/revisions"}],"wp:attachment":[{"href":"https:\/\/www.24baires.com\/index.php?rest_route=%2Fwp%2Fv2%2Fmedia&parent=2066"}],"wp:term":[{"taxonomy":"category","embeddable":true,"href":"https:\/\/www.24baires.com\/index.php?rest_route=%2Fwp%2Fv2%2Fcategories&post=2066"},{"taxonomy":"post_tag","embeddable":true,"href":"https:\/\/www.24baires.com\/index.php?rest_route=%2Fwp%2Fv2%2Ftags&post=2066"}],"curies":[{"name":"wp","href":"https:\/\/api.w.org\/{rel}","templated":true}]}}