{"id":2057,"date":"2012-10-12T19:01:33","date_gmt":"2012-10-12T22:01:33","guid":{"rendered":"http:\/\/www.24baires.com\/?p=2057"},"modified":"2012-10-12T19:03:50","modified_gmt":"2012-10-12T22:03:50","slug":"descalzo-nuestra-jefa-politica-es-la-presidenta-y-apoyamos-el-modelo-nacional-y-popular","status":"publish","type":"post","link":"https:\/\/www.24baires.com\/?p=2057","title":{"rendered":"Descalzo: \u00abNuestra jefa pol\u00edtica es la Presidenta y apoyamos el modelo nacional y popular\u00bb"},"content":{"rendered":"<p>El intendente de Ituzaing\u00f3, Alberto Descalzo, sostuvo que \u00abnuestra jefa pol\u00edtica es Cristina Fern\u00e1ndez de Kirchner\u00bb y \u00abapoyamos el modelo nacional y popular\u00bb.<!--more--><br \/>\nA pocas horas del encuentro que mantuvieron en San Miguel los intendentes de la primera secci\u00f3n electoral, Descalzo dijo a T\u00e9lam que \u00abnos uni\u00f3 el peronismo y por eso analizamos los temas de gesti\u00f3n que van surgiendo en los distintos municipios\u00bb.<br \/>\n\u00abComo intendentes estamos participando de un modelo donde hay acciones concretas para la gente, nos gusta la posibilidad de poder desarrollar distintas obras, y por eso respondemos a la Presidenta, que es nuestra jefa pol\u00edtica, y tambi\u00e9n al gobernador Daniel Scioli\u00bb, sum\u00f3.<br \/>\n\u00abTodos nuestros encuentros buscan unir y construir, no destruir\u00bb, aclar\u00f3 adem\u00e1s en referencia a la publicaci\u00f3n de un matutino donde se deslizan suspicacias respecto del encuentro.<br \/>\nDescalzo explicit\u00f3 que la sinergia es \u00abtal, que adem\u00e1s tenemos una misma l\u00ednea con el 7D porque creemos que es importante la pluralidad de voces\u00bb.<br \/>\nEntre los temas analizados figuraron: \u00abla basura, la seguridad, la situaci\u00f3n econ\u00f3mica, entre otros\u00bb.<br \/>\nAcordaron \u00abreuniones per\u00edodicas entre los secretarios de medio ambiente por el tema del Ceamse, y la semana pr\u00f3xima, debatir con los legisladores sobre el presupuesto de la Provincia de Buenos Aires\u00bb.<br \/>\nRespecto a la seguridad, Descalzo dijo que \u00abes una cuesti\u00f3n integral, no lo podemos limitar a poner polic\u00edas sino que debemos articular trabajos concretos con la justicia para ver c\u00f3mo actuan los jueces y fiscales\u00bb.<br \/>\nEn este marco quedaron en reunirse con \u00abla Corte Suprema de Justicia para que tambi\u00e9n se expida sobre esta cuesti\u00f3n\u00bb.<br \/>\n\u00abLa seguridad adem\u00e1s tiene que ver con la inclusi\u00f3n social y la educaci\u00f3n, sino parece que todo se arregla con una comisar\u00eda m\u00e1s\u00bb, ejemplific\u00f3.<br \/>\nEn cuanto a la ley de medios manfiest\u00f3 el \u201ctotal respaldo de los jefes comunales a su implementaci\u00f3n\u00bb al considerar \u00abimprescindible que haya m\u00e1s voces, m\u00e1s lugares en donde los vecinos puedan dar a conocer su opini\u00f3n y que la informaci\u00f3n no quede en manos de unos pocos\u201d.<br \/>\nParticiparon del encuentro los intendentes de Campana, Escobar, General Las Heras, General Rodr\u00edguez, General San Mart\u00edn, Hurlingham, Ituzaing\u00f3, Jos\u00e9 C. Paz, Luj\u00e1n, Marcos Paz, Mercedes, Merlo, Moreno, Mor\u00f3n, Malvinas Argentinas, Navarro, Pilar, San Fernando, San Isidro, San Miguel, Suipacha, y Tigre, entre otros.<\/p>\n","protected":false},"excerpt":{"rendered":"<p>El intendente de Ituzaing\u00f3, Alberto Descalzo, sostuvo que \u00abnuestra jefa pol\u00edtica es Cristina Fern\u00e1ndez de Kirchner\u00bb y \u00abapoyamos el modelo nacional y popular\u00bb.<\/p>\n","protected":false},"author":11,"featured_media":0,"comment_status":"open","ping_status":"open","sticky":false,"template":"","format":"standard","meta":{"_jetpack_newsletter_access":"","_jetpack_dont_email_post_to_subs":false,"_jetpack_newsletter_tier_id":0,"_jetpack_memberships_contains_paywalled_content":false,"_jetpack_memberships_contains_paid_content":false,"footnotes":""},"categories":[51],"tags":[],"class_list":["post-2057","post","type-post","status-publish","format-standard","hentry","category-politica"],"jetpack_featured_media_url":"","jetpack_shortlink":"https:\/\/wp.me\/p2JWE0-xb","jetpack-related-posts":[{"id":10817,"url":"https:\/\/www.24baires.com\/?p=10817","url_meta":{"origin":2057,"position":0},"title":"No se aplicar\u00e1 ninguna tasa a las naftas en la Provincia","author":"AF","date":"29\/12\/2012","format":false,"excerpt":"Alberto Descalzo, intendente de Ituzaing\u00f3 y presidente de la FAM, afirm\u00f3 que \"no se va a aplicar ninguna tasa a las naftas o al gasoil en ning\u00fan municipio, decisi\u00f3n acordada con todos los jefes comunales\". De esa forma, Descalzo desminti\u00f3 categ\u00f3ricamente al diario Clar\u00edn, que en su edici\u00f3n de hoy\u2026","rel":"","context":"En \u00abEconom\u00eda\u00bb","block_context":{"text":"Econom\u00eda","link":"https:\/\/www.24baires.com\/?cat=45"},"img":{"alt_text":"","src":"","width":0,"height":0},"classes":[]},{"id":23566,"url":"https:\/\/www.24baires.com\/?p=23566","url_meta":{"origin":2057,"position":1},"title":"La Presidenta inaugurar\u00e1 la Casa de Gobierno Municipal de Ituzaing\u00f3","author":"AF","date":"15\/05\/2013","format":false,"excerpt":"La Presidenta encabezar\u00e1 a las 17 la inauguraci\u00f3n de la nueva Casa de Gobierno Municipal, en esa ciudad del oeste del Gran Buenos Aires. Cristina encabezar\u00e1 el acto en la Peatonal Eva Per\u00f3n 848, donde se encuentra ubicada la Casa de Gobierno, financiada con inversi\u00f3n nacional, y la acompa\u00f1ar\u00e1 el\u2026","rel":"","context":"En \u00abLocales\u00bb","block_context":{"text":"Locales","link":"https:\/\/www.24baires.com\/?cat=38"},"img":{"alt_text":"","src":"","width":0,"height":0},"classes":[]},{"id":71501,"url":"https:\/\/www.24baires.com\/?p=71501","url_meta":{"origin":2057,"position":2},"title":"Intendentes advierten sobre la gobernabilidad si gana Macri","author":"GB","date":"01\/09\/2015","format":false,"excerpt":"Intendentes peronistas bonaerenses reafirmaron su apoyo a la candidatura presidencial oficialista y adem\u00e1s advirtieron sobre la gobernabilidad de los municipios y el futuro econ\u00f3mico y social en el Conurbano, en el eventual caso de que el l\u00edder del PRO Mauricio Macri fuera el pr\u00f3ximo presidente argentino. Tras el encuentro realizado\u2026","rel":"","context":"En \u00abPol\u00edtica\u00bb","block_context":{"text":"Pol\u00edtica","link":"https:\/\/www.24baires.com\/?cat=51"},"img":{"alt_text":"","src":"","width":0,"height":0},"classes":[]},{"id":93424,"url":"https:\/\/www.24baires.com\/?p=93424","url_meta":{"origin":2057,"position":3},"title":"Scioli recorri\u00f3 municipios y se reuni\u00f3 con intendentes","author":"GB","date":"29\/03\/2017","format":false,"excerpt":"El ex gobernador contin\u00faa con su desembarco en territorio bonaerense: este mediod\u00eda visit\u00f3 Ituzaing\u00f3 y se reuni\u00f3 con el hist\u00f3rico dirigente Alberto Descalzo. M\u00e1s tarde recorri\u00f3 Malvinas Argentinas junto al intendente del Grupo F\u00e9nix, Leo Nardini. El desembarco de Scioli en los municipios bonaerenses de Ituzaing\u00f3 y Malvinas Argentinas forma\u2026","rel":"","context":"En \u00abProvincia\u00bb","block_context":{"text":"Provincia","link":"https:\/\/www.24baires.com\/?cat=40"},"img":{"alt_text":"","src":"https:\/\/i0.wp.com\/www.24baires.com\/wp-content\/uploads\/2015\/11\/scioli-abrazo.jpg?resize=350%2C200","width":350,"height":200},"classes":[]},{"id":54643,"url":"https:\/\/www.24baires.com\/?p=54643","url_meta":{"origin":2057,"position":4},"title":"Ituzaing\u00f3: el Intendente dice que el robo a su hija fue \u00abun vuelto\u00bb de la Polic\u00eda","author":"AF","date":"02\/10\/2014","format":false,"excerpt":"Hace algunos d\u00edas hab\u00eda pedido la remoci\u00f3n de la c\u00fapula policial de su distrito por considerar que era \u201cliviano\u201d el accionar frente al delito. Y unas horas despu\u00e9s, su hija fue v\u00edctima de la inseguridad. Por eso el intendente de Ituzaing\u00f3, Alberto Descalzo, no descart\u00f3 que ese episodio fuera \u201cun\u2026","rel":"","context":"En \u00abLocales\u00bb","block_context":{"text":"Locales","link":"https:\/\/www.24baires.com\/?cat=38"},"img":{"alt_text":"descalzo ituzaingo","src":"https:\/\/i0.wp.com\/www.24baires.com\/wp-content\/uploads\/2014\/05\/descalzo-ituzaingo.jpg?resize=350%2C200","width":350,"height":200,"srcset":"https:\/\/i0.wp.com\/www.24baires.com\/wp-content\/uploads\/2014\/05\/descalzo-ituzaingo.jpg?resize=350%2C200 1x, https:\/\/i0.wp.com\/www.24baires.com\/wp-content\/uploads\/2014\/05\/descalzo-ituzaingo.jpg?resize=525%2C300 1.5x"},"classes":[]},{"id":113808,"url":"https:\/\/www.24baires.com\/?p=113808","url_meta":{"origin":2057,"position":5},"title":"Cafiero se reuni\u00f3 con intendentes bonaerenses para la coordinaci\u00f3n de Precios Cuidados","author":"GB","date":"15\/01\/2020","format":false,"excerpt":"El jefe de Gabinete, Santiago Cafiero, encabez\u00f3 una reuni\u00f3n en la Casa Rosada con intendentes del conurbano bonaerense enrolados en el Frente de Todos, con el objeto de coordinar junto con todos los niveles gubernamentales la aplicaci\u00f3n del programa de Precios Cuidados en sus respectivos municipios. El ministro coordinador destac\u00f3\u2026","rel":"","context":"En \u00abPol\u00edtica\u00bb","block_context":{"text":"Pol\u00edtica","link":"https:\/\/www.24baires.com\/?cat=51"},"img":{"alt_text":"","src":"https:\/\/i0.wp.com\/www.24baires.com\/wp-content\/uploads\/2020\/01\/cafiero-intendentes.jpg?resize=350%2C200","width":350,"height":200,"srcset":"https:\/\/i0.wp.com\/www.24baires.com\/wp-content\/uploads\/2020\/01\/cafiero-intendentes.jpg?resize=350%2C200 1x, https:\/\/i0.wp.com\/www.24baires.com\/wp-content\/uploads\/2020\/01\/cafiero-intendentes.jpg?resize=525%2C300 1.5x"},"classes":[]}],"jetpack_sharing_enabled":true,"jetpack_likes_enabled":true,"_links":{"self":[{"href":"https:\/\/www.24baires.com\/index.php?rest_route=\/wp\/v2\/posts\/2057","targetHints":{"allow":["GET"]}}],"collection":[{"href":"https:\/\/www.24baires.com\/index.php?rest_route=\/wp\/v2\/posts"}],"about":[{"href":"https:\/\/www.24baires.com\/index.php?rest_route=\/wp\/v2\/types\/post"}],"author":[{"embeddable":true,"href":"https:\/\/www.24baires.com\/index.php?rest_route=\/wp\/v2\/users\/11"}],"replies":[{"embeddable":true,"href":"https:\/\/www.24baires.com\/index.php?rest_route=%2Fwp%2Fv2%2Fcomments&post=2057"}],"version-history":[{"count":0,"href":"https:\/\/www.24baires.com\/index.php?rest_route=\/wp\/v2\/posts\/2057\/revisions"}],"wp:attachment":[{"href":"https:\/\/www.24baires.com\/index.php?rest_route=%2Fwp%2Fv2%2Fmedia&parent=2057"}],"wp:term":[{"taxonomy":"category","embeddable":true,"href":"https:\/\/www.24baires.com\/index.php?rest_route=%2Fwp%2Fv2%2Fcategories&post=2057"},{"taxonomy":"post_tag","embeddable":true,"href":"https:\/\/www.24baires.com\/index.php?rest_route=%2Fwp%2Fv2%2Ftags&post=2057"}],"curies":[{"name":"wp","href":"https:\/\/api.w.org\/{rel}","templated":true}]}}