{"id":20564,"date":"2013-04-09T13:00:49","date_gmt":"2013-04-09T16:00:49","guid":{"rendered":"http:\/\/www.24baires.com\/?p=20564"},"modified":"2013-04-09T12:52:27","modified_gmt":"2013-04-09T15:52:27","slug":"cablevision-no-quiere-cumplir-con-lo-que-se-le-ordena-advirtio-bonicatto","status":"publish","type":"post","link":"https:\/\/www.24baires.com\/?p=20564","title":{"rendered":"Cablevisi\u00f3n \u201cNo quiere cumplir con lo que se le ordena\u00bb advirti\u00f3 Bonicatto"},"content":{"rendered":"<p><img data-recalc-dims=\"1\" loading=\"lazy\" decoding=\"async\" class=\"aligncenter size-full wp-image-20565\" alt=\"bonicatto\" src=\"https:\/\/i0.wp.com\/www.24baires.com\/wp-content\/uploads\/2013\/04\/bonicatto.jpg?resize=560%2C552\" width=\"560\" height=\"552\" srcset=\"https:\/\/i0.wp.com\/www.24baires.com\/wp-content\/uploads\/2013\/04\/bonicatto.jpg?w=560&amp;ssl=1 560w, https:\/\/i0.wp.com\/www.24baires.com\/wp-content\/uploads\/2013\/04\/bonicatto.jpg?resize=300%2C295&amp;ssl=1 300w\" sizes=\"auto, (max-width: 560px) 100vw, 560px\" \/>El Defensor del Pueblo bonaerense, Carlos Bonicatto, dialog\u00f3 sobre la causa contra la empresa del Grupo Clar\u00edn por el cobro indebido de sus servicio en la Provincia. Adelant\u00f3 que en los pr\u00f3ximos d\u00edas podr\u00eda haber novedades de la Justicia, ya que eval\u00faa un nuevo pedido para que la cableoperadora se ajuste a los 130 pesos que determin\u00f3 la Secretaria de Comercio Interior.<!--more--><br \/>\nCarlos Bonicatto espera que la semana pr\u00f3xima la Justicia emita un nuevo fallo en la causa por la tarifa del abono b\u00e1sico de Cablevisi\u00f3n, empresa del Grupo Clar\u00edn que desconoce las resoluciones del secretario de Comercio Interior de la Naci\u00f3n, Guillermo Moreno, que fijaron el precio del servicio en 130 pesos.<\/p>\n<p>\u201cEl juez de primera instancia de La Plata, Adolfo Gabino Ziulu, ya cumpli\u00f3 con el requerimiento de la Defensor\u00eda del Pueblo en el sentido de obligar a la empresa a acatar su resoluci\u00f3n judicial\u201d, coment\u00f3 Bonicatto, aunque aclar\u00f3 que Cablevisi\u00f3n \u201cnos tienen hace aproximadamente un mes con diversas dilaciones procesales para no cumplir con lo que dice la justicia\u201d.<\/p>\n<p>El defensor agreg\u00f3 que, actualmente, los ciudadanos bonaerenses que quieren pagar el precio establecido por la Secretar\u00eda de Comercio Interior no pueden hacerlo porque la empresa del Grupo Clar\u00edn se ampara en una resoluci\u00f3n de la C\u00e1mara Federal de Mar del Plata, que no tiene ning\u00fan tipo de relaci\u00f3n con la causa iniciada.<\/p>\n<p>La primera decisi\u00f3n del juez Ziulu indicaba que Cablevisi\u00f3n deb\u00eda bajar su abono a 130 pesos, pero la empresa no cumpli\u00f3 con esta medida y la Defensor\u00eda del Pueblo realiz\u00f3 una denuncia penal. La presentaci\u00f3n fue desestimada por la justicia, pero Bonicatto apel\u00f3.<\/p>\n<p>\u201cNo quieren cumplir con lo que se les ordena. No se est\u00e1 pidiendo que la empresa no funcione. El Estado est\u00e1 actuando para proteger el eslab\u00f3n m\u00e1s d\u00e9bil de la cadena de consumo como lo es el consumidor\u201d, explic\u00f3 el defensor.<\/p>\n<p>Para Bonicatto \u201cCablevisi\u00f3n act\u00faa con soberbia afectando derechos colectivos\u201d y \u201ces inadmisible que nadie la controle\u201d.<\/p>\n<p>\u201cEsta empresa ofrece un servicio impropio, que afecta derechos colectivos y que en algunos lugares se ofrece de una manera monop\u00f3lica, en donde los usuarios no tienen ninguna posibilidad de quejas ni de cambios\u201d, explic\u00f3.<\/p>\n<p>Luego de iniciar la demanda contra Cablevisi\u00f3n en su rol de Defensor del Pueblo, Bonicatto fue amenazado por el Grupo Clar\u00edn con una carta documento por fuera del proceso judicial, acusando una persecuci\u00f3n pol\u00edtica y argumentando que el control de precios s\u00f3lo se realiza con esta empresa.<\/p>\n<p>\u201cNosotros iniciamos las medidas a pedido de los usuarios que se acercaron a la Defensor\u00eda del Pueblo. Como si fuera poco, despu\u00e9s me amenazaron con una causa penal por incumplimiento de los deberes de funcionario p\u00fablico\u201d, cont\u00f3.<\/p>\n<p>Tras las amenazas, Bonicatto recibi\u00f3 el apoyo de los senadores del Frente para la Victoria Luciano Martini, Gustavo Oliva y Emilio L\u00f3pez Muntaner.<\/p>\n<p>Al respecto, el defensor consider\u00f3 \u201cimportante\u201d que \u201clos diputados y senadores, que son representantes del pueblo elegidos leg\u00edtimamente en un acto democr\u00e1tico, ratifiquen las acciones de la Defensor\u00eda, que solo est\u00e1 haciendo cumplir las funciones que le son propias\u201d.<\/p>\n<p>\u201cEstamos avalados por todo el arco democr\u00e1tico de representaci\u00f3n del pueblo, pero la soberbia de una empresa nos impide avanzar\u201d, asegur\u00f3 Bonicatto.<\/p>\n<p>&nbsp;<\/p>\n<p>&nbsp;<\/p>\n<p>&nbsp;<\/p>\n<p>&nbsp;<\/p>\n<p>&nbsp;<\/p>\n<p>&nbsp;<\/p>\n<p>&nbsp;<\/p>\n<p>&nbsp;<\/p>\n<p>&nbsp;<\/p>\n<p>&nbsp;<\/p>\n<p>&nbsp;<\/p>\n<p>&nbsp;<\/p>\n<p>&nbsp;<\/p>\n<p>&nbsp;<\/p>\n","protected":false},"excerpt":{"rendered":"<p>El Defensor del Pueblo bonaerense, Carlos Bonicatto, dialog\u00f3 sobre la causa contra la empresa del Grupo Clar\u00edn por el cobro indebido de sus servicio en la Provincia. Adelant\u00f3 que en los pr\u00f3ximos d\u00edas podr\u00eda haber novedades de la Justicia, ya que eval\u00faa un nuevo pedido para que la cableoperadora se ajuste a los 130 pesos que determin\u00f3 la Secretaria de [&#8230;]<\/p>\n","protected":false},"author":4,"featured_media":0,"comment_status":"open","ping_status":"open","sticky":false,"template":"","format":"standard","meta":{"_jetpack_newsletter_access":"","_jetpack_dont_email_post_to_subs":false,"_jetpack_newsletter_tier_id":0,"_jetpack_memberships_contains_paywalled_content":false,"_jetpack_memberships_contains_paid_content":false,"footnotes":""},"categories":[54],"tags":[],"class_list":["post-20564","post","type-post","status-publish","format-standard","hentry","category-medios"],"jetpack_featured_media_url":"","jetpack_shortlink":"https:\/\/wp.me\/p2JWE0-5lG","jetpack-related-posts":[{"id":30722,"url":"https:\/\/www.24baires.com\/?p=30722","url_meta":{"origin":20564,"position":0},"title":"El Defensor del Pueblo de la Provincia afirm\u00f3 que \u00abCablevisi\u00f3n presiona a la Justicia\u00bb","author":"Grupo Sierra","date":"24\/08\/2013","format":false,"excerpt":"Carlos Bonicatto acus\u00f3 a la empresa Cablevisi\u00f3n, del Grupo Clar\u00edn, de \u201cagraviar a las instituciones y presionar a la Justicia\u201d para que ese organismo sea apartado de la causa por sobrefacturaci\u00f3n en la tarifa de televisi\u00f3n por cable a los usuarios. El Defensor del Pueblo bonaerense Carlos Bonicatto, acus\u00f3 hoy\u2026","rel":"","context":"En \u00abMedios\u00bb","block_context":{"text":"Medios","link":"https:\/\/www.24baires.com\/?cat=54"},"img":{"alt_text":"","src":"","width":0,"height":0},"classes":[]},{"id":21482,"url":"https:\/\/www.24baires.com\/?p=21482","url_meta":{"origin":20564,"position":1},"title":"Cablevisi\u00f3n deber\u00e1 pagar $100 mil por d\u00eda hasta que baje su tarifa a $130","author":"AF","date":"20\/04\/2013","format":false,"excerpt":"La sanci\u00f3n fue resuelta por el magistrado platense Adolfo Ziulu, tras hacer lugar a un pedido de la Defensor\u00eda del Pueblo bonaerense. A pesar de las sucesivas \u00f3rdenes judiciales, la cableoperadora del Grupo Clar\u00edn se ha negado hasta el momento a adecuar el su abono b\u00e1sico mensual a los 130\u2026","rel":"","context":"En \u00abMedios\u00bb","block_context":{"text":"Medios","link":"https:\/\/www.24baires.com\/?cat=54"},"img":{"alt_text":"cablevisi\u00f3n","src":"https:\/\/i0.wp.com\/www.24baires.com\/wp-content\/uploads\/2013\/01\/cablevisi%C3%B3n-300x199.jpg?resize=350%2C200","width":350,"height":200},"classes":[]},{"id":18766,"url":"https:\/\/www.24baires.com\/?p=18766","url_meta":{"origin":20564,"position":2},"title":"Senadores bonaerenses apoyan las acciones judiciales contra Cablevisi\u00f3n","author":"AF","date":"18\/03\/2013","format":false,"excerpt":"Un proyecto impulsado en la C\u00e1mara alta respalda la presentaci\u00f3n judicial de la Defensor\u00eda del Pueblo provincial contra la empresa del Grupo Clar\u00edn por el cobro indebido de su servicio y solicita que la firma adecue el costo del abono b\u00e1sico del cable. \u201cEsta acci\u00f3n judicial logr\u00f3 ponerle un l\u00edmite\u2026","rel":"","context":"En \u00abMedios\u00bb","block_context":{"text":"Medios","link":"https:\/\/www.24baires.com\/?cat=54"},"img":{"alt_text":"","src":"","width":0,"height":0},"classes":[]},{"id":32435,"url":"https:\/\/www.24baires.com\/?p=32435","url_meta":{"origin":20564,"position":3},"title":"Avanza causa penal contra Cablevisi\u00f3n iniciada por la Defensor\u00eda del Pueblo","author":"AF","date":"25\/09\/2013","format":false,"excerpt":"La C\u00e1mara Federal de Apelaciones de la capital de la provincia de Buenos Aires orden\u00f3 desarchivar y dar curso a la causa penal iniciada por la Defensoria del Pueblo. Carlos Bonicatto, que ser\u00e1 querellante, dispuso que el expediente siga delante para determinar el incumplimiento de la empresa. La C\u00e1mara Federal\u2026","rel":"","context":"En \u00abMedios\u00bb","block_context":{"text":"Medios","link":"https:\/\/www.24baires.com\/?cat=54"},"img":{"alt_text":"cablevision","src":"https:\/\/i0.wp.com\/www.24baires.com\/wp-content\/uploads\/2012\/12\/cablevision.jpg?resize=350%2C200","width":350,"height":200,"srcset":"https:\/\/i0.wp.com\/www.24baires.com\/wp-content\/uploads\/2012\/12\/cablevision.jpg?resize=350%2C200 1x, https:\/\/i0.wp.com\/www.24baires.com\/wp-content\/uploads\/2012\/12\/cablevision.jpg?resize=525%2C300 1.5x"},"classes":[]},{"id":17649,"url":"https:\/\/www.24baires.com\/?p=17649","url_meta":{"origin":20564,"position":4},"title":"El Defensor del Pueblo bonaerense denuncia amenazas de Cablevisi\u00f3n","author":"AF","date":"06\/03\/2013","format":false,"excerpt":"Carlos Bonicatto, el defensor del pueblo bonaerense, denunci\u00f3 que la empresa Cablevisi\u00f3n le envi\u00f3 una carta documento \"amenazante\", por su decisi\u00f3n de reclamar ante la Justicia que el cableoperador respete el precio fijado por la Secretar\u00eda de Comercio Interior. La C\u00e1mara Federal de Apelaciones de La Plata ratific\u00f3 la medida\u2026","rel":"","context":"En \u00abMedios\u00bb","block_context":{"text":"Medios","link":"https:\/\/www.24baires.com\/?cat=54"},"img":{"alt_text":"","src":"","width":0,"height":0},"classes":[]},{"id":13638,"url":"https:\/\/www.24baires.com\/?p=13638","url_meta":{"origin":20564,"position":5},"title":"Cablevisi\u00f3n deber\u00e1 bajar la tarifa b\u00e1sica por una medida cautelar","author":"AF","date":"26\/01\/2013","format":false,"excerpt":"La justicia convalid\u00f3 la medida cautelar contra Cablevisi\u00f3n que present\u00f3 la Defensor\u00eda del Pueblo bonaerense y confirm\u00f3 que la empresa debe cobrar su abono de TV por cable a 130 pesos. El tratamiento de este caso en feria judicial surge del pedido del Defensor del Pueblo, Carlos Bonicatto, quien solicit\u00f3\u2026","rel":"","context":"En \u00abMedios\u00bb","block_context":{"text":"Medios","link":"https:\/\/www.24baires.com\/?cat=54"},"img":{"alt_text":"cablevisi\u00f3n","src":"https:\/\/i0.wp.com\/www.24baires.com\/wp-content\/uploads\/2013\/01\/cablevisi%C3%B3n-300x199.jpg?resize=350%2C200","width":350,"height":200},"classes":[]}],"jetpack_sharing_enabled":true,"jetpack_likes_enabled":true,"_links":{"self":[{"href":"https:\/\/www.24baires.com\/index.php?rest_route=\/wp\/v2\/posts\/20564","targetHints":{"allow":["GET"]}}],"collection":[{"href":"https:\/\/www.24baires.com\/index.php?rest_route=\/wp\/v2\/posts"}],"about":[{"href":"https:\/\/www.24baires.com\/index.php?rest_route=\/wp\/v2\/types\/post"}],"author":[{"embeddable":true,"href":"https:\/\/www.24baires.com\/index.php?rest_route=\/wp\/v2\/users\/4"}],"replies":[{"embeddable":true,"href":"https:\/\/www.24baires.com\/index.php?rest_route=%2Fwp%2Fv2%2Fcomments&post=20564"}],"version-history":[{"count":2,"href":"https:\/\/www.24baires.com\/index.php?rest_route=\/wp\/v2\/posts\/20564\/revisions"}],"predecessor-version":[{"id":20567,"href":"https:\/\/www.24baires.com\/index.php?rest_route=\/wp\/v2\/posts\/20564\/revisions\/20567"}],"wp:attachment":[{"href":"https:\/\/www.24baires.com\/index.php?rest_route=%2Fwp%2Fv2%2Fmedia&parent=20564"}],"wp:term":[{"taxonomy":"category","embeddable":true,"href":"https:\/\/www.24baires.com\/index.php?rest_route=%2Fwp%2Fv2%2Fcategories&post=20564"},{"taxonomy":"post_tag","embeddable":true,"href":"https:\/\/www.24baires.com\/index.php?rest_route=%2Fwp%2Fv2%2Ftags&post=20564"}],"curies":[{"name":"wp","href":"https:\/\/api.w.org\/{rel}","templated":true}]}}