{"id":20382,"date":"2013-04-07T13:30:09","date_gmt":"2013-04-07T16:30:09","guid":{"rendered":"http:\/\/www.24baires.com\/?p=20382"},"modified":"2013-04-13T00:21:56","modified_gmt":"2013-04-13T03:21:56","slug":"informes-lapidarios","status":"publish","type":"post","link":"https:\/\/www.24baires.com\/?p=20382","title":{"rendered":"Informes lapidarios"},"content":{"rendered":"<p><img data-recalc-dims=\"1\" loading=\"lazy\" decoding=\"async\" class=\"aligncenter size-full wp-image-20383\" alt=\"tolosa1_1024x680\" src=\"https:\/\/i0.wp.com\/www.24baires.com\/wp-content\/uploads\/2013\/04\/tolosa1_1024x680.jpg?resize=560%2C334\" width=\"560\" height=\"334\" srcset=\"https:\/\/i0.wp.com\/www.24baires.com\/wp-content\/uploads\/2013\/04\/tolosa1_1024x680.jpg?w=560&amp;ssl=1 560w, https:\/\/i0.wp.com\/www.24baires.com\/wp-content\/uploads\/2013\/04\/tolosa1_1024x680.jpg?resize=300%2C178&amp;ssl=1 300w\" sizes=\"auto, (max-width: 560px) 100vw, 560px\" \/><\/p>\n<p>De acuerdo con un informe elaborado por los expertos en hidrolog\u00eda de la Facultad de Ingenier\u00eda de la Universidad Nacional de La Plata, los Ingenieros Pablo Romanazzi y Arturo Urbiztondo, el trabajo recomendaba en 2011 al Gobierno municipal de La Plata \u201campliar la capacidad de conducci\u00f3n del curso del arroyo El Gato\u201d, debido a que el sistema actual \u00abpresenta deficiencias en la evacuaci\u00f3n a\u00fan con lluvias de menor intensidad\u00bb.<!--more--><\/p>\n<p>\u00abEl crecimiento de los conductos troncales no ha acompa\u00f1ado al crecimiento urbano de la ciudad\u00bb, remarcaban los profesionales en su informe, y adem\u00e1s alertaban la existencia de \u00abuna situaci\u00f3n de colapso para las pocas salidas que presenta el sistema de evacuaci\u00f3n actual\u00bb.<br \/>\nOtro informe de la Facultad de Ingenier\u00eda de la Universidad de La Plata hab\u00eda llegado a las mismas conclusiones en 2008 y ya entonces advert\u00eda que el panorama iba a agravarse \u00absi no se contiene la urbanizaci\u00f3n descontrolada y no se trazan planes hidr\u00e1ulicos adaptados a estas tormentas\u00bb.<br \/>\nLas autoridades del municipio local desoyeron ambos estudios y las inundaciones que hab\u00eda sufrido la ciudad en 2002 y 2005 volvieron a repetirse en 2008 y 2010 sin que se iniciasen las obras demandadas por los expertos.<br \/>\nEn igual sentido, se manifest\u00f3 el profesor titular de hidrogeolog\u00eda de la universidad platense, Mario Hern\u00e1ndez, quien sostuvo que \u00aben los \u00faltimos 20 a\u00f1os hubo un crecimiento en las construcciones que no fue acompa\u00f1ado por el sistema de desag\u00fce pluvial\u00bb.<br \/>\nSi bien \u00abes cierto que la lluvia fue extrema, pero si se hubiera puesto en marcha un plan de contingencia eficiente hubiera habido menos muertes\u00bb, a\u00f1adi\u00f3 Hern\u00e1ndez.<br \/>\nEl temporal que azot\u00f3 el pasado martes a la capital bonaerense dej\u00f3 un saldo de 51 v\u00edctimas fatales, aunque ese n\u00famero puede ser mayor, si la Justicia determina que los fallecimientos de personas internadas en los hospitales luego de la inundaci\u00f3n, fueron por causa de \u00e9sta.<br \/>\nAdvertencia<br \/>\nEn el informe de la Universidad platense, se dejaba constancia que, luego de cuatro inundaciones en ocho a\u00f1os (entre 2002 y 2010), resultaba imprescindible hacer algo para \u201cevitar una cat\u00e1strofe\u201d.<br \/>\nLas cr\u00f3nicas recuerdan la inundaci\u00f3n del 27 de enero de 2002, cuando cayeron apenas 80 mil\u00edmetros en una hora (este martes cayeron 400 mm), y la ciudad se inund\u00f3 por completo, oportunidad que tuvieron que evacuarse a m\u00e1s de 70 mil platenses.<br \/>\nEl Jefe Comunal en ese momento era el actual ministro de Justicia, Julio Alak, quien por entonces encarg\u00f3 a un equipo de expertos un \u201cplan de obras h\u00eddricas, con alcantarillado y desag\u00fces que ten\u00eda como eje la cuenca del arroyo El Gato\u201d, proyecto que tard\u00f3 dos a\u00f1os antes de iniciarse, que no pudo evitar que en marzo de 2005, La Plata se inundara nuevamente. Antes de finalizar su gesti\u00f3n en diciembre de 2007, Alak alcanz\u00f3 a inaugurar la primera etapa de la obra h\u00eddrica.<\/p>\n<p><strong>Debut y recurrencia<\/strong><\/p>\n<p>El actual intendente, Pablo Bruera, quien sucedi\u00f3 a Alak en diciembre de 2007, debut\u00f3 en el cargo con otra inundaci\u00f3n que se abati\u00f3 sobre la capital bonaerense en febrero de 2008, dejando un saldo de m\u00e1s de 90 mil inundados y un fallecido.<br \/>\nA ra\u00edz de ello, otro informe de la Facultad de Ingenier\u00eda de la Universidad de La Plata, publicado por un matutino porte\u00f1o,\u00ad advert\u00eda que el panorama iba a agravarse \u00absi no se contiene la urbanizaci\u00f3n descontrolada y no se trazan planes hidr\u00e1ulicos adaptados a estas tormentas\u00bb. En marzo de 2010 la realidad le dio la raz\u00f3n, el agua tap\u00f3 gran parte de Ensenada, distrito vecino hacia donde desagota la ciudad de La Plata.<br \/>\nSin embargo, y a pesar de ello, el Concejo Deliberante de la ciudad Capital de los bonaerenses, aprob\u00f3 una reforma del C\u00f3digo de Planeamiento Urbano que dispar\u00f3 la construcci\u00f3n de edificios en zonas cuya infraestructura de servicios h\u00eddricos ya se encontraba colapsada. Negocios le dicen, vio.<br \/>\n<strong>Pron\u00f3sticos deso\u00eddos<\/strong><br \/>\nEn una columna del experto en Comunicaci\u00f3n Institucional, Marcelo Valente, publicada este viernes en InfoGEI, da cuenta que los expertos catalogaban al temporal como un \u201cfen\u00f3meno meteorol\u00f3gico extremo, de esos que suceden muy raramente\u201d, por lo que el columnista se preguntaba:. \u00bfEso quiere decir que por ser que estos fen\u00f3menos al ser \u00abextremos\u00bb son imprevisibles?, a lo que Valente se respond\u00eda con contundencia: \u201cNo soy meteor\u00f3logo ni nada por el estilo, pero la respuesta es no\u201d.<br \/>\nPara fundamentar su afirmaci\u00f3n, Valente la document\u00f3 con los pron\u00f3sticos extendidos de una semana antes de la tormenta, por las agencias de clima: Fallingrain, Infoclima y Accuweather (disponibles en internet), las que coincid\u00edan en sus pron\u00f3sticos de \u201dalta la probabilidad de tormentas muy fuertes con mucha precipitaci\u00f3n de agua sobre la ciudad de La Plata para el martes 2 de abril\u201d. Sin tanta anticipaci\u00f3n, dice Valente en su nota, el Servicio Meteorol\u00f3gico Nacional emiti\u00f3 una alerta a la que tampoco \u201cnadie parece haberle dado importancia\u201d.<\/p>\n<p>&nbsp;<\/p>\n<p><strong>Muertes evitables<\/strong><br \/>\nLa puesta en marcha de un Plan de Contingencia para tal fen\u00f3meno clim\u00e1tico, anticipado varios d\u00edas, sin duda hubiese evitado muchas muertes, quiz\u00e1s la totalidad de las 51 admitidas, y la de varias m\u00e1s ocurridas en los hospitales platenses, a\u00fan no atribuidas a la inundaci\u00f3n.<br \/>\nDesde Puerta 12 en el Monumental en los a\u00f1os \u201950, La Disco Kheyvis en 1993, Croma\u00f1\u00f3n en 2004, y Estaci\u00f3n Once hace un a\u00f1o, por nombrar algunas tragedias, para la Justicia la negligencia, la ineptitud, la ineficiencia y la corrupci\u00f3n, que han provocado centenares de muertos en todas ellas, no constituyen delitos punibles. Una Justicia que ya no va m\u00e1s y que urge democratizar.<br \/>\n&nbsp;<\/p>\n","protected":false},"excerpt":{"rendered":"<p>De acuerdo con un informe elaborado por los expertos en hidrolog\u00eda de la Facultad de Ingenier\u00eda de la Universidad Nacional de La Plata, los Ingenieros Pablo Romanazzi y Arturo Urbiztondo, el trabajo recomendaba en 2011 al Gobierno municipal de La Plata \u201campliar la capacidad de conducci\u00f3n del curso del arroyo El Gato\u201d, debido a que el sistema actual \u00abpresenta deficiencias [&#8230;]<\/p>\n","protected":false},"author":11,"featured_media":0,"comment_status":"open","ping_status":"open","sticky":false,"template":"","format":"standard","meta":{"_jetpack_newsletter_access":"","_jetpack_dont_email_post_to_subs":false,"_jetpack_newsletter_tier_id":0,"_jetpack_memberships_contains_paywalled_content":false,"_jetpack_memberships_contains_paid_content":false,"footnotes":""},"categories":[64],"tags":[],"class_list":["post-20382","post","type-post","status-publish","format-standard","hentry","category-opinion"],"jetpack_featured_media_url":"","jetpack_shortlink":"https:\/\/wp.me\/p2JWE0-5iK","jetpack-related-posts":[{"id":21866,"url":"https:\/\/www.24baires.com\/?p=21866","url_meta":{"origin":20382,"position":0},"title":"Denuncian a Pablo Bruera por \u00abestrago culposo\u00bb y \u00abaccionar negligente\u00bb","author":"AF","date":"25\/04\/2013","format":false,"excerpt":"El Colectivo de Investigaci\u00f3n y Acci\u00f3n Jur\u00eddica (CIAJ) denunci\u00f3 ante la Justicia Penal de La Plata al intendente Pablo Bruera por \"estrago culposo\" durante el temporal e inundaci\u00f3n de la ciudad del 2 y 3 de abril, que ocasion\u00f3 m\u00e1s de 50 muertos, se inform\u00f3 oficialmente. \"Las v\u00edctimas producidas por\u2026","rel":"","context":"En \u00abPol\u00edtica\u00bb","block_context":{"text":"Pol\u00edtica","link":"https:\/\/www.24baires.com\/?cat=51"},"img":{"alt_text":"","src":"","width":0,"height":0},"classes":[]},{"id":20330,"url":"https:\/\/www.24baires.com\/?p=20330","url_meta":{"origin":20382,"position":1},"title":"El Ministerio de Planificaci\u00f3n y la UNLP trabajan para ejecutar una auditor\u00eda t\u00e9cnica","author":"AF","date":"06\/04\/2013","format":false,"excerpt":"Permitir\u00e1 elaborar un informe t\u00e9cnico y diagn\u00f3stico de la tormenta del 2 de abril y sus consecuencias en la ciudad de La Plata y distritos vecinos, el cual deber\u00e1 estar concluido en un plazo de 45 d\u00edas. La Facultad de Ingenier\u00eda sugerir\u00e1 cursos de acci\u00f3n. El subsecretario de Recursos H\u00eddricos\u2026","rel":"","context":"En \u00abLocales\u00bb","block_context":{"text":"Locales","link":"https:\/\/www.24baires.com\/?cat=38"},"img":{"alt_text":"","src":"","width":0,"height":0},"classes":[]},{"id":102147,"url":"https:\/\/www.24baires.com\/?p=102147","url_meta":{"origin":20382,"position":2},"title":"Jornadas sobre Cibercrimen en la Facultad de Ingenier\u00eda de Mar del Plata","author":"GB","date":"15\/05\/2018","format":false,"excerpt":"La Facultad de Ingenier\u00eda de la Universidad Nacional de Mar del Plata junto al Ministerio de Seguridad de la Naci\u00f3n desarrollar\u00e1n, el jueves 24 de mayo, la Jornada de Seguridad \"Lucha contra el Cibercrimen: actualidad y desaf\u00edos\". El encuentro, se llevar\u00e1 a cabo a partir de las 08:00 en el\u2026","rel":"","context":"En \u00abLocales\u00bb","block_context":{"text":"Locales","link":"https:\/\/www.24baires.com\/?cat=38"},"img":{"alt_text":"","src":"https:\/\/i0.wp.com\/www.24baires.com\/wp-content\/uploads\/2018\/05\/cibercrimen.jpg?resize=350%2C200","width":350,"height":200,"srcset":"https:\/\/i0.wp.com\/www.24baires.com\/wp-content\/uploads\/2018\/05\/cibercrimen.jpg?resize=350%2C200 1x, https:\/\/i0.wp.com\/www.24baires.com\/wp-content\/uploads\/2018\/05\/cibercrimen.jpg?resize=525%2C300 1.5x"},"classes":[]},{"id":40451,"url":"https:\/\/www.24baires.com\/?p=40451","url_meta":{"origin":20382,"position":3},"title":"La Plata y Brandsen quedar\u00edan unidas nuevamente por el tren","author":"Grupo Sierra","date":"14\/02\/2014","format":false,"excerpt":"LA PLATA- Vecinos, dirigentes sociales, empresarios, autoridades universitarias y diputados nacionales acordaron conformar una Mesa Coordinadora para avanzar en la vuelta del servicio tanto de pasajeros como de carga. Por su parte, legisladores se comprometieron a hacer llegar el pedido de los vecinos al Congreso Nacional y adelantaron que presentar\u00e1n\u2026","rel":"","context":"En \u00abProvincia\u00bb","block_context":{"text":"Provincia","link":"https:\/\/www.24baires.com\/?cat=40"},"img":{"alt_text":"tren en miramar","src":"https:\/\/i0.wp.com\/www.24baires.com\/wp-content\/uploads\/2013\/01\/tren-en-miramar.jpg?resize=350%2C200","width":350,"height":200,"srcset":"https:\/\/i0.wp.com\/www.24baires.com\/wp-content\/uploads\/2013\/01\/tren-en-miramar.jpg?resize=350%2C200 1x, https:\/\/i0.wp.com\/www.24baires.com\/wp-content\/uploads\/2013\/01\/tren-en-miramar.jpg?resize=525%2C300 1.5x"},"classes":[]},{"id":49081,"url":"https:\/\/www.24baires.com\/?p=49081","url_meta":{"origin":20382,"position":4},"title":"La Universidad de La Plata realizar\u00e1 un estudio de las v\u00edas a Brandsen","author":"Grupo Sierra","date":"01\/07\/2014","format":false,"excerpt":"La Facultad de Ingenier\u00eda firm\u00f3 hoy un acta de compromiso para la realizaci\u00f3n de un estudio t\u00e9cnico de las v\u00edas. Alumnos y docentes de Agrimensura desarrollar\u00e1n una cartograf\u00eda actualizada de la zona. En el Pasaje Dardo Rocha se realiz\u00f3 hoy un acto en conmemoraci\u00f3n de los 131 a\u00f1os del campanazo\u2026","rel":"","context":"En \u00abLocales\u00bb","block_context":{"text":"Locales","link":"https:\/\/www.24baires.com\/?cat=38"},"img":{"alt_text":"brandsen","src":"https:\/\/i0.wp.com\/www.24baires.com\/wp-content\/uploads\/2013\/05\/brandsen.jpg?resize=350%2C200","width":350,"height":200},"classes":[]},{"id":64972,"url":"https:\/\/www.24baires.com\/?p=64972","url_meta":{"origin":20382,"position":5},"title":"Mar del Plata: estudiantes de ingenier\u00eda crean un sistema de pr\u00e9stamo de bicis","author":"GB","date":"27\/04\/2015","format":false,"excerpt":"Es para que los alumnos se trasladen desde la Facultad hasta las sedes anexas de la unidad acad\u00e9mica. Los alumnos de la Facultad de Ingenier\u00eda de Mar del Plata recibieron una buena noticia: el Centro de Estudiantes, que conduce la Agrupaci\u00f3n Cauces, inaugur\u00f3 un sistema de pr\u00e9stamo de bicicletas, en\u2026","rel":"","context":"En \u00abMunicipios\u00bb","block_context":{"text":"Municipios","link":"https:\/\/www.24baires.com\/?cat=44"},"img":{"alt_text":"","src":"","width":0,"height":0},"classes":[]}],"jetpack_sharing_enabled":true,"jetpack_likes_enabled":true,"_links":{"self":[{"href":"https:\/\/www.24baires.com\/index.php?rest_route=\/wp\/v2\/posts\/20382","targetHints":{"allow":["GET"]}}],"collection":[{"href":"https:\/\/www.24baires.com\/index.php?rest_route=\/wp\/v2\/posts"}],"about":[{"href":"https:\/\/www.24baires.com\/index.php?rest_route=\/wp\/v2\/types\/post"}],"author":[{"embeddable":true,"href":"https:\/\/www.24baires.com\/index.php?rest_route=\/wp\/v2\/users\/11"}],"replies":[{"embeddable":true,"href":"https:\/\/www.24baires.com\/index.php?rest_route=%2Fwp%2Fv2%2Fcomments&post=20382"}],"version-history":[{"count":3,"href":"https:\/\/www.24baires.com\/index.php?rest_route=\/wp\/v2\/posts\/20382\/revisions"}],"predecessor-version":[{"id":20386,"href":"https:\/\/www.24baires.com\/index.php?rest_route=\/wp\/v2\/posts\/20382\/revisions\/20386"}],"wp:attachment":[{"href":"https:\/\/www.24baires.com\/index.php?rest_route=%2Fwp%2Fv2%2Fmedia&parent=20382"}],"wp:term":[{"taxonomy":"category","embeddable":true,"href":"https:\/\/www.24baires.com\/index.php?rest_route=%2Fwp%2Fv2%2Fcategories&post=20382"},{"taxonomy":"post_tag","embeddable":true,"href":"https:\/\/www.24baires.com\/index.php?rest_route=%2Fwp%2Fv2%2Ftags&post=20382"}],"curies":[{"name":"wp","href":"https:\/\/api.w.org\/{rel}","templated":true}]}}