{"id":20366,"date":"2013-04-06T22:13:33","date_gmt":"2013-04-07T01:13:33","guid":{"rendered":"http:\/\/www.24baires.com\/?p=20366"},"modified":"2013-04-18T18:25:39","modified_gmt":"2013-04-18T21:25:39","slug":"la-pobreza-de-moyano","status":"publish","type":"post","link":"https:\/\/www.24baires.com\/?p=20366","title":{"rendered":"La pobreza de Moyano"},"content":{"rendered":"<p><img data-recalc-dims=\"1\" loading=\"lazy\" decoding=\"async\" class=\"aligncenter size-full wp-image-20367\" alt=\"moyano-hugo-moyano-pablo\" src=\"https:\/\/i0.wp.com\/www.24baires.com\/wp-content\/uploads\/2013\/04\/moyano-hugo-moyano-pablo.jpg?resize=560%2C314\" width=\"560\" height=\"314\" srcset=\"https:\/\/i0.wp.com\/www.24baires.com\/wp-content\/uploads\/2013\/04\/moyano-hugo-moyano-pablo.jpg?w=560&amp;ssl=1 560w, https:\/\/i0.wp.com\/www.24baires.com\/wp-content\/uploads\/2013\/04\/moyano-hugo-moyano-pablo.jpg?resize=300%2C168&amp;ssl=1 300w\" sizes=\"auto, (max-width: 560px) 100vw, 560px\" \/><\/p>\n<p><em>(Por Mar\u00eda Jos\u00e9 S\u00e1nchez)<\/em> En circunstancias adversas, en momentos de p\u00e1nico, dolor y penurias, se ve de que se est\u00e1 hecho. No hay muchas m\u00e1s vueltas, es as\u00ed. Cuando alguien precisa socorro, cuando tanta gente necesita, cuando la devastaci\u00f3n es el \u00fanico paisaje que podemos ver, ah\u00ed nos mostramos como realmente somos. Y lo manifestamos en lo que decimos, s\u00ed, pero m\u00e1s que nada en lo que hacemos.<!--more--><br \/>\nEn estos d\u00edas donde miles de ciudadanos han perdido todo, literalmente todo por las inundaciones que trajo este terrible temporal, donde decenas han muerto a causa de los efectos tr\u00e1gicos de la tormenta abatida en Buenos Aires y especialmente La Plata, nada puede hacerse, pero nada, que no sea ayudar como se pueda, con lo que se tenga, con las pocas o muchas herramientas con las que se cuente. Con la predisposici\u00f3n del que puede y sabe ponerse en el lugar del otro, del que sufre.<\/p>\n<p>Hemos visto infinidad de muestras de lo que somos capaces de hacer cuando logramos colocarnos en los zapatos del otro, la solidaridad se ha manifestado de diversas maneras. Miles de personas, desde todos los rincones del pa\u00eds han intentado dar una mano a quienes hoy les urge recibir ayuda. No es la primera vez que nuestro pa\u00eds es azotado por este tipo de desgracias, ni es la primera vez que damos lo que podemos al que sufri\u00f3 la tragedia. Y as\u00ed tiene que ser, siempre.<br \/>\nPero ante tantas manifestaciones de afecto y compromiso, de solidaridad bien dicha, no de la caridad que derrama de la copa llena, sino del compromiso humano de estar presente por los dem\u00e1s, con responsabilidad ciudadana, ponen en relieve otras cosas. Cosas que tal vez sabemos, pero que en momentos as\u00ed resultan aun m\u00e1s notorias, resaltando por ser tan distintas.<\/p>\n<p>El Sindicato de Camioneros decidi\u00f3 paralizar la actividad del transporte de combustible en el ingreso y egreso al Polo Industrial de Dock Sud, frenando as\u00ed la salida de camiones de la empresa Shell con destino a las distintas estaciones de servicio, afectando las condiciones de abastecimiento. Hugo Moyano, junto a su hijo Pablo tomaron la decisi\u00f3n de bloquear la distribuci\u00f3n de combustible en un momento donde, como todos ya sabemos, la Refiner\u00eda de YPF que explot\u00f3 en La Plata, que es la m\u00e1s grande del pa\u00eds, est\u00e1 paralizada luego del siniestro y posterior inundaci\u00f3n.<\/p>\n<p>La Secretar\u00eda de Seguridad dijo al respecto: \u201clas consecuencias de este acto de irresponsabilidad, rayano en la perversidad social adoptada por este sindicato, generar\u00e1 un severo da\u00f1o en la provisi\u00f3n de combustibles en momentos tan cr\u00edticos que viven muchos compatriotas\u201d.<br \/>\n\u00bfExageran? No. Cuando todos tenemos que apuntar en una misma direcci\u00f3n, hay quienes hacen de la desgracia ajena el caldo de cultivo de su oportunismo pol\u00edtico. M\u00e1s aun, Moyano, en vez de ponerse a disposici\u00f3n, ya que con su gremio podr\u00edan ayudar mucho m\u00e1s que unos cuantos, decide ahogar m\u00e1s a las v\u00edctimas, complicar m\u00e1s el auxilio que se intenta brindar. Es perverso, es horrible y habla de una pobreza y una mezquindad atroz.<\/p>\n<p>El cuentapropismo de Moyano en este momento de padecimiento, donde todo un pa\u00eds mira con dolor lo que sucede en La Plata y mientras justamente en esa ciudad se intenta contener las necesidades de miles de compatriotas que han perdido sus posesiones, que han padecido la intemperie, la sed y el fr\u00edo, que han perdido a sus seres queridos de maneras horribles y traum\u00e1ticas, el dirigente gremial elige pararse del lado m\u00e1s ego\u00edsta que existe.<br \/>\nQue se le va a hacer, hay gente que no conoce lo que significa la empat\u00eda. Hay quienes, aunque parezca imposible, carecen de la capacidad de sentir lo que siente el pr\u00f3jimo. Hugo Moyano, Pablo Moyano, son as\u00ed. Son pobres: no poseen la capacidad de ponerse en el lugar del otro. Y esa carencia no se soluciona con agua potable ni frazadas, no se arregla cuando baja el agua, no se remedia con subsidios ni ayuda de ninguna clase. Que pobreza horrenda. Los platenses mal que mal, tarde o temprano podr\u00e1n recuperar lo que perdieron, al menos los bienes materiales, pero los Moyano ser\u00e1n pobres toda la vida.<\/p>\n<p>&nbsp;<\/p>\n<p>&nbsp;<\/p>\n","protected":false},"excerpt":{"rendered":"<p>(Por Mar\u00eda Jos\u00e9 S\u00e1nchez) En circunstancias adversas, en momentos de p\u00e1nico, dolor y penurias, se ve de que se est\u00e1 hecho. No hay muchas m\u00e1s vueltas, es as\u00ed. Cuando alguien precisa socorro, cuando tanta gente necesita, cuando la devastaci\u00f3n es el \u00fanico paisaje que podemos ver, ah\u00ed nos mostramos como realmente somos. Y lo manifestamos en lo que decimos, s\u00ed, [&#8230;]<\/p>\n","protected":false},"author":11,"featured_media":0,"comment_status":"open","ping_status":"open","sticky":false,"template":"","format":"standard","meta":{"_jetpack_newsletter_access":"","_jetpack_dont_email_post_to_subs":false,"_jetpack_newsletter_tier_id":0,"_jetpack_memberships_contains_paywalled_content":false,"_jetpack_memberships_contains_paid_content":false,"footnotes":""},"categories":[64],"tags":[],"class_list":["post-20366","post","type-post","status-publish","format-standard","hentry","category-opinion"],"jetpack_featured_media_url":"","jetpack_shortlink":"https:\/\/wp.me\/p2JWE0-5iu","jetpack-related-posts":[{"id":69267,"url":"https:\/\/www.24baires.com\/?p=69267","url_meta":{"origin":20366,"position":0},"title":"Fernando Niembro critic\u00f3 duramente la gesti\u00f3n del FpV","author":"Grupo Sierra","date":"19\/07\/2015","format":false,"excerpt":"Afirm\u00f3 que \u201cla gente est\u00e1 dispuesta a cambiar porque est\u00e1 harta y cansada\u201d de las carencias que sufren en la Provincia de Buenos Aires. El candidato a diputado nacional por el PRO-UCR, Fernando Niembro, manifest\u00f3 que durante la campa\u00f1a encuentra dos sentimientos entre la gente: \u201chay mucha tristeza\u201d por las\u2026","rel":"","context":"En \u00abPol\u00edtica\u00bb","block_context":{"text":"Pol\u00edtica","link":"https:\/\/www.24baires.com\/?cat=51"},"img":{"alt_text":"fernando_niembro","src":"https:\/\/i0.wp.com\/www.24baires.com\/wp-content\/uploads\/2015\/07\/fernando_niembro.jpg?resize=350%2C200","width":350,"height":200,"srcset":"https:\/\/i0.wp.com\/www.24baires.com\/wp-content\/uploads\/2015\/07\/fernando_niembro.jpg?resize=350%2C200 1x, https:\/\/i0.wp.com\/www.24baires.com\/wp-content\/uploads\/2015\/07\/fernando_niembro.jpg?resize=525%2C300 1.5x"},"classes":[]},{"id":65200,"url":"https:\/\/www.24baires.com\/?p=65200","url_meta":{"origin":20366,"position":1},"title":"Cristina: \u00abTenemos hombres y mujeres que van a seguir con estas pol\u00edticas\u00bb","author":"GB","date":"30\/04\/2015","format":false,"excerpt":"Cristina public\u00f3 en su muro de la red social Facebook un fragmento de su \u00faltimo discurso. \"Para hacer funcionar un pa\u00eds no hace falta arrastrarse, hace falta mucho patriotismo, mucha dignidad y coraje\", destac\u00f3. La presidenta de la Naci\u00f3n utiliz\u00f3 su muro en la red social Facebook para destacar en\u2026","rel":"","context":"En \u00abPol\u00edtica\u00bb","block_context":{"text":"Pol\u00edtica","link":"https:\/\/www.24baires.com\/?cat=51"},"img":{"alt_text":"cristina selfie","src":"https:\/\/i0.wp.com\/www.24baires.com\/wp-content\/uploads\/2015\/04\/cristina-selfie.jpg?resize=350%2C200","width":350,"height":200,"srcset":"https:\/\/i0.wp.com\/www.24baires.com\/wp-content\/uploads\/2015\/04\/cristina-selfie.jpg?resize=350%2C200 1x, https:\/\/i0.wp.com\/www.24baires.com\/wp-content\/uploads\/2015\/04\/cristina-selfie.jpg?resize=525%2C300 1.5x"},"classes":[]},{"id":96322,"url":"https:\/\/www.24baires.com\/?p=96322","url_meta":{"origin":20366,"position":2},"title":"Vidal: \u00abNo quiero que mis hijos vivan en una sociedad mafiosa\u00bb","author":"AF","date":"31\/07\/2017","format":false,"excerpt":"La gobernadora de la Provincia de Buenos Aires, Mar\u00eda Eugenia Vidal, afirm\u00f3 que no quiere que sus hijos \u201cvivan en una sociedad mafiosa donde hacer lo que est\u00e1 mal est\u00e1 bien y todo el mundo lo naturaliza\u201d. En una entrevista que concendi\u00f3 al canal TN, la gobernadora Mar\u00eda Eugenia Vidal\u2026","rel":"","context":"En \u00abPol\u00edtica\u00bb","block_context":{"text":"Pol\u00edtica","link":"https:\/\/www.24baires.com\/?cat=51"},"img":{"alt_text":"","src":"https:\/\/i0.wp.com\/www.24baires.com\/wp-content\/uploads\/2017\/05\/vidal-polic%C3%ADa.jpg?resize=350%2C200","width":350,"height":200,"srcset":"https:\/\/i0.wp.com\/www.24baires.com\/wp-content\/uploads\/2017\/05\/vidal-polic%C3%ADa.jpg?resize=350%2C200 1x, https:\/\/i0.wp.com\/www.24baires.com\/wp-content\/uploads\/2017\/05\/vidal-polic%C3%ADa.jpg?resize=525%2C300 1.5x"},"classes":[]},{"id":4205,"url":"https:\/\/www.24baires.com\/?p=4205","url_meta":{"origin":20366,"position":3},"title":"&#8216;Marquitos&#8217; Di Palma \u00abva a estudiar pol\u00edtica\u00bb para ser Gobernador","author":"Grupo Sierra","date":"02\/11\/2012","format":false,"excerpt":"El piloto dijo que N\u00e9stor Kirchner le \u201cdemostr\u00f3 que se pueden hacer muchas cosas pensando en la gente\u201d. Adelant\u00f3 que va \"estudiar pol\u00edtica y econom\u00eda en un par de a\u00f1os\u201d, y apuesta a ser gobernador. Por otra parte, respald\u00f3 el voto joven, y critic\u00f3 a quienes se oponen: \u201cPara mandarlos\u2026","rel":"","context":"En \u00abPol\u00edtica\u00bb","block_context":{"text":"Pol\u00edtica","link":"https:\/\/www.24baires.com\/?cat=51"},"img":{"alt_text":"","src":"https:\/\/i0.wp.com\/www.24baires.com\/wp-content\/uploads\/2012\/11\/di-palma-marcos.jpg?resize=350%2C200","width":350,"height":200,"srcset":"https:\/\/i0.wp.com\/www.24baires.com\/wp-content\/uploads\/2012\/11\/di-palma-marcos.jpg?resize=350%2C200 1x, https:\/\/i0.wp.com\/www.24baires.com\/wp-content\/uploads\/2012\/11\/di-palma-marcos.jpg?resize=525%2C300 1.5x"},"classes":[]},{"id":65947,"url":"https:\/\/www.24baires.com\/?p=65947","url_meta":{"origin":20366,"position":4},"title":"Hebe: \u00abNo hay nada m\u00e1s hermoso que luchar y pelear por un objetivo claro\u00bb","author":"GB","date":"14\/05\/2015","format":false,"excerpt":"BAH\u00cdA BLANCA-La titular de la Asociaci\u00f3n Madres de Plaza de Mayo, Hebe de Bonafini, afirm\u00f3 hoy que \"no hay nada m\u00e1s hermoso que luchar y pelear por un objetivo claro\" y agreg\u00f3 que hace \"38 a\u00f1os que empezamos esta lucha, que no abandonamos ni un s\u00f3lo d\u00eda\". Bonafini formul\u00f3 estos\u2026","rel":"","context":"En \u00abMemoria\u00bb","block_context":{"text":"Memoria","link":"https:\/\/www.24baires.com\/?cat=50"},"img":{"alt_text":"hebe-de-bonafini","src":"https:\/\/i0.wp.com\/www.24baires.com\/wp-content\/uploads\/2014\/01\/hebe-de-bonafini.jpg?resize=350%2C200","width":350,"height":200,"srcset":"https:\/\/i0.wp.com\/www.24baires.com\/wp-content\/uploads\/2014\/01\/hebe-de-bonafini.jpg?resize=350%2C200 1x, https:\/\/i0.wp.com\/www.24baires.com\/wp-content\/uploads\/2014\/01\/hebe-de-bonafini.jpg?resize=525%2C300 1.5x"},"classes":[]},{"id":52133,"url":"https:\/\/www.24baires.com\/?p=52133","url_meta":{"origin":20366,"position":5},"title":"Ishii volvi\u00f3 a insistir con \u00abevaluar la pena de muerte\u00bb","author":"GB","date":"20\/08\/2014","format":false,"excerpt":"El Senador bonaerense, Mario Ishii, habl\u00f3 en Radio La Plata (FM 90.9) sobre el estado de la seguridad, d\u00f3nde desliz\u00f3 la posibilidad de volver a discutir la pena de muerte, mientras que adelant\u00f3 que se presentar\u00e1 a las pr\u00f3ximas elecciones a Presidente con el servicio militar. De esta manera, expres\u00f3:\u2026","rel":"","context":"En \u00abPol\u00edtica\u00bb","block_context":{"text":"Pol\u00edtica","link":"https:\/\/www.24baires.com\/?cat=51"},"img":{"alt_text":"ishii","src":"https:\/\/i0.wp.com\/www.24baires.com\/wp-content\/uploads\/2014\/08\/ishii.jpg?resize=350%2C200","width":350,"height":200},"classes":[]}],"jetpack_sharing_enabled":true,"jetpack_likes_enabled":true,"_links":{"self":[{"href":"https:\/\/www.24baires.com\/index.php?rest_route=\/wp\/v2\/posts\/20366","targetHints":{"allow":["GET"]}}],"collection":[{"href":"https:\/\/www.24baires.com\/index.php?rest_route=\/wp\/v2\/posts"}],"about":[{"href":"https:\/\/www.24baires.com\/index.php?rest_route=\/wp\/v2\/types\/post"}],"author":[{"embeddable":true,"href":"https:\/\/www.24baires.com\/index.php?rest_route=\/wp\/v2\/users\/11"}],"replies":[{"embeddable":true,"href":"https:\/\/www.24baires.com\/index.php?rest_route=%2Fwp%2Fv2%2Fcomments&post=20366"}],"version-history":[{"count":3,"href":"https:\/\/www.24baires.com\/index.php?rest_route=\/wp\/v2\/posts\/20366\/revisions"}],"predecessor-version":[{"id":21379,"href":"https:\/\/www.24baires.com\/index.php?rest_route=\/wp\/v2\/posts\/20366\/revisions\/21379"}],"wp:attachment":[{"href":"https:\/\/www.24baires.com\/index.php?rest_route=%2Fwp%2Fv2%2Fmedia&parent=20366"}],"wp:term":[{"taxonomy":"category","embeddable":true,"href":"https:\/\/www.24baires.com\/index.php?rest_route=%2Fwp%2Fv2%2Fcategories&post=20366"},{"taxonomy":"post_tag","embeddable":true,"href":"https:\/\/www.24baires.com\/index.php?rest_route=%2Fwp%2Fv2%2Ftags&post=20366"}],"curies":[{"name":"wp","href":"https:\/\/api.w.org\/{rel}","templated":true}]}}