{"id":19934,"date":"2013-04-01T10:00:34","date_gmt":"2013-04-01T13:00:34","guid":{"rendered":"http:\/\/www.24baires.com\/?p=19934"},"modified":"2013-04-01T20:41:10","modified_gmt":"2013-04-01T23:41:10","slug":"desde-este-lunes-la-tv-publica-incorpora-el-lenguaje-de-senas-a-parte-de-su-programacion","status":"publish","type":"post","link":"https:\/\/www.24baires.com\/?p=19934","title":{"rendered":"Desde este lunes la TV P\u00fablica incorpora el lenguaje de se\u00f1as a parte de su programaci\u00f3n"},"content":{"rendered":"<p>La Televisi\u00f3n P\u00fablica ha incorporado desde hoy el lenguaje de se\u00f1as, integrando la modalidad al servicio de noticias y los espacios para ni\u00f1os y j\u00f3venes.<!--more--><\/p>\n<p>Desde abril, la pantalla de Canal 7 suma esta innovacion destinada a contemplar las pol\u00edticas de inclusi\u00f3n establecidas por la Ley de Servicios de Comunicaci\u00f3n Audiovisual.<\/p>\n<p>Al subtitulado \u00abclose caption\u00bb, presente en la pantalla de la TV Publica hace ya varios a\u00f1os, se suma desde hoy la interpretaci\u00f3n en lenguaje de se\u00f1as.<\/p>\n<p>En una primera etapa, la experiencia abarcar\u00e1 todas las ediciones del noticiero \u00abVisi\u00f3n 7\u00bb y alcanzar\u00e1 tambi\u00e9n a los contenidos de la franja infantil y juvenil.<\/p>\n","protected":false},"excerpt":{"rendered":"<p>La Televisi\u00f3n P\u00fablica ha incorporado desde hoy el lenguaje de se\u00f1as, integrando la modalidad al servicio de noticias y los espacios para ni\u00f1os y j\u00f3venes.<\/p>\n","protected":false},"author":11,"featured_media":0,"comment_status":"open","ping_status":"open","sticky":false,"template":"","format":"standard","meta":{"_jetpack_newsletter_access":"","_jetpack_dont_email_post_to_subs":false,"_jetpack_newsletter_tier_id":0,"_jetpack_memberships_contains_paywalled_content":false,"_jetpack_memberships_contains_paid_content":false,"footnotes":""},"categories":[54],"tags":[],"class_list":["post-19934","post","type-post","status-publish","format-standard","hentry","category-medios"],"jetpack_featured_media_url":"","jetpack_shortlink":"https:\/\/wp.me\/p2JWE0-5bw","jetpack-related-posts":[{"id":25653,"url":"https:\/\/www.24baires.com\/?p=25653","url_meta":{"origin":19934,"position":0},"title":"Se presentaron en La Plata nuevos contenidos realizados por los Polos Audiovisuales","author":"Grupo Sierra","date":"11\/06\/2013","format":false,"excerpt":"LA PLATA.- El Coordinador General del Consejo Asesor de Televisi\u00f3n Digital, Osvaldo Niemirovsci, asegur\u00f3 hoy que en los Polos Audiovisuales \"pensamos los contenidos en t\u00e9rminos inclusivos, accesibles, gratuitos y federales\". Las universidades nacionales son las cabeceras de los 9 polos audiovisuales que hay en todo el pa\u00eds. \"Este programa es\u2026","rel":"","context":"En \u00abMedios\u00bb","block_context":{"text":"Medios","link":"https:\/\/www.24baires.com\/?cat=54"},"img":{"alt_text":"","src":"","width":0,"height":0},"classes":[]},{"id":4806,"url":"https:\/\/www.24baires.com\/?p=4806","url_meta":{"origin":19934,"position":1},"title":"El 8N que explica y justifica al 7D","author":"Grupo Sierra","date":"09\/11\/2012","format":false,"excerpt":"Los l\u00edmites institucionales y pol\u00edticos de protestas como las de anoche figuran en la Constituci\u00f3n. El rol de los monopolios de la palabra en esos acontecimientos, o c\u00f3mo los manifestantes del 8N hablaban en clave Clar\u00edn. La calurosa jornada de protesta registrada anoche en varias ciudades del pa\u00eds, aunque con\u2026","rel":"","context":"En \u00abPol\u00edtica\u00bb","block_context":{"text":"Pol\u00edtica","link":"https:\/\/www.24baires.com\/?cat=51"},"img":{"alt_text":"","src":"https:\/\/i0.wp.com\/www.24baires.com\/wp-content\/uploads\/2012\/11\/8N_maxi_53120.jpg?resize=350%2C200","width":350,"height":200,"srcset":"https:\/\/i0.wp.com\/www.24baires.com\/wp-content\/uploads\/2012\/11\/8N_maxi_53120.jpg?resize=350%2C200 1x, https:\/\/i0.wp.com\/www.24baires.com\/wp-content\/uploads\/2012\/11\/8N_maxi_53120.jpg?resize=525%2C300 1.5x"},"classes":[]},{"id":68874,"url":"https:\/\/www.24baires.com\/?p=68874","url_meta":{"origin":19934,"position":2},"title":"Capacitar\u00e1n a estatales bonaerenses para la atenci\u00f3n de sordomudos","author":"AF","date":"10\/07\/2015","format":false,"excerpt":"El Senado provincial sancion\u00f3 un proyecto de ley que permitir\u00e1 formar al personal administrativo del Estado bonaerense que cumpla tareas de atenci\u00f3n al p\u00fablico en lenguaje de se\u00f1as de sordomudos. La iniciativa, presentada por el diputado del Frente para la Victoria Leonel Zacca, establece que \u201ccada dependencia gubernamental contar\u00e1 con\u2026","rel":"","context":"En \u00abProvincia\u00bb","block_context":{"text":"Provincia","link":"https:\/\/www.24baires.com\/?cat=40"},"img":{"alt_text":"","src":"","width":0,"height":0},"classes":[]},{"id":41903,"url":"https:\/\/www.24baires.com\/?p=41903","url_meta":{"origin":19934,"position":3},"title":"Cruzada de periodistas por una comunicaci\u00f3n no sexista","author":"Grupo Sierra","date":"10\/03\/2014","format":false,"excerpt":"Una charla destinada a periodistas sobre la necesidad de profundizar en el lenguaje comunicacional con perspectiva de g\u00e9nero se realiz\u00f3 hoy en la Agencia la Nacional de Noticias T\u00e9lam. La actividad, que estuvo a cargo de las especialistas en g\u00e9nero Liliana Hendel (TV P\u00fablica), Silvina Molina (T\u00e9lam) y Amanda Alma\u2026","rel":"","context":"En \u00abGeneral\u00bb","block_context":{"text":"General","link":"https:\/\/www.24baires.com\/?cat=67"},"img":{"alt_text":"","src":"","width":0,"height":0},"classes":[]},{"id":52576,"url":"https:\/\/www.24baires.com\/?p=52576","url_meta":{"origin":19934,"position":4},"title":"Una jueza propone modificar el formulario de divorcio por ser \u00abdiscriminatorio\u00bb","author":"GB","date":"27\/08\/2014","format":false,"excerpt":"La jueza Mar\u00eda Laura Dump\u00e9, titular del Juzgado de Familia 7 de Viedma, dict\u00f3 el divorcio vincular de un matrimonio igualitario de mujeres, unidas legalmente en esta capital en 2010, y propuso modificar el formulario inicial del tr\u00e1mite correspondiente porque contiene \u201clenguaje discriminatorio\u201d. La jueza Mar\u00eda Laura Dump\u00e9, titular del\u2026","rel":"","context":"En \u00abSociedad\u00bb","block_context":{"text":"Sociedad","link":"https:\/\/www.24baires.com\/?cat=1"},"img":{"alt_text":"","src":"","width":0,"height":0},"classes":[]},{"id":4819,"url":"https:\/\/www.24baires.com\/?p=4819","url_meta":{"origin":19934,"position":5},"title":"INCAA TV, 360 TV y Argentin\u00edsima Satelital deber\u00e1n estar en la grilla de los cables","author":"Grupo Sierra","date":"09\/11\/2012","format":false,"excerpt":"La Autoridad Federal de Servicios de Comunicaci\u00f3n Audiovisual (AFSCA) dispuso ampliar la grilla de canales de TV por cable, incluyendo las se\u00f1ales 360TV y Argentin\u00edsima Satelital, a continuaci\u00f3n de CN23, y a Incaa TV primera en el bloque de su g\u00e9nero por ser producida por el Estado Nacional. La AFSCA,\u2026","rel":"","context":"En \u00abMedios\u00bb","block_context":{"text":"Medios","link":"https:\/\/www.24baires.com\/?cat=54"},"img":{"alt_text":"","src":"","width":0,"height":0},"classes":[]}],"jetpack_sharing_enabled":true,"jetpack_likes_enabled":true,"_links":{"self":[{"href":"https:\/\/www.24baires.com\/index.php?rest_route=\/wp\/v2\/posts\/19934","targetHints":{"allow":["GET"]}}],"collection":[{"href":"https:\/\/www.24baires.com\/index.php?rest_route=\/wp\/v2\/posts"}],"about":[{"href":"https:\/\/www.24baires.com\/index.php?rest_route=\/wp\/v2\/types\/post"}],"author":[{"embeddable":true,"href":"https:\/\/www.24baires.com\/index.php?rest_route=\/wp\/v2\/users\/11"}],"replies":[{"embeddable":true,"href":"https:\/\/www.24baires.com\/index.php?rest_route=%2Fwp%2Fv2%2Fcomments&post=19934"}],"version-history":[{"count":2,"href":"https:\/\/www.24baires.com\/index.php?rest_route=\/wp\/v2\/posts\/19934\/revisions"}],"predecessor-version":[{"id":19936,"href":"https:\/\/www.24baires.com\/index.php?rest_route=\/wp\/v2\/posts\/19934\/revisions\/19936"}],"wp:attachment":[{"href":"https:\/\/www.24baires.com\/index.php?rest_route=%2Fwp%2Fv2%2Fmedia&parent=19934"}],"wp:term":[{"taxonomy":"category","embeddable":true,"href":"https:\/\/www.24baires.com\/index.php?rest_route=%2Fwp%2Fv2%2Fcategories&post=19934"},{"taxonomy":"post_tag","embeddable":true,"href":"https:\/\/www.24baires.com\/index.php?rest_route=%2Fwp%2Fv2%2Ftags&post=19934"}],"curies":[{"name":"wp","href":"https:\/\/api.w.org\/{rel}","templated":true}]}}