{"id":19703,"date":"2013-03-29T20:14:43","date_gmt":"2013-03-29T23:14:43","guid":{"rendered":"http:\/\/www.24baires.com\/?p=19703"},"modified":"2013-03-29T20:14:43","modified_gmt":"2013-03-29T23:14:43","slug":"dos-diarios-platenses-y-uno-de-mar-del-plata-no-respetaron-el-viernes-santo","status":"publish","type":"post","link":"https:\/\/www.24baires.com\/?p=19703","title":{"rendered":"Dos diarios platenses y uno de Mar del Plata no respetaron el Viernes Santo"},"content":{"rendered":"<p><img data-recalc-dims=\"1\" loading=\"lazy\" decoding=\"async\" class=\"alignleft  wp-image-19704\" alt=\"el dia la capital\" src=\"https:\/\/i0.wp.com\/www.24baires.com\/wp-content\/uploads\/2013\/03\/el-dia-la-capital.jpg?resize=285%2C236\" width=\"285\" height=\"236\" srcset=\"https:\/\/i0.wp.com\/www.24baires.com\/wp-content\/uploads\/2013\/03\/el-dia-la-capital.jpg?w=475&amp;ssl=1 475w, https:\/\/i0.wp.com\/www.24baires.com\/wp-content\/uploads\/2013\/03\/el-dia-la-capital.jpg?resize=300%2C248&amp;ssl=1 300w\" sizes=\"auto, (max-width: 285px) 100vw, 285px\" \/>Los diarios platenses <strong>El D\u00eda<\/strong> y <strong>El Plata<\/strong> fueron, junto a <strong>La Capital de Mar del Plata<\/strong>, El Tribuno de Salta y tres diarios pampeanos, los \u00fanicos que no respetaron la resoluci\u00f3n del ministerio de Trabajo <strong>que recuper\u00f3 el Viernes Santo como jornada de descanso para canillitas.<\/strong><!--more--><\/p>\n<p>&nbsp;<\/p>\n<p>&nbsp;<\/p>\n<p>Desde el sindicato de Vendedores de Diarios y Revistas (Sivendia) de La Plata confirmaron a T\u00e9lam que Publiexito SA edit\u00f3 este viernes los diarios El D\u00eda y El Plata y comercializ\u00f3 esas publicaciones \u00abpor medio de vendedores propios de la editorial, a los que se sumaron trabajadores municipales\u00bb.<\/p>\n<p>Entre los canillitas el descanso fue total, pero la editorial dirigida por Ra\u00fal Kraiselbur comercializ\u00f3 sus diarios con los vendedores que mantiene en relaci\u00f3n de dependencia, que en esta oportunidad fueron asistidos por otras personas que \u00abmanifestaron ser trabajadores municipales\u00bb, indicaron las fuentes.<\/p>\n<p>La pr\u00e1ctica de venta directa que tradicionalmente realiza Publiexito, por fuera del canal tradicional de los Canillitas, es violatoria del Decreto 1693 y su reglamentaci\u00f3n en la Resoluci\u00f3n 935 del Ministerio de Trabajo.<\/p>\n<p>Seg\u00fan contaron, en esta oportunidad, y en el marco de un d\u00eda de descanso que recuperaron los canillitas hace dos semanas -lo hab\u00edan perdido en la d\u00e9cada del 90-, \u00abPubliexito sum\u00f3 a su dispositivo irregular de costumbre, empleados municipales de la Comuna conducida por Pablo Bruera\u201d, explicaron.<\/p>\n<p>En Sivendia La Plata consideraron \u00ablamentable que el Municipio se preste al quebranto de las normas para favorecer intereses privados\u00bb.<\/p>\n<p>\u00abCon los resultados del relevamiento realizado por el ministerio de Trabajo, hoy en horas de la ma\u00f1ana, se confirmar\u00e1 la denuncia que venimos realizando desde hace tiempo sobre estas pr\u00e1cticas empresarias que no hacen m\u00e1s que debilitar una actividad en crisis, que enfrentando grandes desaf\u00edos para su sustentabilidad, m\u00e1s que unilateralidad y prepotencia, reclama respeto a las normas y trabajo coordinado\u00bb, afirm\u00f3 Luis Frau, secretario General del SIVENDIA La Plata.<\/p>\n<p>Sin embargo el hermetismo del Sindicato en Mar del Plata no permiti\u00f3 conocer los motivos por los cuales no hubo quejas de parte de quienes deb\u00edan representar ese derecho de los canillitas adquirido y el Diario La Capital del empresario espa\u00f1ol Florencio Aldrey Iglesias fue distribu\u00eddo normalmente.<\/p>\n","protected":false},"excerpt":{"rendered":"<p>Los diarios platenses El D\u00eda y El Plata fueron, junto a La Capital de Mar del Plata, El Tribuno de Salta y tres diarios pampeanos, los \u00fanicos que no respetaron la resoluci\u00f3n del ministerio de Trabajo que recuper\u00f3 el Viernes Santo como jornada de descanso para canillitas.<\/p>\n","protected":false},"author":11,"featured_media":0,"comment_status":"open","ping_status":"open","sticky":false,"template":"","format":"standard","meta":{"_jetpack_newsletter_access":"","_jetpack_dont_email_post_to_subs":false,"_jetpack_newsletter_tier_id":0,"_jetpack_memberships_contains_paywalled_content":false,"_jetpack_memberships_contains_paid_content":false,"footnotes":""},"categories":[54],"tags":[],"class_list":["post-19703","post","type-post","status-publish","format-standard","hentry","category-medios"],"jetpack_featured_media_url":"","jetpack_shortlink":"https:\/\/wp.me\/p2JWE0-57N","jetpack-related-posts":[{"id":53156,"url":"https:\/\/www.24baires.com\/?p=53156","url_meta":{"origin":19703,"position":0},"title":"Masiva denuncia de canillitas a Clar\u00edn por precarizaci\u00f3n","author":"Grupo Sierra","date":"05\/09\/2014","format":false,"excerpt":"Trabajadores del Sindicato de Vendedores de Diarios y Revistas de la Ciudad y la Provincia de Buenos Aires, se movilizaron al diario por \u201cla devoluci\u00f3n del 20% del salario rebajado\u201d. Adem\u00e1s denunciaron la monopolizaci\u00f3n de la industria gr\u00e1fica. El secretario de Prensa del gremio, Mart\u00edn Cruz Bargas, inform\u00f3 que 700\u2026","rel":"","context":"En \u00abSociedad\u00bb","block_context":{"text":"Sociedad","link":"https:\/\/www.24baires.com\/?cat=1"},"img":{"alt_text":"canillitas clar\u00edn","src":"https:\/\/i0.wp.com\/www.24baires.com\/wp-content\/uploads\/2014\/09\/canillitas-clar%C3%ADn.jpg?resize=350%2C200","width":350,"height":200,"srcset":"https:\/\/i0.wp.com\/www.24baires.com\/wp-content\/uploads\/2014\/09\/canillitas-clar%C3%ADn.jpg?resize=350%2C200 1x, https:\/\/i0.wp.com\/www.24baires.com\/wp-content\/uploads\/2014\/09\/canillitas-clar%C3%ADn.jpg?resize=525%2C300 1.5x"},"classes":[]},{"id":55081,"url":"https:\/\/www.24baires.com\/?p=55081","url_meta":{"origin":19703,"position":1},"title":"Canillitas parar\u00e1n porque \u00abClar\u00edn nos quita $300 millones\u00bb","author":"AF","date":"09\/10\/2014","format":false,"excerpt":"El diputado nacional y titular del Sindicato de Vendedores de Diarios y Revistas (Sivendia), Omar Plaini, asegur\u00f3 que la medida de fuerza convocada por el gremio para el domingo y el lunes pr\u00f3ximo es parte de un \"reclamo hist\u00f3rico\", y asegur\u00f3 que Clar\u00edn y La Naci\u00f3n \"le quitan 300 millones\u2026","rel":"","context":"En \u00abSociedad\u00bb","block_context":{"text":"Sociedad","link":"https:\/\/www.24baires.com\/?cat=1"},"img":{"alt_text":"clar\u00edn","src":"https:\/\/i0.wp.com\/www.24baires.com\/wp-content\/uploads\/2014\/10\/clar%C3%ADn.jpg?resize=350%2C200","width":350,"height":200,"srcset":"https:\/\/i0.wp.com\/www.24baires.com\/wp-content\/uploads\/2014\/10\/clar%C3%ADn.jpg?resize=350%2C200 1x, https:\/\/i0.wp.com\/www.24baires.com\/wp-content\/uploads\/2014\/10\/clar%C3%ADn.jpg?resize=525%2C300 1.5x"},"classes":[]},{"id":56634,"url":"https:\/\/www.24baires.com\/?p=56634","url_meta":{"origin":19703,"position":2},"title":"Canillitas declararon un nuevo paro para el 15 y 16 de noviembre","author":"GB","date":"05\/11\/2014","format":false,"excerpt":"El gremio prev\u00e9 una nueva medida de 48 horas en reclamo de la restituci\u00f3n del 20 por ciento del precio de tapa de los diarios \u201cquitado por los grandes medios nacionales en 2001\u201d. \u201cLa medida de fuerza es en reclamo de la recuperaci\u00f3n de parte del salario conculcado arbitral y\u2026","rel":"","context":"En \u00abSociedad\u00bb","block_context":{"text":"Sociedad","link":"https:\/\/www.24baires.com\/?cat=1"},"img":{"alt_text":"","src":"","width":0,"height":0},"classes":[]},{"id":54949,"url":"https:\/\/www.24baires.com\/?p=54949","url_meta":{"origin":19703,"position":3},"title":"Canillitas realizar\u00e1n dos d\u00edas de \u00abparo activo\u00bb contra Clar\u00edn y La Naci\u00f3n","author":"GB","date":"07\/10\/2014","format":false,"excerpt":"Los trabajadores nucleados en el Sindicato de Vendedores de Diarios y Revistas (Sivendia) realizar\u00e1n el domingo y lunes pr\u00f3ximos \"un paro activo\" en reclamo de un porcentaje mayor del precio de tapa. Estar\u00e1n en las calles controlando que no se entreguen los diarios fuera del circuito legal. En di\u00e1logo con\u2026","rel":"","context":"En \u00abSociedad\u00bb","block_context":{"text":"Sociedad","link":"https:\/\/www.24baires.com\/?cat=1"},"img":{"alt_text":"","src":"","width":0,"height":0},"classes":[]},{"id":54246,"url":"https:\/\/www.24baires.com\/?p=54246","url_meta":{"origin":19703,"position":4},"title":"Canillitas anunciaron un paro de 48 horas contra Clar\u00edn en demanda de aumentos","author":"GB","date":"24\/09\/2014","format":false,"excerpt":"El Sindicato de Vendedores de Diarios y Revistas de la Ciudad Aut\u00f3noma y la Provincia de Buenos Aires (Sivendia) que conduce Omar Plaini decidi\u00f3 hoy paralizar las tareas durante 48 horas el 12 y 13 de octubre pr\u00f3ximo en demanda de una recomposici\u00f3n salarial. Un comunicado firmado por el secretario\u2026","rel":"","context":"En \u00abSociedad\u00bb","block_context":{"text":"Sociedad","link":"https:\/\/www.24baires.com\/?cat=1"},"img":{"alt_text":"","src":"","width":0,"height":0},"classes":[]},{"id":70470,"url":"https:\/\/www.24baires.com\/?p=70470","url_meta":{"origin":19703,"position":5},"title":"Canillitas anunci\u00f3 que parar\u00e1n todos los feriados por tiempo indeterminado","author":"AF","date":"12\/08\/2015","format":false,"excerpt":"El Sindicato de Vendedores de Diarios y Revistas de la Capital Federal y la Provincia de Buenos Aires (SIVENDIA), paralizar\u00e1 las tareas el lunes pr\u00f3ximo y todos los feriados nacionales por tiempo indeterminado en demanda de que \"las empresas se sienten definitivamente en la mesa paritaria\". El secretario de Prensa\u2026","rel":"","context":"En \u00abSociedad\u00bb","block_context":{"text":"Sociedad","link":"https:\/\/www.24baires.com\/?cat=1"},"img":{"alt_text":"","src":"","width":0,"height":0},"classes":[]}],"jetpack_sharing_enabled":true,"jetpack_likes_enabled":true,"_links":{"self":[{"href":"https:\/\/www.24baires.com\/index.php?rest_route=\/wp\/v2\/posts\/19703","targetHints":{"allow":["GET"]}}],"collection":[{"href":"https:\/\/www.24baires.com\/index.php?rest_route=\/wp\/v2\/posts"}],"about":[{"href":"https:\/\/www.24baires.com\/index.php?rest_route=\/wp\/v2\/types\/post"}],"author":[{"embeddable":true,"href":"https:\/\/www.24baires.com\/index.php?rest_route=\/wp\/v2\/users\/11"}],"replies":[{"embeddable":true,"href":"https:\/\/www.24baires.com\/index.php?rest_route=%2Fwp%2Fv2%2Fcomments&post=19703"}],"version-history":[{"count":4,"href":"https:\/\/www.24baires.com\/index.php?rest_route=\/wp\/v2\/posts\/19703\/revisions"}],"predecessor-version":[{"id":19709,"href":"https:\/\/www.24baires.com\/index.php?rest_route=\/wp\/v2\/posts\/19703\/revisions\/19709"}],"wp:attachment":[{"href":"https:\/\/www.24baires.com\/index.php?rest_route=%2Fwp%2Fv2%2Fmedia&parent=19703"}],"wp:term":[{"taxonomy":"category","embeddable":true,"href":"https:\/\/www.24baires.com\/index.php?rest_route=%2Fwp%2Fv2%2Fcategories&post=19703"},{"taxonomy":"post_tag","embeddable":true,"href":"https:\/\/www.24baires.com\/index.php?rest_route=%2Fwp%2Fv2%2Ftags&post=19703"}],"curies":[{"name":"wp","href":"https:\/\/api.w.org\/{rel}","templated":true}]}}