{"id":19688,"date":"2013-03-29T19:00:04","date_gmt":"2013-03-29T22:00:04","guid":{"rendered":"http:\/\/www.24baires.com\/?p=19688"},"modified":"2013-03-29T16:27:35","modified_gmt":"2013-03-29T19:27:35","slug":"ante-la-demanda-por-seguridad-pulti-responde-con-una-consulta-popular-con-resultado-obvio","status":"publish","type":"post","link":"https:\/\/www.24baires.com\/?p=19688","title":{"rendered":"Ante la demanda por seguridad, Pulti responde con una consulta popular con resultado obvio"},"content":{"rendered":"<p><img data-recalc-dims=\"1\" loading=\"lazy\" decoding=\"async\" class=\"aligncenter size-full wp-image-19534\" alt=\"pulti gustavo\" src=\"https:\/\/i0.wp.com\/www.24baires.com\/wp-content\/uploads\/2013\/03\/pulti-gustavo.jpg?resize=560%2C232\" width=\"560\" height=\"232\" srcset=\"https:\/\/i0.wp.com\/www.24baires.com\/wp-content\/uploads\/2013\/03\/pulti-gustavo.jpg?w=560&amp;ssl=1 560w, https:\/\/i0.wp.com\/www.24baires.com\/wp-content\/uploads\/2013\/03\/pulti-gustavo.jpg?resize=300%2C124&amp;ssl=1 300w\" sizes=\"auto, (max-width: 560px) 100vw, 560px\" \/>El intendente de <strong>Mar del Plata<\/strong> (y de todo el partido de General Pueyrredon), Gustavo Pulti, anunci\u00f3 el pasado martes que llamar\u00e1 a una consulta popular en mayo para que la ciudadan\u00eda determine si quiere una polic\u00eda comunal para prevenir el delito. Suena capcioso, \u00bfno? Es decir, ante la pregunta a los vecinos si desean que se prevenga el delito, no precisamos tener un coeficiente superior a la media para preveer la respuesta positiva. Entonces, y a sabiendas que la falta de seguridad es uno de los principales temas que preocupan a los habitantes de todo el partido, hacer una elecci\u00f3n por el si o por el no, cuando la abrumadora mayor\u00eda de los posibles votantes reclaman desde hace mucho tiempo por los asaltos y sobre todo por los robos m\u00e1s violentos que terminan con muertes, lo de Pulti es como ofrecerle un plato de comida a un hambreado.<!--more--><\/p>\n<p>El intendente siempre se ha caracterizado por responder a las demandas populares con bater\u00edas de anuncios que pocas veces se concretan en la realidad, pero que le permiten, cual tanque de ox\u00edgeno, respirar bajo el agua un poco m\u00e1s. Siempre manej\u00f3 muy bien el marketing en la gesti\u00f3n, pero esto transciende un simple anuncio o la inauguraci\u00f3n de una obra que aun ni siquiera se empez\u00f3 a hacer, como ya ha hecho.<\/p>\n<p>Varias veces se ha hablado de una \u2018polic\u00eda municipal\u2019 en Mar del Plata, as\u00ed como en otras ciudades de la provincia. Pulti no es el primer intendente que plantea esa posibilidad: en octubre del 2010 Ricardo Ivoskus, intendente de San Mart\u00edn por ese entonces, ya le hab\u00eda planteado a Scioli la necesidad de crear una polic\u00eda Municipal, proyecto que impuls\u00f3 por a\u00f1os. Esa propuesta consist\u00eda, en \u201cla creaci\u00f3n por parte de los municipios de sus propios cuerpos de polic\u00eda para temas municipales, que tendr\u00edan a su cargo, entre otras funciones, la vigilancia y custodia de los bienes, servicios e instalaciones comunales, el cuidado de las plazas y espacio p\u00fablicos y el cumplimiento de las ordenanzas y sentencias de los jueces de faltas\u201d, entre otras cosas. As\u00ed tambi\u00e9n, para citar otro ejemplo, el intendente de Z\u00e1rate, Osvaldo C\u00e1ffaro, hab\u00eda hablado en los mismos t\u00e9rminos, y avanz\u00f3 junto a los intendentes de Campana, Exaltaci\u00f3n de la Cruz y Escobar, en la creaci\u00f3n de una Escuela de Polic\u00eda cuyos egresados prestar\u00e1n servicio en comisar\u00edas, subcomisar\u00edas y destacamentos de la zona.<\/p>\n<p>Entonces, la idea no es novedosa ni original. Eso no implica, naturalmente, que sea buena o mala, posible o inviable. De lo que debemos hablar aqu\u00ed es de voluntad pol\u00edtica. Y si hablamos de voluntad pol\u00edtica, debemos referirnos a las causas de la inseguridad, m\u00e1s all\u00e1 de los hechos que corren a los pol\u00edticos en gesti\u00f3n con la urgencia cotidiana. Atacar las causas, buscar la soluci\u00f3n social y cultural, es el camino largo y denso que, a la vez, es el \u00fanico posible. Los parches pueden funcionar circunstancialmente, logrando en un a\u00f1o electoral un buen t\u00edtulo en los medios.<\/p>\n<p>Habr\u00e1 que ver las posibilidades constitucionales que le dar\u00e1 la legalidad (o no) a una polic\u00eda ciudadana o municipal. Por lo pronto, el Ministro del Interior, Florencio Randazzo, apoy\u00f3 la iniciativa, aunque nadie habla de qu\u00e9 tipo de polic\u00eda ser\u00eda, c\u00f3mo ser\u00edan formado sus oficiales, si portar\u00e1n armas, quien solventar\u00e1 sus sueldos y equipamientos, c\u00f3mo se integrar\u00e1n a la Polic\u00eda Bonaerense, etc\u00e9tera, etc\u00e9tera.<\/p>\n<p>Lo \u00fanico cierto hasta ahora es que en lo que va del a\u00f1o ha habido 24 \u00a0muertes por la denominada \u2018inseguridad\u2019, concepto ambiguo si los hay. La mejor respuesta ser\u00eda (aunque no siempre es la m\u00e1s marketinera y rutilante), atacar con responsabilidad, seriedad y sin necesidad de flashes un problema estructural que trasciende -aunque el dolor de esas p\u00e9rdidas nos dificulte verlo-, los hechos puntuales y se arraiga en los cimientos mismos de una ciudad inequitativa, que tiene apartados del ojo decisor a la mayor\u00eda de sus habitantes. Todo lo que apunte a la prevenci\u00f3n es de naturaleza fundamental. Como se plante\u00f3 en su momento con la instalaci\u00f3n de las famosas c\u00e1maras de seguridad que nunca se completaron de colocar, por ejemplo. Cada gobierno elegir\u00e1 los m\u00e9todos. Pero no va a ser necesariamente la soluci\u00f3n. Y esta es una problem\u00e1tica que atraviesa todas las dificultades y lleva gener\u00e1ndose d\u00e9cadas e implosiona a veces, como los incendios en los bosques en verano. Y si queremos enfrentarnos al fuego enraizado en gruesos troncos con toallitas h\u00famedas, vamos a quemarnos siempre las manos.<\/p>\n<p>&nbsp;<\/p>\n","protected":false},"excerpt":{"rendered":"<p>El intendente de Mar del Plata (y de todo el partido de General Pueyrredon), Gustavo Pulti, anunci\u00f3 el pasado martes que llamar\u00e1 a una consulta popular en mayo para que la ciudadan\u00eda determine si quiere una polic\u00eda comunal para prevenir el delito. Suena capcioso, \u00bfno? Es decir, ante la pregunta a los vecinos si desean que se prevenga el delito, [&#8230;]<\/p>\n","protected":false},"author":4,"featured_media":0,"comment_status":"open","ping_status":"open","sticky":false,"template":"","format":"standard","meta":{"_jetpack_newsletter_access":"","_jetpack_dont_email_post_to_subs":false,"_jetpack_newsletter_tier_id":0,"_jetpack_memberships_contains_paywalled_content":false,"_jetpack_memberships_contains_paid_content":false,"footnotes":""},"categories":[64],"tags":[],"class_list":["post-19688","post","type-post","status-publish","format-standard","hentry","category-opinion"],"jetpack_featured_media_url":"","jetpack_shortlink":"https:\/\/wp.me\/p2JWE0-57y","jetpack-related-posts":[{"id":112686,"url":"https:\/\/www.24baires.com\/?p=112686","url_meta":{"origin":19688,"position":0},"title":"Mar del Plata: Pulti denunci\u00f3 falta de boletas","author":"GB","date":"27\/10\/2019","format":false,"excerpt":"\"Nunca vi algo con tanta sistematicidad y orden. Son acciones hostiles y antidemocr\u00e1ticas\", se quej\u00f3. El candidato a intendente por Acci\u00f3n Marplatense, Gustavo Pulti, realiz\u00f3 una fuerte denuncia por falta de boletas de su partido en distintas mesas de la ciudad. \u201cHay un vandalismo militante muy potente. Est\u00e1n trabajando con\u2026","rel":"","context":"En \u00abELECCIONES 2019\u00bb","block_context":{"text":"ELECCIONES 2019","link":"https:\/\/www.24baires.com\/?cat=329"},"img":{"alt_text":"","src":"https:\/\/i0.wp.com\/www.24baires.com\/wp-content\/uploads\/2019\/10\/voto-pulti.jpg?resize=350%2C200","width":350,"height":200,"srcset":"https:\/\/i0.wp.com\/www.24baires.com\/wp-content\/uploads\/2019\/10\/voto-pulti.jpg?resize=350%2C200 1x, https:\/\/i0.wp.com\/www.24baires.com\/wp-content\/uploads\/2019\/10\/voto-pulti.jpg?resize=525%2C300 1.5x"},"classes":[]},{"id":102319,"url":"https:\/\/www.24baires.com\/?p=102319","url_meta":{"origin":19688,"position":1},"title":"Licencias truchas en Mar del Plata: acusado principal involucr\u00f3 a Pulti y a Cheppi en la maniobra","author":"AF","date":"23\/05\/2018","format":false,"excerpt":"En el marco del juicio que se lleva a cabo en el Tribunal Oral 2 de Mar del Plata por licencias de conducir ap\u00f3crifas, el principal imputado, Juan Carlos Belmonte, extitular del distrito descentralizado El Gaucho, declar\u00f3 y se\u00f1al\u00f3 al exintendente de General Pueyrredon, Gustavo Pulti, y al exembajador argentino\u2026","rel":"","context":"En \u00abJUDICIALES\u00bb","block_context":{"text":"JUDICIALES","link":"https:\/\/www.24baires.com\/?cat=68"},"img":{"alt_text":"","src":"https:\/\/i0.wp.com\/www.24baires.com\/wp-content\/uploads\/2018\/05\/cheppi-pulti.png?resize=350%2C200","width":350,"height":200,"srcset":"https:\/\/i0.wp.com\/www.24baires.com\/wp-content\/uploads\/2018\/05\/cheppi-pulti.png?resize=350%2C200 1x, https:\/\/i0.wp.com\/www.24baires.com\/wp-content\/uploads\/2018\/05\/cheppi-pulti.png?resize=525%2C300 1.5x"},"classes":[]},{"id":120235,"url":"https:\/\/www.24baires.com\/?p=120235","url_meta":{"origin":19688,"position":2},"title":"Pulti apunt\u00f3 contra la gesti\u00f3n de Mar del Plata: \u201cVeo un abandono\u201d","author":"GB","date":"30\/06\/2023","format":false,"excerpt":"El precandidato a diputado por Encuentro Marplatense, Gustavo Pulti, sostuvo que en el distrito se dej\u00f3 de invertir, \u201cveo un abandono para el futuro de Mar del Plata\u201d. El ex jefe comunal de Mar del Plata y actual precandidato a diputado provincial, por Encuentro Marplatense, Gustavo Pulti, en di\u00e1logo con\u2026","rel":"","context":"En \u00abElecciones\u00bb","block_context":{"text":"Elecciones","link":"https:\/\/www.24baires.com\/?cat=316"},"img":{"alt_text":"","src":"https:\/\/i0.wp.com\/www.24baires.com\/wp-content\/uploads\/2023\/06\/Pultiii.jpg?resize=350%2C200","width":350,"height":200,"srcset":"https:\/\/i0.wp.com\/www.24baires.com\/wp-content\/uploads\/2023\/06\/Pultiii.jpg?resize=350%2C200 1x, https:\/\/i0.wp.com\/www.24baires.com\/wp-content\/uploads\/2023\/06\/Pultiii.jpg?resize=525%2C300 1.5x, https:\/\/i0.wp.com\/www.24baires.com\/wp-content\/uploads\/2023\/06\/Pultiii.jpg?resize=700%2C400 2x"},"classes":[]},{"id":23242,"url":"https:\/\/www.24baires.com\/?p=23242","url_meta":{"origin":19688,"position":3},"title":"Mar del Plata: har\u00e1n una consulta popular por la Polic\u00eda Comunal","author":"AF","date":"11\/05\/2013","format":false,"excerpt":"En el municipio de General Pueyrred\u00f3n, el intendente Gustavo Pulti, con el aval del gobernador Daniel Scioli, impulsar\u00e1 una consulta popular, para que los vecinos decidan si quieren contar con una fuerza de seguridad local. Por tal motivo, el pr\u00f3ximo 9 de junio, en las localidades de Bat\u00e1n y Mar\u2026","rel":"","context":"En \u00abLocales\u00bb","block_context":{"text":"Locales","link":"https:\/\/www.24baires.com\/?cat=38"},"img":{"alt_text":"","src":"","width":0,"height":0},"classes":[]},{"id":111174,"url":"https:\/\/www.24baires.com\/?p=111174","url_meta":{"origin":19688,"position":4},"title":"Una encuesta local da primera a Raverta y segundo a Montenegro en Mar del Plata","author":"GB","date":"15\/07\/2019","format":false,"excerpt":"Pero si se suman los votos de Montenegro y Baragiola, Juntos por el Cambio se impondr\u00eda ante el Frente de Todos. Una encuesta a nivel local da primera en las PASO a la precandidata a intendente del Frente de Todos Fernanda Raverta y segundo al precandidato de Juntos por el\u2026","rel":"","context":"En \u00abElecciones\u00bb","block_context":{"text":"Elecciones","link":"https:\/\/www.24baires.com\/?cat=316"},"img":{"alt_text":"","src":"https:\/\/i0.wp.com\/www.24baires.com\/wp-content\/uploads\/2019\/07\/paso-mdp.jpg?resize=350%2C200","width":350,"height":200,"srcset":"https:\/\/i0.wp.com\/www.24baires.com\/wp-content\/uploads\/2019\/07\/paso-mdp.jpg?resize=350%2C200 1x, https:\/\/i0.wp.com\/www.24baires.com\/wp-content\/uploads\/2019\/07\/paso-mdp.jpg?resize=525%2C300 1.5x"},"classes":[]},{"id":122069,"url":"https:\/\/www.24baires.com\/?p=122069","url_meta":{"origin":19688,"position":5},"title":"Pulti advirti\u00f3 que la \u00abcolumna vertebral\u00bb de Derecho al Futuro es \u00abel justicialismo\u00bb","author":"GB","date":"24\/02\/2025","format":false,"excerpt":"El legislador y referente de Acci\u00f3n Marplatense respald\u00f3 la salida a la cancha del frente pol\u00edtico de Axel Kicillof y neg\u00f3 que el armado debilite la unidad del peronismo. El ex intendente de Mar del Plata y actual diputado provincial, Gustavo Pulti, expres\u00f3 su fuerte respaldo al Movimiento Derecho al\u2026","rel":"","context":"En \u00abProvincia\u00bb","block_context":{"text":"Provincia","link":"https:\/\/www.24baires.com\/?cat=40"},"img":{"alt_text":"","src":"https:\/\/i0.wp.com\/www.24baires.com\/wp-content\/uploads\/2025\/02\/pulti-kici.webp?resize=350%2C200","width":350,"height":200,"srcset":"https:\/\/i0.wp.com\/www.24baires.com\/wp-content\/uploads\/2025\/02\/pulti-kici.webp?resize=350%2C200 1x, https:\/\/i0.wp.com\/www.24baires.com\/wp-content\/uploads\/2025\/02\/pulti-kici.webp?resize=525%2C300 1.5x, https:\/\/i0.wp.com\/www.24baires.com\/wp-content\/uploads\/2025\/02\/pulti-kici.webp?resize=700%2C400 2x"},"classes":[]}],"jetpack_sharing_enabled":true,"jetpack_likes_enabled":true,"_links":{"self":[{"href":"https:\/\/www.24baires.com\/index.php?rest_route=\/wp\/v2\/posts\/19688","targetHints":{"allow":["GET"]}}],"collection":[{"href":"https:\/\/www.24baires.com\/index.php?rest_route=\/wp\/v2\/posts"}],"about":[{"href":"https:\/\/www.24baires.com\/index.php?rest_route=\/wp\/v2\/types\/post"}],"author":[{"embeddable":true,"href":"https:\/\/www.24baires.com\/index.php?rest_route=\/wp\/v2\/users\/4"}],"replies":[{"embeddable":true,"href":"https:\/\/www.24baires.com\/index.php?rest_route=%2Fwp%2Fv2%2Fcomments&post=19688"}],"version-history":[{"count":3,"href":"https:\/\/www.24baires.com\/index.php?rest_route=\/wp\/v2\/posts\/19688\/revisions"}],"predecessor-version":[{"id":19696,"href":"https:\/\/www.24baires.com\/index.php?rest_route=\/wp\/v2\/posts\/19688\/revisions\/19696"}],"wp:attachment":[{"href":"https:\/\/www.24baires.com\/index.php?rest_route=%2Fwp%2Fv2%2Fmedia&parent=19688"}],"wp:term":[{"taxonomy":"category","embeddable":true,"href":"https:\/\/www.24baires.com\/index.php?rest_route=%2Fwp%2Fv2%2Fcategories&post=19688"},{"taxonomy":"post_tag","embeddable":true,"href":"https:\/\/www.24baires.com\/index.php?rest_route=%2Fwp%2Fv2%2Ftags&post=19688"}],"curies":[{"name":"wp","href":"https:\/\/api.w.org\/{rel}","templated":true}]}}