{"id":19427,"date":"2013-03-26T20:35:39","date_gmt":"2013-03-26T23:35:39","guid":{"rendered":"http:\/\/www.24baires.com\/?p=19427"},"modified":"2013-03-26T20:35:39","modified_gmt":"2013-03-26T23:35:39","slug":"le-tiran-salvavidas-de-plomo-pero-scioli-igual-devuelve-guinos","status":"publish","type":"post","link":"https:\/\/www.24baires.com\/?p=19427","title":{"rendered":"Le tiran \u201csalvavidas de plomo\u201d, pero Scioli igual devuelve gui\u00f1os"},"content":{"rendered":"<p>Como si tuviera poco con los reclamos salariales de docentes y dem\u00e1s estatales provinciales, Daniel Scioli sigue pulseando por mantener su lugar en las filas kirchneristas, para que ese espacio le permita sostener y concretar sus aspiraciones presidenciales, que ya no son secreto para nadie.<!--more--><\/p>\n<p>Es insoslayable el debilitamiento econ\u00f3mico que aqueja Buenos Aires. Por un lado, desde Naci\u00f3n llaman mala administraci\u00f3n a esta falta de liquidez, y desde la administraci\u00f3n provincial acusan a la Naci\u00f3n de no enviar los fondos necesarios para apagar los ya varios focos de incendio. Y as\u00ed pasan los d\u00edas, mientras el Gobernador se dice kirchnerista de la primera hora, y observa como desde distintos puntos de la oposici\u00f3n lo miran con cari\u00f1o. Vale aclarar que, aunque coquete\u00f3 en su momento con sectores antag\u00f3nicos al gobierno, nunca sac\u00f3 los pies del plato.<\/p>\n<p>Con su habla calma y sus frases cortas no pierde tiempo y suma a su espacio a Alberto Fern\u00e1ndez, revolucionando a propios y ajenos con esa incorporaci\u00f3n. Como un tipo acosado de tics, Scioli hace gestos para ambos lados. Aunque a la larga se sabe dif\u00edcil quedar bien con Dios y con el Diablo, lo intenta. Y hasta ahora pilotea la tormenta que \u00e9l mismo cre\u00f3 con una habilidad llamativa, aunque siempre puede quedarse sin combustible en medio del oc\u00e9ano.<\/p>\n<p>Hasta su vicegobernador ha dicho que hay que administrar mejor la provincia. De hecho, Mariotto, siempre presto a ajustarle la correa nacional y popular a Daniel, sali\u00f3 a cruzar a los referentes de la oposici\u00f3n que le gui\u00f1an el ojo electoral al Gobernador y dijo que son \u201cun salvavidas de plomo\u201d, y que no le hacen bien a Scioli, sobre todo para dentro del espacio K. El vice, h\u00e1bil mensajero, como siempre.<\/p>\n<p>Y es que se viene otra cumbre Kirchnerista en La Matanza en estos d\u00edas, y Scioli no quiere quedarse afuera, como ya le ocurri\u00f3 en el encuentro del mes de enero en Santa Teresita. Inclusive trascendi\u00f3 que el sciolismo recibi\u00f3 finalmente el convite y ser\u00e1 de la partida oficial en la reuni\u00f3n. Tal vez sea para aplacar los \u00e1nimos secesioncitas de algunos m\u00e1s sciolistas que Scioli que vieron en el desembarco del ex Jefe de Gabinete de Kirchner un alejamiento de la l\u00ednea pol\u00edtica en la que se encuentran desde el 2003.<\/p>\n<p>La cosa es que los cierres de listas son en pocos meses y todos quieren parte en ellas. Siempre hay tiempo para dar portazos, siempre hay tiempo para volver sobre los pasos dados, es pol\u00edtica. Por lo pronto, aunque algunos dirigentes nacionales hayan hecho el comentario de que si Scioli fue el plan B ahora es el plan Z, pocos dudan de que ser\u00e1 candidato en 2015, lo que s\u00ed vacilan es por qu\u00e9 lista. Aun as\u00ed, para agosto y octubre del 2013 la unidad del espacio parece estar s\u00f3lida en la provincia, pero no ser\u00eda la primera vez que alguien patea el tablero.<\/p>\n<p>&nbsp;<\/p>\n<p>&nbsp;<\/p>\n<p>&nbsp;<\/p>\n","protected":false},"excerpt":{"rendered":"<p>Como si tuviera poco con los reclamos salariales de docentes y dem\u00e1s estatales provinciales, Daniel Scioli sigue pulseando por mantener su lugar en las filas kirchneristas, para que ese espacio le permita sostener y concretar sus aspiraciones presidenciales, que ya no son secreto para nadie.<\/p>\n","protected":false},"author":11,"featured_media":0,"comment_status":"open","ping_status":"open","sticky":false,"template":"","format":"standard","meta":{"_jetpack_newsletter_access":"","_jetpack_dont_email_post_to_subs":false,"_jetpack_newsletter_tier_id":0,"_jetpack_memberships_contains_paywalled_content":false,"_jetpack_memberships_contains_paid_content":false,"footnotes":""},"categories":[64],"tags":[],"class_list":["post-19427","post","type-post","status-publish","format-standard","hentry","category-opinion"],"jetpack_featured_media_url":"","jetpack_shortlink":"https:\/\/wp.me\/p2JWE0-53l","jetpack-related-posts":[{"id":108387,"url":"https:\/\/www.24baires.com\/?p=108387","url_meta":{"origin":19427,"position":0},"title":"Scioli ratific\u00f3 su candidatura presidencial","author":"GB","date":"25\/05\/2019","format":false,"excerpt":"El exgobernador de la Provincia de Buenos Aires particip\u00f3 del Congreso Educativo de Ajedrez que se realiz\u00f3 en la ciudad balnearia y manifest\u00f3 sus deseos de ser el primer mandatario del pa\u00eds despu\u00e9s del 10 de diciembre, sin embargo aclar\u00f3: \u201cVer\u00e9 como peronista en qu\u00e9 lugar puedo hacer mi mayor\u2026","rel":"","context":"En \u00abPol\u00edtica\u00bb","block_context":{"text":"Pol\u00edtica","link":"https:\/\/www.24baires.com\/?cat=51"},"img":{"alt_text":"","src":"https:\/\/i0.wp.com\/www.24baires.com\/wp-content\/uploads\/2019\/05\/scioli-mar-del.jpg?resize=350%2C200","width":350,"height":200,"srcset":"https:\/\/i0.wp.com\/www.24baires.com\/wp-content\/uploads\/2019\/05\/scioli-mar-del.jpg?resize=350%2C200 1x, https:\/\/i0.wp.com\/www.24baires.com\/wp-content\/uploads\/2019\/05\/scioli-mar-del.jpg?resize=525%2C300 1.5x"},"classes":[]},{"id":108334,"url":"https:\/\/www.24baires.com\/?p=108334","url_meta":{"origin":19427,"position":1},"title":"Lavagna: \u00abNi Cristina ni cambiemos\u00bb","author":"AF","date":"22\/05\/2019","format":false,"excerpt":"\"Recibimos a los radicales que no se sientan representados por el PRO\", sostuvo por C5N el candidato presidencial por Consenso 19, quien remarc\u00f3 que el kirchnerismo \"no puede recibir nada de nosotros\". El ex ministro de Econom\u00eda Roberto Lavagna ratific\u00f3 este mi\u00e9rcoles por la tarde su precandidatura presidencial por Consenso\u2026","rel":"","context":"En \u00abPol\u00edtica\u00bb","block_context":{"text":"Pol\u00edtica","link":"https:\/\/www.24baires.com\/?cat=51"},"img":{"alt_text":"","src":"https:\/\/i0.wp.com\/www.24baires.com\/wp-content\/uploads\/2013\/12\/lavagna-solo.jpg?resize=350%2C200","width":350,"height":200,"srcset":"https:\/\/i0.wp.com\/www.24baires.com\/wp-content\/uploads\/2013\/12\/lavagna-solo.jpg?resize=350%2C200 1x, https:\/\/i0.wp.com\/www.24baires.com\/wp-content\/uploads\/2013\/12\/lavagna-solo.jpg?resize=525%2C300 1.5x"},"classes":[]},{"id":16189,"url":"https:\/\/www.24baires.com\/?p=16189","url_meta":{"origin":19427,"position":2},"title":"Alberto Fern\u00e1ndez: \u00abLes molesta que Scioli no sea parte de los aplaudidores\u201d","author":"Grupo Sierra","date":"20\/02\/2013","format":false,"excerpt":"El jefe de gabinete del gobierno de N\u00e9stor Kirchner, Alberto Fern\u00e1ndez, asegur\u00f3 que desde que la provincia cedi\u00f3 su coparticipaci\u00f3n y se congel\u00f3 el Fondo del Conurbano, \u201ctuvo problemas financieros estructurales\u201d, por lo que consider\u00f3 que los inconvenientes para saldar las paritarias \u201cno es un problema de Scioli\u201d. Afirm\u00f3 que\u2026","rel":"","context":"En \u00abPol\u00edtica\u00bb","block_context":{"text":"Pol\u00edtica","link":"https:\/\/www.24baires.com\/?cat=51"},"img":{"alt_text":"","src":"","width":0,"height":0},"classes":[]},{"id":19312,"url":"https:\/\/www.24baires.com\/?p=19312","url_meta":{"origin":19427,"position":3},"title":"Jos\u00e9 &#8216;Pepe&#8217; Scioli: \u201cClaramente hay un boicot pol\u00edtico y econ\u00f3mico a la Provincia\u201d","author":"AF","date":"25\/03\/2013","format":false,"excerpt":"El dirigente de Uni\u00f3n Celeste y Blanco critic\u00f3 duramente las pol\u00edticas que el kirchnerismo desempe\u00f1a en el territorio bonaerense. Adem\u00e1s, expres\u00f3 su preocupaci\u00f3n por la situaci\u00f3n econ\u00f3mica y social que atraviesa Mar del Plata. Tambi\u00e9n, brind\u00f3 sus expectativas respecto al a\u00f1o electoral. \u201cReitero que claramente hay un boicot pol\u00edtico y\u2026","rel":"","context":"En \u00abEconom\u00eda\u00bb","block_context":{"text":"Econom\u00eda","link":"https:\/\/www.24baires.com\/?cat=45"},"img":{"alt_text":"pepe scioli","src":"https:\/\/i0.wp.com\/www.24baires.com\/wp-content\/uploads\/2013\/03\/pepe-scioli-300x231.jpg?resize=350%2C200","width":350,"height":200},"classes":[]},{"id":99,"url":"https:\/\/www.24baires.com\/?p=99","url_meta":{"origin":19427,"position":4},"title":"El Juego de las Diferencias volvi\u00f3 a escena","author":"Grupo Sierra","date":"24\/09\/2012","format":false,"excerpt":"Varios medios reprodujeron fragmentos de las declaraciones de Daniel Scioli a un portal misionero y las reinterpretaron para presentar al Gobernador confrontado con la administraci\u00f3n nacional. Los medios dominantes contin\u00faan empecinados en construir un candidato a imagen y semejanza de la oposici\u00f3n medi\u00e1tica . Por Germ\u00e1n Celesia*\u00a0\u00a0El gobernador de la\u2026","rel":"","context":"En \u00abPol\u00edtica\u00bb","block_context":{"text":"Pol\u00edtica","link":"https:\/\/www.24baires.com\/?cat=51"},"img":{"alt_text":"","src":"https:\/\/i0.wp.com\/www.24baires.com\/wp-content\/uploads\/2012\/09\/scioli-cristina.jpg?resize=350%2C200","width":350,"height":200,"srcset":"https:\/\/i0.wp.com\/www.24baires.com\/wp-content\/uploads\/2012\/09\/scioli-cristina.jpg?resize=350%2C200 1x, https:\/\/i0.wp.com\/www.24baires.com\/wp-content\/uploads\/2012\/09\/scioli-cristina.jpg?resize=525%2C300 1.5x"},"classes":[]},{"id":88230,"url":"https:\/\/www.24baires.com\/?p=88230","url_meta":{"origin":19427,"position":5},"title":"Acusan al ex Jefe de Gabinete de Scioli de adulterar facturaciones","author":"AF","date":"03\/10\/2016","format":false,"excerpt":"El fiscal platense Alvaro Garganta analiza presuntos casos de facturaci\u00f3n trucha en la administraci\u00f3n de Daniel Scioli en la provincia de Buenos Aires y le apunta, en este caso, en el ex jefe de Gabinete Alberto P\u00e9rez. El hombre fuerte del gobierno de Scioli est\u00e1 en la mira de la\u2026","rel":"","context":"En \u00abLocales\u00bb","block_context":{"text":"Locales","link":"https:\/\/www.24baires.com\/?cat=38"},"img":{"alt_text":"p\u00e9rez alberto","src":"https:\/\/i0.wp.com\/www.24baires.com\/wp-content\/uploads\/2013\/03\/p%C3%A9rez-alberto.jpg?resize=350%2C200","width":350,"height":200,"srcset":"https:\/\/i0.wp.com\/www.24baires.com\/wp-content\/uploads\/2013\/03\/p%C3%A9rez-alberto.jpg?resize=350%2C200 1x, https:\/\/i0.wp.com\/www.24baires.com\/wp-content\/uploads\/2013\/03\/p%C3%A9rez-alberto.jpg?resize=525%2C300 1.5x"},"classes":[]}],"jetpack_sharing_enabled":true,"jetpack_likes_enabled":true,"_links":{"self":[{"href":"https:\/\/www.24baires.com\/index.php?rest_route=\/wp\/v2\/posts\/19427","targetHints":{"allow":["GET"]}}],"collection":[{"href":"https:\/\/www.24baires.com\/index.php?rest_route=\/wp\/v2\/posts"}],"about":[{"href":"https:\/\/www.24baires.com\/index.php?rest_route=\/wp\/v2\/types\/post"}],"author":[{"embeddable":true,"href":"https:\/\/www.24baires.com\/index.php?rest_route=\/wp\/v2\/users\/11"}],"replies":[{"embeddable":true,"href":"https:\/\/www.24baires.com\/index.php?rest_route=%2Fwp%2Fv2%2Fcomments&post=19427"}],"version-history":[{"count":4,"href":"https:\/\/www.24baires.com\/index.php?rest_route=\/wp\/v2\/posts\/19427\/revisions"}],"predecessor-version":[{"id":19431,"href":"https:\/\/www.24baires.com\/index.php?rest_route=\/wp\/v2\/posts\/19427\/revisions\/19431"}],"wp:attachment":[{"href":"https:\/\/www.24baires.com\/index.php?rest_route=%2Fwp%2Fv2%2Fmedia&parent=19427"}],"wp:term":[{"taxonomy":"category","embeddable":true,"href":"https:\/\/www.24baires.com\/index.php?rest_route=%2Fwp%2Fv2%2Fcategories&post=19427"},{"taxonomy":"post_tag","embeddable":true,"href":"https:\/\/www.24baires.com\/index.php?rest_route=%2Fwp%2Fv2%2Ftags&post=19427"}],"curies":[{"name":"wp","href":"https:\/\/api.w.org\/{rel}","templated":true}]}}