{"id":19217,"date":"2013-03-24T14:18:10","date_gmt":"2013-03-24T17:18:10","guid":{"rendered":"http:\/\/www.24baires.com\/?p=19217"},"modified":"2013-03-24T14:18:10","modified_gmt":"2013-03-24T17:18:10","slug":"le-rechazan-una-recusacion-a-magnetto-en-la-causa-por-maniobras-financieras-ilicitas","status":"publish","type":"post","link":"https:\/\/www.24baires.com\/?p=19217","title":{"rendered":"Le rechazan una recusaci\u00f3n a Magnetto en la causa por maniobras financieras il\u00edcitas"},"content":{"rendered":"<p>La C\u00e1mara Federal porte\u00f1a confirm\u00f3 al juez Luis Rodr\u00edguez en la causa que investiga supuestas maniobras financieras il\u00edcitas por parte del Grupo Clar\u00edn, al rechazar una recusaci\u00f3n presentada por el CEO de ese conglomerado de empresas, H\u00e9ctor Magnetto.<!--more--><\/p>\n<p>\u00abEl motivo de recusaci\u00f3n invocado no posee el peso suficiente para justificar el apartamiento\u00bb, concluyeron los camaristas Mart\u00edn Irurz\u00fan, Horacio Cattani y Eduardo Farah al rechazar apartar al juez del caso a pedido de Magnetto.<\/p>\n<p>El empresario hab\u00eda argumentado que el juez federal de instrucci\u00f3n pod\u00eda perder la imparcialidad porque hab\u00eda sido denunciado poco antes de asumir al frente del Juzgado Federal 9 por supuesto uso de simbolog\u00eda nazi, una querella que fue archivada por la Justicia.<\/p>\n<p>El tribunal de apelaciones confirm\u00f3 esta semana a Rodr\u00edguez en el caso y advirti\u00f3 que la denuncia en cuesti\u00f3n hab\u00eda sido presentada por un apoderado en representaci\u00f3n del Grupo Clar\u00edn SA y dos accionistas m\u00e1s, y que \u00absu inter\u00e9s en la investigaci\u00f3n del il\u00edcito denunciado no exced\u00eda al de cualquier otro ciudadano\u00bb, seg\u00fan la resoluci\u00f3n de la sala II a la que accedi\u00f3 T\u00e9lam.<\/p>\n<p>\u00abRep\u00e1rese incluso en que seg\u00fan se desprende de la copia de la denuncia aportada por el recusante (por Magnetto) habr\u00eda tomado conocimiento del hecho a trav\u00e9s de la prensa en base a art\u00edculos period\u00edsticos elaborados por terceros\u00bb, remarcaron los jueces.<\/p>\n<p>Y adem\u00e1s destacaron que \u00abno es posible dejar de valorar que la citada denuncia, en lo que hace a Luis Rodr\u00edguez, fue archivada por atipicidad\u00bb el 13 de diciembre del a\u00f1o pasado, cuatro meses despu\u00e9s de presentada y sin siquiera haberse llamado a declarar al magistrado.<\/p>\n","protected":false},"excerpt":{"rendered":"<p>La C\u00e1mara Federal porte\u00f1a confirm\u00f3 al juez Luis Rodr\u00edguez en la causa que investiga supuestas maniobras financieras il\u00edcitas por parte del Grupo Clar\u00edn, al rechazar una recusaci\u00f3n presentada por el CEO de ese conglomerado de empresas, H\u00e9ctor Magnetto.<\/p>\n","protected":false},"author":11,"featured_media":0,"comment_status":"open","ping_status":"open","sticky":false,"template":"","format":"standard","meta":{"_jetpack_newsletter_access":"","_jetpack_dont_email_post_to_subs":false,"_jetpack_newsletter_tier_id":0,"_jetpack_memberships_contains_paywalled_content":false,"_jetpack_memberships_contains_paid_content":false,"footnotes":""},"categories":[54],"tags":[],"class_list":["post-19217","post","type-post","status-publish","format-standard","hentry","category-medios"],"jetpack_featured_media_url":"","jetpack_shortlink":"https:\/\/wp.me\/p2JWE0-4ZX","jetpack-related-posts":[{"id":103885,"url":"https:\/\/www.24baires.com\/?p=103885","url_meta":{"origin":19217,"position":0},"title":"Bonadio rechaz\u00f3 la recusaci\u00f3n presentada por Cristina Kirchner","author":"AF","date":"14\/08\/2018","format":false,"excerpt":"La ex Presidenta lo hab\u00eda recusado con un escrito que present\u00f3 durante su indagatoria por asociaci\u00f3n il\u00edcita. La C\u00e1mara Federal deber\u00e1 resolver si sigue al frente de la causa. El juez federal Claudio Bonadio rechaz\u00f3 este martes la recusaci\u00f3n en su contra presentada por la ex presidenta Cristina Kirchner, en\u2026","rel":"","context":"En \u00abJUDICIALES\u00bb","block_context":{"text":"JUDICIALES","link":"https:\/\/www.24baires.com\/?cat=68"},"img":{"alt_text":"","src":"https:\/\/i0.wp.com\/www.24baires.com\/wp-content\/uploads\/2014\/11\/bonadio.jpeg?resize=350%2C200","width":350,"height":200,"srcset":"https:\/\/i0.wp.com\/www.24baires.com\/wp-content\/uploads\/2014\/11\/bonadio.jpeg?resize=350%2C200 1x, https:\/\/i0.wp.com\/www.24baires.com\/wp-content\/uploads\/2014\/11\/bonadio.jpeg?resize=525%2C300 1.5x"},"classes":[]},{"id":107435,"url":"https:\/\/www.24baires.com\/?p=107435","url_meta":{"origin":19217,"position":1},"title":"Bonadio respald\u00f3 a Stornelli y rechaz\u00f3 la recusaci\u00f3n de Baratta","author":"AF","date":"29\/03\/2019","format":false,"excerpt":"El abogado Alejandro Rua hab\u00eda recusado a Stornelli debido a las graves imputaciones que tiene el fiscal por supuestas maniobras de espionaje ilegal que se investigan en la justicia de Dolores, y que afectan el desarrollo del caso de los cuadernos. El juez federal Claudio Bonadio respald\u00f3 al fiscal Carlos\u2026","rel":"","context":"En \u00abJUDICIALES\u00bb","block_context":{"text":"JUDICIALES","link":"https:\/\/www.24baires.com\/?cat=68"},"img":{"alt_text":"","src":"https:\/\/i0.wp.com\/www.24baires.com\/wp-content\/uploads\/2015\/07\/bonadio.jpg?resize=350%2C200","width":350,"height":200,"srcset":"https:\/\/i0.wp.com\/www.24baires.com\/wp-content\/uploads\/2015\/07\/bonadio.jpg?resize=350%2C200 1x, https:\/\/i0.wp.com\/www.24baires.com\/wp-content\/uploads\/2015\/07\/bonadio.jpg?resize=525%2C300 1.5x"},"classes":[]},{"id":118161,"url":"https:\/\/www.24baires.com\/?p=118161","url_meta":{"origin":19217,"position":2},"title":"Rechazan la recusaci\u00f3n de Macri y fijan nueva fecha de indagatoria","author":"AF","date":"20\/10\/2021","format":false,"excerpt":"Este mi\u00e9rcoles el juez Mart\u00edn Bava posterg\u00f3 al 28 de octubre la indagatoria a Macri, en la causa por supuesto espionaje a familiares de la tripulaci\u00f3n del hundido submarino ARA San Juan en 2017. El juez federal de Dolores, Mart\u00edn Bava, rechaz\u00f3 este mi\u00e9rcoles la recusaci\u00f3n que le present\u00f3 el\u2026","rel":"","context":"En \u00abJUDICIALES\u00bb","block_context":{"text":"JUDICIALES","link":"https:\/\/www.24baires.com\/?cat=68"},"img":{"alt_text":"","src":"https:\/\/i0.wp.com\/www.24baires.com\/wp-content\/uploads\/2021\/10\/macri.jpg?resize=350%2C200","width":350,"height":200,"srcset":"https:\/\/i0.wp.com\/www.24baires.com\/wp-content\/uploads\/2021\/10\/macri.jpg?resize=350%2C200 1x, https:\/\/i0.wp.com\/www.24baires.com\/wp-content\/uploads\/2021\/10\/macri.jpg?resize=525%2C300 1.5x"},"classes":[]},{"id":118212,"url":"https:\/\/www.24baires.com\/?p=118212","url_meta":{"origin":19217,"position":3},"title":"Relevado del deber de guardar secreto, Macri ser\u00e1 indagado en Dolores","author":"AF","date":"02\/11\/2021","format":false,"excerpt":"El expresidente deber\u00e1 presentarse en el Juzgado Federal de Dolores a prestar declaraci\u00f3n indagatoria en la causa por presunto espionaje ilegal a familiares de tripulantes del submarino ARA San Juan. El expresidente Mauricio Macri deber\u00e1 presentarse este mi\u00e9rcoles en el Juzgado Federal de Dolores a prestar declaraci\u00f3n indagatoria en la\u2026","rel":"","context":"En \u00abJUDICIALES\u00bb","block_context":{"text":"JUDICIALES","link":"https:\/\/www.24baires.com\/?cat=68"},"img":{"alt_text":"","src":"https:\/\/i0.wp.com\/www.24baires.com\/wp-content\/uploads\/2021\/11\/617ab0fdad11f_900.jpg?resize=350%2C200","width":350,"height":200,"srcset":"https:\/\/i0.wp.com\/www.24baires.com\/wp-content\/uploads\/2021\/11\/617ab0fdad11f_900.jpg?resize=350%2C200 1x, https:\/\/i0.wp.com\/www.24baires.com\/wp-content\/uploads\/2021\/11\/617ab0fdad11f_900.jpg?resize=525%2C300 1.5x"},"classes":[]},{"id":119576,"url":"https:\/\/www.24baires.com\/?p=119576","url_meta":{"origin":19217,"position":4},"title":"La jueza Capuchetti deleg\u00f3 la investigaci\u00f3n del intento de magnicidio","author":"AF","date":"23\/11\/2022","format":false,"excerpt":"Fuentes judiciales informaron la decisi\u00f3n de la jueza federal, que puso en manos de la fiscal\u00eda las tareas investigativas del intento de asesinato a la Vicepresidenta. La jueza federal Mar\u00eda Eugenia Capuchetti deleg\u00f3 en el fiscal Carlos R\u00edvolo la investigaci\u00f3n por el intento de asesinato a la vicepresidenta Cristina Fern\u00e1ndez\u2026","rel":"","context":"En \u00abJUDICIALES\u00bb","block_context":{"text":"JUDICIALES","link":"https:\/\/www.24baires.com\/?cat=68"},"img":{"alt_text":"","src":"https:\/\/i0.wp.com\/www.24baires.com\/wp-content\/uploads\/2022\/11\/capuchetti.jpg?resize=350%2C200","width":350,"height":200,"srcset":"https:\/\/i0.wp.com\/www.24baires.com\/wp-content\/uploads\/2022\/11\/capuchetti.jpg?resize=350%2C200 1x, https:\/\/i0.wp.com\/www.24baires.com\/wp-content\/uploads\/2022\/11\/capuchetti.jpg?resize=525%2C300 1.5x, https:\/\/i0.wp.com\/www.24baires.com\/wp-content\/uploads\/2022\/11\/capuchetti.jpg?resize=700%2C400 2x"},"classes":[]},{"id":107335,"url":"https:\/\/www.24baires.com\/?p=107335","url_meta":{"origin":19217,"position":5},"title":"La C\u00e1mara rechaz\u00f3 la recusaci\u00f3n de Stornelli a Ramos Padilla","author":"GB","date":"22\/03\/2019","format":false,"excerpt":"La C\u00e1mara rechaz\u00f3 uno de los planteos del fiscal para sacarle la causa a Ramos Padilla. El fiscal federal Carlos Stornellirecibi\u00f3 un rev\u00e9s de la C\u00e1mara Federal de Mar del Plata, la cual rechaz\u00f3 uno de sus dos planteos para sacarle la causa al juez Alejo Ramos Padilla. Stornelli, que\u2026","rel":"","context":"En \u00abPol\u00edtica\u00bb","block_context":{"text":"Pol\u00edtica","link":"https:\/\/www.24baires.com\/?cat=51"},"img":{"alt_text":"","src":"https:\/\/i0.wp.com\/www.24baires.com\/wp-content\/uploads\/2019\/03\/ramos-padillaa.jpg?resize=350%2C200","width":350,"height":200,"srcset":"https:\/\/i0.wp.com\/www.24baires.com\/wp-content\/uploads\/2019\/03\/ramos-padillaa.jpg?resize=350%2C200 1x, https:\/\/i0.wp.com\/www.24baires.com\/wp-content\/uploads\/2019\/03\/ramos-padillaa.jpg?resize=525%2C300 1.5x"},"classes":[]}],"jetpack_sharing_enabled":true,"jetpack_likes_enabled":true,"_links":{"self":[{"href":"https:\/\/www.24baires.com\/index.php?rest_route=\/wp\/v2\/posts\/19217","targetHints":{"allow":["GET"]}}],"collection":[{"href":"https:\/\/www.24baires.com\/index.php?rest_route=\/wp\/v2\/posts"}],"about":[{"href":"https:\/\/www.24baires.com\/index.php?rest_route=\/wp\/v2\/types\/post"}],"author":[{"embeddable":true,"href":"https:\/\/www.24baires.com\/index.php?rest_route=\/wp\/v2\/users\/11"}],"replies":[{"embeddable":true,"href":"https:\/\/www.24baires.com\/index.php?rest_route=%2Fwp%2Fv2%2Fcomments&post=19217"}],"version-history":[{"count":4,"href":"https:\/\/www.24baires.com\/index.php?rest_route=\/wp\/v2\/posts\/19217\/revisions"}],"predecessor-version":[{"id":19221,"href":"https:\/\/www.24baires.com\/index.php?rest_route=\/wp\/v2\/posts\/19217\/revisions\/19221"}],"wp:attachment":[{"href":"https:\/\/www.24baires.com\/index.php?rest_route=%2Fwp%2Fv2%2Fmedia&parent=19217"}],"wp:term":[{"taxonomy":"category","embeddable":true,"href":"https:\/\/www.24baires.com\/index.php?rest_route=%2Fwp%2Fv2%2Fcategories&post=19217"},{"taxonomy":"post_tag","embeddable":true,"href":"https:\/\/www.24baires.com\/index.php?rest_route=%2Fwp%2Fv2%2Ftags&post=19217"}],"curies":[{"name":"wp","href":"https:\/\/api.w.org\/{rel}","templated":true}]}}