{"id":19085,"date":"2013-03-22T18:30:44","date_gmt":"2013-03-22T21:30:44","guid":{"rendered":"http:\/\/www.24baires.com\/?p=19085"},"modified":"2013-03-22T17:46:12","modified_gmt":"2013-03-22T20:46:12","slug":"cablevision-no-vende-caramelos-es-un-servicio-de-interes-publico","status":"publish","type":"post","link":"https:\/\/www.24baires.com\/?p=19085","title":{"rendered":"\u201cCablevisi\u00f3n no vende caramelos, es un servicio de inter\u00e9s p\u00fablico\u201d"},"content":{"rendered":"<p>Lo dijo el senador Luciano Martini, tras el apoyo de la C\u00e1mara Alta a la presentaci\u00f3n judicial de la Defensor\u00eda del Pueblo contra Cablevisi\u00f3n por el cobro indebido de su servicio. \u201cEstas empresas tienen que entender que dejaron de ser servicios privados y ajustarse al Estado de derecho\u201d, se\u00f1al\u00f3.<!--more--><br \/>\nLa iniciativa parlamentaria, que lleva la firma de los senadores del Frente para la Victoria Luciano Martini, Gustavo Oliva y Emilio L\u00f3pez Muntaner, propone declarar el benepl\u00e1cito de la C\u00e1mara alta bonaerense al accionar de la Defensor\u00eda del Pueblo de la Provincia de Buenos Aires al impulsar un reclamo ante la Justicia Federal en defensa de los usuarios de la empresa Cablevisi\u00f3n, con el fin de que la empresa adecue el monto que debe cobrarse como abono.<\/p>\n<p>\u201cSe trata de una declaraci\u00f3n de acompa\u00f1amiento pol\u00edtico del Senado a la Defensor\u00eda en defensa de los usuarios de Cablevisi\u00f3n\u201d, explic\u00f3 el legislador Luciano Martini a esta agencia.<\/p>\n<p>A su vez, solicita a la empresa Cablevisi\u00f3n que \u00abde forma inmediata\u00bb adecue el valor del abono b\u00e1sico del cable en 130 pesos, tal como lo establece una resoluci\u00f3n de la Secretar\u00eda de Comercio Interior de la Naci\u00f3n. Hasta tanto no se efectivice el Defensor del Pueblo, Carlos Bonicatto, solicit\u00f3 que a la empresa se le apliquen multas de 100.000 mil pesos por d\u00eda.<\/p>\n<p>\u201cEstas empresas tienen que entender que dejaron de ser servicios privados. No venden caramelos y turrones. Como dice el presidente de Ecuador, Rafael Correa, son servicios de inter\u00e9s p\u00fablico\u201d.<\/p>\n<p>En ese sentido, el legislador puso \u00e9nfasis en el cambio positivo que de apoco se est\u00e1 dando con la fuerte intervenci\u00f3n del Estado desde el 2003 hasta la fecha \u201cvemos a sectores de la Justicia que tambi\u00e9n empiezan a acompa\u00f1ar y como nos lo ha propuesto el vicegobernador, Gabriel Mariotto desde su conducci\u00f3n, tenemos que trabajar para que las empresas se se ajusten al Estado de derecho\u201d, remarc\u00f3.<\/p>\n<p>Por \u00faltimo agreg\u00f3: \u201ccomo se sabe, impactan fuertemente y hace que los ciudadanos se encuentren desprotegidos sin saber qu\u00e9 hacer. Estamos convencidos que esta iniciativa favorece desde cualquier punto de vista a los ciudadanos\u201d, indic\u00f3 Martini.<\/p>\n<p>&nbsp;<\/p>\n<p>&nbsp;<\/p>\n<p>&nbsp;<\/p>\n<p>&nbsp;<\/p>\n<p>&nbsp;<\/p>\n<p>&nbsp;<\/p>\n<p>&nbsp;<\/p>\n<p>&nbsp;<\/p>\n<p>&nbsp;<\/p>\n<p>&nbsp;<\/p>\n<p>&nbsp;<\/p>\n<p>&nbsp;<\/p>\n","protected":false},"excerpt":{"rendered":"<p>Lo dijo el senador Luciano Martini, tras el apoyo de la C\u00e1mara Alta a la presentaci\u00f3n judicial de la Defensor\u00eda del Pueblo contra Cablevisi\u00f3n por el cobro indebido de su servicio. \u201cEstas empresas tienen que entender que dejaron de ser servicios privados y ajustarse al Estado de derecho\u201d, se\u00f1al\u00f3.<\/p>\n","protected":false},"author":4,"featured_media":0,"comment_status":"open","ping_status":"open","sticky":false,"template":"","format":"standard","meta":{"_jetpack_newsletter_access":"","_jetpack_dont_email_post_to_subs":false,"_jetpack_newsletter_tier_id":0,"_jetpack_memberships_contains_paywalled_content":false,"_jetpack_memberships_contains_paid_content":false,"footnotes":""},"categories":[54],"tags":[],"class_list":["post-19085","post","type-post","status-publish","format-standard","hentry","category-medios"],"jetpack_featured_media_url":"","jetpack_shortlink":"https:\/\/wp.me\/p2JWE0-4XP","jetpack-related-posts":[{"id":18766,"url":"https:\/\/www.24baires.com\/?p=18766","url_meta":{"origin":19085,"position":0},"title":"Senadores bonaerenses apoyan las acciones judiciales contra Cablevisi\u00f3n","author":"AF","date":"18\/03\/2013","format":false,"excerpt":"Un proyecto impulsado en la C\u00e1mara alta respalda la presentaci\u00f3n judicial de la Defensor\u00eda del Pueblo provincial contra la empresa del Grupo Clar\u00edn por el cobro indebido de su servicio y solicita que la firma adecue el costo del abono b\u00e1sico del cable. \u201cEsta acci\u00f3n judicial logr\u00f3 ponerle un l\u00edmite\u2026","rel":"","context":"En \u00abMedios\u00bb","block_context":{"text":"Medios","link":"https:\/\/www.24baires.com\/?cat=54"},"img":{"alt_text":"","src":"","width":0,"height":0},"classes":[]},{"id":24419,"url":"https:\/\/www.24baires.com\/?p=24419","url_meta":{"origin":19085,"position":1},"title":"El Senado bonaerense apoy\u00f3 el reclamo contra Cablevisi\u00f3n por el precio del abono","author":"Grupo Sierra","date":"26\/05\/2013","format":false,"excerpt":"La C\u00e1mara de Senadores bonaerense respald\u00f3 la presentaci\u00f3n judicial de la Defensor\u00eda del Pueblo provincial contra la empresa Cablevisi\u00f3n S.A., por el valor del servicio, y solicit\u00f3 que la firma adecue el costo del abono b\u00e1sico del cable. La C\u00e1mara Alta acompa\u00f1\u00f3 el proyecto elevado por el senador del Frente\u2026","rel":"","context":"En \u00abMedios\u00bb","block_context":{"text":"Medios","link":"https:\/\/www.24baires.com\/?cat=54"},"img":{"alt_text":"senadobonaerense2-679x350","src":"https:\/\/i0.wp.com\/www.24baires.com\/wp-content\/uploads\/2013\/05\/senadobonaerense2-679x350.jpg?resize=350%2C200","width":350,"height":200,"srcset":"https:\/\/i0.wp.com\/www.24baires.com\/wp-content\/uploads\/2013\/05\/senadobonaerense2-679x350.jpg?resize=350%2C200 1x, https:\/\/i0.wp.com\/www.24baires.com\/wp-content\/uploads\/2013\/05\/senadobonaerense2-679x350.jpg?resize=525%2C300 1.5x"},"classes":[]},{"id":20564,"url":"https:\/\/www.24baires.com\/?p=20564","url_meta":{"origin":19085,"position":2},"title":"Cablevisi\u00f3n \u201cNo quiere cumplir con lo que se le ordena\u00bb advirti\u00f3 Bonicatto","author":"AF","date":"09\/04\/2013","format":false,"excerpt":"El Defensor del Pueblo bonaerense, Carlos Bonicatto, dialog\u00f3 sobre la causa contra la empresa del Grupo Clar\u00edn por el cobro indebido de sus servicio en la Provincia. Adelant\u00f3 que en los pr\u00f3ximos d\u00edas podr\u00eda haber novedades de la Justicia, ya que eval\u00faa un nuevo pedido para que la cableoperadora se\u2026","rel":"","context":"En \u00abMedios\u00bb","block_context":{"text":"Medios","link":"https:\/\/www.24baires.com\/?cat=54"},"img":{"alt_text":"bonicatto","src":"https:\/\/i0.wp.com\/www.24baires.com\/wp-content\/uploads\/2013\/04\/bonicatto.jpg?resize=350%2C200","width":350,"height":200,"srcset":"https:\/\/i0.wp.com\/www.24baires.com\/wp-content\/uploads\/2013\/04\/bonicatto.jpg?resize=350%2C200 1x, https:\/\/i0.wp.com\/www.24baires.com\/wp-content\/uploads\/2013\/04\/bonicatto.jpg?resize=525%2C300 1.5x"},"classes":[]},{"id":18831,"url":"https:\/\/www.24baires.com\/?p=18831","url_meta":{"origin":19085,"position":3},"title":"\u201cLo primero que tiene que hacer Cablevisi\u00f3n es reconocer que no es un servicio privado\u201d","author":"AF","date":"19\/03\/2013","format":false,"excerpt":"El Senador provincial del Frente para la Victoria, Luciano Martini, coment\u00f3 la iniciativa para proteger los derechos de los consumidores de Cablevisi\u00f3n, remarcando que \u201clo primero que tiene que hacer la empresa es reconocer que no es un servicio privado. Debe sobre la mesa la posibilidad de discutir los costos,\u2026","rel":"","context":"En \u00abMedios\u00bb","block_context":{"text":"Medios","link":"https:\/\/www.24baires.com\/?cat=54"},"img":{"alt_text":"","src":"","width":0,"height":0},"classes":[]},{"id":20756,"url":"https:\/\/www.24baires.com\/?p=20756","url_meta":{"origin":19085,"position":4},"title":"Rechazan la presentaci\u00f3n de Cablevisi\u00f3n y fijan el abono en $130","author":"AF","date":"11\/04\/2013","format":false,"excerpt":"La C\u00e1mara Federal de Apelaciones de La Plata rechaz\u00f3 el planteo realizado por la empresa Cablevisi\u00f3n S.A. y aval\u00f3 la presentaci\u00f3n realizada por la Defensor\u00eda del Pueblo de la provincia de Buenos Aires que fija en 130 pesos el abono b\u00e1sico de cable. La C\u00e1mara Federal rechaz\u00f3 un recurso extraordinario\u2026","rel":"","context":"En \u00abMedios\u00bb","block_context":{"text":"Medios","link":"https:\/\/www.24baires.com\/?cat=54"},"img":{"alt_text":"","src":"","width":0,"height":0},"classes":[]},{"id":13638,"url":"https:\/\/www.24baires.com\/?p=13638","url_meta":{"origin":19085,"position":5},"title":"Cablevisi\u00f3n deber\u00e1 bajar la tarifa b\u00e1sica por una medida cautelar","author":"AF","date":"26\/01\/2013","format":false,"excerpt":"La justicia convalid\u00f3 la medida cautelar contra Cablevisi\u00f3n que present\u00f3 la Defensor\u00eda del Pueblo bonaerense y confirm\u00f3 que la empresa debe cobrar su abono de TV por cable a 130 pesos. El tratamiento de este caso en feria judicial surge del pedido del Defensor del Pueblo, Carlos Bonicatto, quien solicit\u00f3\u2026","rel":"","context":"En \u00abMedios\u00bb","block_context":{"text":"Medios","link":"https:\/\/www.24baires.com\/?cat=54"},"img":{"alt_text":"cablevisi\u00f3n","src":"https:\/\/i0.wp.com\/www.24baires.com\/wp-content\/uploads\/2013\/01\/cablevisi%C3%B3n-300x199.jpg?resize=350%2C200","width":350,"height":200},"classes":[]}],"jetpack_sharing_enabled":true,"jetpack_likes_enabled":true,"_links":{"self":[{"href":"https:\/\/www.24baires.com\/index.php?rest_route=\/wp\/v2\/posts\/19085","targetHints":{"allow":["GET"]}}],"collection":[{"href":"https:\/\/www.24baires.com\/index.php?rest_route=\/wp\/v2\/posts"}],"about":[{"href":"https:\/\/www.24baires.com\/index.php?rest_route=\/wp\/v2\/types\/post"}],"author":[{"embeddable":true,"href":"https:\/\/www.24baires.com\/index.php?rest_route=\/wp\/v2\/users\/4"}],"replies":[{"embeddable":true,"href":"https:\/\/www.24baires.com\/index.php?rest_route=%2Fwp%2Fv2%2Fcomments&post=19085"}],"version-history":[{"count":3,"href":"https:\/\/www.24baires.com\/index.php?rest_route=\/wp\/v2\/posts\/19085\/revisions"}],"predecessor-version":[{"id":19099,"href":"https:\/\/www.24baires.com\/index.php?rest_route=\/wp\/v2\/posts\/19085\/revisions\/19099"}],"wp:attachment":[{"href":"https:\/\/www.24baires.com\/index.php?rest_route=%2Fwp%2Fv2%2Fmedia&parent=19085"}],"wp:term":[{"taxonomy":"category","embeddable":true,"href":"https:\/\/www.24baires.com\/index.php?rest_route=%2Fwp%2Fv2%2Fcategories&post=19085"},{"taxonomy":"post_tag","embeddable":true,"href":"https:\/\/www.24baires.com\/index.php?rest_route=%2Fwp%2Fv2%2Ftags&post=19085"}],"curies":[{"name":"wp","href":"https:\/\/api.w.org\/{rel}","templated":true}]}}