{"id":18831,"date":"2013-03-19T13:00:14","date_gmt":"2013-03-19T16:00:14","guid":{"rendered":"http:\/\/www.24baires.com\/?p=18831"},"modified":"2013-03-19T13:09:41","modified_gmt":"2013-03-19T16:09:41","slug":"lo-primero-que-tiene-que-hacer-cablevision-es-reconocer-que-no-es-un-servicio-privado","status":"publish","type":"post","link":"https:\/\/www.24baires.com\/?p=18831","title":{"rendered":"\u201cLo primero que tiene que hacer Cablevisi\u00f3n es reconocer que no es un servicio privado\u201d"},"content":{"rendered":"<p>El Senador provincial del Frente para la Victoria, Luciano Martini, coment\u00f3 la iniciativa para proteger los derechos de los consumidores de Cablevisi\u00f3n, remarcando que \u201clo primero que tiene que hacer la empresa es reconocer que no es un servicio privado. Debe sobre la mesa la posibilidad de discutir los costos, las inversiones y dem\u00e1s, para poder buscar soluciones\u201d.<\/p>\n<p><em id=\"__mceDel\"><!--more--><\/em><br \/>\nEl legislador kirchnerista expuso que \u201cel proyecto tiene como objeto dar un respaldo pol\u00edtico de acompa\u00f1amiento desde el Senado a la tarea que est\u00e1 desempe\u00f1ando el Defensor del Pueblo de la provincia, en la defensa a los usuarios y consumidores de Cablevisi\u00f3n\u201d<br \/>\n\u201cEs un tema que comenz\u00f3 en 2010, cuando desde el Ministerio de Econom\u00eda, a trav\u00e9s de la Secretar\u00eda de Comercio Interior, se comenz\u00f3 a regular. Con los servicios tenemos graves problemas, como con los celulares o el cable\u201d, resalt\u00f3.<br \/>\nAsimismo, el Senador sostuvo que \u201ces importante saber que para las empresas se considera que es un servicio privado, por lo tanto, creen que puede ser aumentado s\u00f3lo con un previo aviso. Pero cuando son servicios y cuando la competencia tiene el caso de abuso de posici\u00f3n dominante que est\u00e1 demostrado no puede ser as\u00ed. El ciudadano se siente totalmente indefenso ante las decisiones que toma la empresa\u201d.<br \/>\n\u201cVemos con muy buenos ojos, trabajar sobre los derechos del usuario, buscando fijar pautas. Por eso, lo que se le pide a Cablevisi\u00f3n es que ponga sobre la mesa la posibilidad de discutir los costos, las inversiones y dem\u00e1s, para poder buscar soluciones\u201d, explic\u00f3 Martini.<br \/>\nEn ese sentido, manifest\u00f3 que \u201cno han entendido el proceso de cambio profundo que se est\u00e1 dando en el pa\u00eds. La justicia hoy le est\u00e1 pidiendo a Cablevisi\u00f3n que modifique sus boletas y cobre 130 pesos\u201d.<br \/>\n\u201cLa empresa termina intimando al Defensor del pueblo porque se siente perseguida, pero aqu\u00ed se debe cumplir no s\u00f3lo lo que dice el Poder Ejecutivo, sino tambi\u00e9n lo que dice el Poder Judicial\u201d, relat\u00f3.<br \/>\nPor su parte, Martini tambi\u00e9n se\u00f1al\u00f3: \u201cComo representantes del pueblo tenemos que poner luz sobre esta situaci\u00f3n y apoyar a los funcionarios que van hacia el estado de derecho. Es un proceso complejo, debemos recuperar el marco regulatorio del Estado de Derecho\u201d.<br \/>\nDe ese modo, indic\u00f3 que \u201ccon el Vicegobernador Mariotto nos sentimos con fuerte apoyo y por supuesto cuando fuimos con este proyecto nos dio pleno aval. Adem\u00e1s, la c\u00e1mara de Diputados ya ha hecho un proyecto similar y nosotros queremos ir en la misma direcci\u00f3n\u201d.<br \/>\n\u201cEsto no es contra nadie, es a favor de los derechos de los usuarios y consumidores. El Estado empieza a interesarse y a buscar soluciones\u201d, concluy\u00f3 Luciano Martini.<\/p>\n<p>&nbsp;<\/p>\n<p>&nbsp;<\/p>\n<p>&nbsp;<\/p>\n<p>&nbsp;<\/p>\n<p>&nbsp;<\/p>\n<p>&nbsp;<\/p>\n<p>&nbsp;<\/p>\n<p>&nbsp;<\/p>\n<p>&nbsp;<\/p>\n<p>&nbsp;<\/p>\n<p>&nbsp;<\/p>\n<p>&nbsp;<\/p>\n<p>&nbsp;<\/p>\n<p>&nbsp;<\/p>\n","protected":false},"excerpt":{"rendered":"<p>El Senador provincial del Frente para la Victoria, Luciano Martini, coment\u00f3 la iniciativa para proteger los derechos de los consumidores de Cablevisi\u00f3n, remarcando que \u201clo primero que tiene que hacer la empresa es reconocer que no es un servicio privado. Debe sobre la mesa la posibilidad de discutir los costos, las inversiones y dem\u00e1s, para poder buscar soluciones\u201d.<\/p>\n","protected":false},"author":4,"featured_media":0,"comment_status":"open","ping_status":"open","sticky":false,"template":"","format":"standard","meta":{"_jetpack_newsletter_access":"","_jetpack_dont_email_post_to_subs":false,"_jetpack_newsletter_tier_id":0,"_jetpack_memberships_contains_paywalled_content":false,"_jetpack_memberships_contains_paid_content":false,"footnotes":""},"categories":[54],"tags":[],"class_list":["post-18831","post","type-post","status-publish","format-standard","hentry","category-medios"],"jetpack_featured_media_url":"","jetpack_shortlink":"https:\/\/wp.me\/p2JWE0-4TJ","jetpack-related-posts":[{"id":103076,"url":"https:\/\/www.24baires.com\/?p=103076","url_meta":{"origin":18831,"position":0},"title":"Aprobaron la megafusi\u00f3n entre Cablevisi\u00f3n y Telecom","author":"AF","date":"29\/06\/2018","format":false,"excerpt":"El visto bueno lleg\u00f3 a trav\u00e9s de la \"Comisi\u00f3n Nacional de Defensa de la Competencia\". El negocio de las telecomunicaciones -virtualmente- pasa a manos del Grupo hegem\u00f3nico de H\u00e9ctor Magnetto. El nuevo gigante vale cerca de u$s11 mil millones. Finalmente, el Gobierno de Mauricio Macri aprob\u00f3 la fusi\u00f3n entre Cablevisi\u00f3n,\u2026","rel":"","context":"En \u00abSociedad\u00bb","block_context":{"text":"Sociedad","link":"https:\/\/www.24baires.com\/?cat=1"},"img":{"alt_text":"","src":"https:\/\/i0.wp.com\/www.24baires.com\/wp-content\/uploads\/2012\/12\/cablevisi%C3%B3n1.jpg?resize=350%2C200","width":350,"height":200,"srcset":"https:\/\/i0.wp.com\/www.24baires.com\/wp-content\/uploads\/2012\/12\/cablevisi%C3%B3n1.jpg?resize=350%2C200 1x, https:\/\/i0.wp.com\/www.24baires.com\/wp-content\/uploads\/2012\/12\/cablevisi%C3%B3n1.jpg?resize=525%2C300 1.5x"},"classes":[]},{"id":418,"url":"https:\/\/www.24baires.com\/?p=418","url_meta":{"origin":18831,"position":1},"title":"Multan a Cablevisi\u00f3n por violar las leyes de Lealtad Comercial y Defensa del Consumidor","author":"Grupo Sierra","date":"25\/09\/2012","format":false,"excerpt":"La Administraci\u00f3n Federal de Ingresos P\u00fablicos (AFIP) mult\u00f3 Cablevisi\u00f3n por casi medio mill\u00f3n de pesos por haber violado disposiciones contempladas en las leyes de Defensa del Consumidor y Lealtad Comercial. La sanci\u00f3n se aplic\u00f3 despu\u00e9s de que la empresa del Grupo Clar\u00edn firmara contratos de exclusividad para la provisi\u00f3n del\u2026","rel":"","context":"En \u00abMedios\u00bb","block_context":{"text":"Medios","link":"https:\/\/www.24baires.com\/?cat=54"},"img":{"alt_text":"","src":"","width":0,"height":0},"classes":[]},{"id":116810,"url":"https:\/\/www.24baires.com\/?p=116810","url_meta":{"origin":18831,"position":2},"title":"Enero traer\u00e1 subas de hasta el 20% en la tarifa de cable, internet y telefon\u00eda","author":"GB","date":"02\/12\/2020","format":false,"excerpt":"Las compa\u00f1\u00edas que proveen los servicios argumentaron que la decisi\u00f3n responde a \u201clos incrementos que no pudieron realizar\u201d durante la mayor parte de este a\u00f1o. Las empresas proveedoras de los servicios de Internet, televisi\u00f3n por cable y telefon\u00eda fija y m\u00f3vil advirti\u00f3 a sus usuarios que enero llegar\u00e1 con aumentos\u2026","rel":"","context":"En \u00abConsumidores\u00bb","block_context":{"text":"Consumidores","link":"https:\/\/www.24baires.com\/?cat=78"},"img":{"alt_text":"","src":"https:\/\/i0.wp.com\/www.24baires.com\/wp-content\/uploads\/2014\/06\/celular.jpg?resize=350%2C200","width":350,"height":200,"srcset":"https:\/\/i0.wp.com\/www.24baires.com\/wp-content\/uploads\/2014\/06\/celular.jpg?resize=350%2C200 1x, https:\/\/i0.wp.com\/www.24baires.com\/wp-content\/uploads\/2014\/06\/celular.jpg?resize=525%2C300 1.5x"},"classes":[]},{"id":117802,"url":"https:\/\/www.24baires.com\/?p=117802","url_meta":{"origin":18831,"position":3},"title":"Mar del Plata: Denuncian que Montenegro no exige que paguen tasas millonarias a Fibertel-Cablevisi\u00f3n y Claro","author":"Grupo Sierra","date":"04\/07\/2021","format":false,"excerpt":"\u00a0 \u00a0 Es por hacer la \u201cvista gorda\u201d a las tasas y planos de tendidos clandestinos de fibra \u00f3ptica en diferentes barrios de Gral. Pueyrredon. El monto de lo adeudado rondar\u00eda los 300 millones de pesos. Tambi\u00e9n incluye a varias cooperativas que no son \u00fanicas prestatarias del servicio de internet\u2026","rel":"","context":"En \u00abMunicipios\u00bb","block_context":{"text":"Municipios","link":"https:\/\/www.24baires.com\/?cat=44"},"img":{"alt_text":"","src":"https:\/\/i0.wp.com\/www.24baires.com\/wp-content\/uploads\/2021\/07\/montenegro.jpg?resize=350%2C200","width":350,"height":200},"classes":[]},{"id":19022,"url":"https:\/\/www.24baires.com\/?p=19022","url_meta":{"origin":18831,"position":4},"title":"Repudian convenio entre Cablevisi\u00f3n y el Banco Provincia","author":"AF","date":"21\/03\/2013","format":false,"excerpt":"La C\u00e1mara de Diputados bonaerense aprob\u00f3 un proyecto de declaraci\u00f3n de Nuevo Encuentro que cuestiona el convenio entre el Banco de la Provincia de Buenos Aires y la empresa Cablevisi\u00f3n, por el cual se ofrecen descuentos a los clientes de la banca p\u00fablica que adhieran al cableoperador y al servicio\u2026","rel":"","context":"En \u00abSociedad\u00bb","block_context":{"text":"Sociedad","link":"https:\/\/www.24baires.com\/?cat=1"},"img":{"alt_text":"","src":"","width":0,"height":0},"classes":[]},{"id":19085,"url":"https:\/\/www.24baires.com\/?p=19085","url_meta":{"origin":18831,"position":5},"title":"\u201cCablevisi\u00f3n no vende caramelos, es un servicio de inter\u00e9s p\u00fablico\u201d","author":"AF","date":"22\/03\/2013","format":false,"excerpt":"Lo dijo el senador Luciano Martini, tras el apoyo de la C\u00e1mara Alta a la presentaci\u00f3n judicial de la Defensor\u00eda del Pueblo contra Cablevisi\u00f3n por el cobro indebido de su servicio. \u201cEstas empresas tienen que entender que dejaron de ser servicios privados y ajustarse al Estado de derecho\u201d, se\u00f1al\u00f3. La\u2026","rel":"","context":"En \u00abMedios\u00bb","block_context":{"text":"Medios","link":"https:\/\/www.24baires.com\/?cat=54"},"img":{"alt_text":"","src":"","width":0,"height":0},"classes":[]}],"jetpack_sharing_enabled":true,"jetpack_likes_enabled":true,"_links":{"self":[{"href":"https:\/\/www.24baires.com\/index.php?rest_route=\/wp\/v2\/posts\/18831","targetHints":{"allow":["GET"]}}],"collection":[{"href":"https:\/\/www.24baires.com\/index.php?rest_route=\/wp\/v2\/posts"}],"about":[{"href":"https:\/\/www.24baires.com\/index.php?rest_route=\/wp\/v2\/types\/post"}],"author":[{"embeddable":true,"href":"https:\/\/www.24baires.com\/index.php?rest_route=\/wp\/v2\/users\/4"}],"replies":[{"embeddable":true,"href":"https:\/\/www.24baires.com\/index.php?rest_route=%2Fwp%2Fv2%2Fcomments&post=18831"}],"version-history":[{"count":3,"href":"https:\/\/www.24baires.com\/index.php?rest_route=\/wp\/v2\/posts\/18831\/revisions"}],"predecessor-version":[{"id":18834,"href":"https:\/\/www.24baires.com\/index.php?rest_route=\/wp\/v2\/posts\/18831\/revisions\/18834"}],"wp:attachment":[{"href":"https:\/\/www.24baires.com\/index.php?rest_route=%2Fwp%2Fv2%2Fmedia&parent=18831"}],"wp:term":[{"taxonomy":"category","embeddable":true,"href":"https:\/\/www.24baires.com\/index.php?rest_route=%2Fwp%2Fv2%2Fcategories&post=18831"},{"taxonomy":"post_tag","embeddable":true,"href":"https:\/\/www.24baires.com\/index.php?rest_route=%2Fwp%2Fv2%2Ftags&post=18831"}],"curies":[{"name":"wp","href":"https:\/\/api.w.org\/{rel}","templated":true}]}}