{"id":18782,"date":"2013-03-18T19:51:51","date_gmt":"2013-03-18T22:51:51","guid":{"rendered":"http:\/\/www.24baires.com\/?p=18782"},"modified":"2013-03-18T19:52:22","modified_gmt":"2013-03-18T22:52:22","slug":"se-aleja-la-posibilidad-del-debate-por-un-real-estado-laico","status":"publish","type":"post","link":"https:\/\/www.24baires.com\/?p=18782","title":{"rendered":"\u00bfSe aleja la posibilidad del debate por un real Estado laico?"},"content":{"rendered":"<p>Papa argentino. Mate, dictadura, f\u00fatbol, religi\u00f3n y pol\u00edtica. El men\u00fa casi inevitable del periodismo en estos d\u00edas. Si fuera cierto eso de que Bergoglio instal\u00f3 una parrilla en un balc\u00f3n del Vaticano, incluir\u00eda asado la apretada lista de temas. La comodidad de lo conocido, digamos.<!--more--><\/p>\n<p>Hab\u00eda otros t\u00f3picos pugnando por ser el plato del d\u00eda en esta carta de la que cada uno se sirve lo que le apetece, lo que mejor le calza y lo que m\u00e1s le gusta. Por ejemplo, el de la separaci\u00f3n de la Iglesia del Estado, importante batalla laicista que pretende, entre otras cosas, modificar el art\u00edculo 2 de la Constituci\u00f3n Nacional, que reza \u201cEl Gobierno federal sostiene el culto cat\u00f3lico apost\u00f3lico romano\u201d. Terminar con esto no es abdicar los derechos de muchos, sino reconocer los derechos de todos los otros, los que no son cat\u00f3licos, los que no profesan religiones ni cultos. Es crecer, es madurar como pueblo, es no s\u00f3lo ser tolerante con el que piensa distinto, sino aceptarnos en las diferencias. Si desde nuestra propia Constituci\u00f3n se propone y ampara esta desigualdad, siempre estaremos incapacitados para decir que en nuestro pa\u00eds todos somos iguales ante la ley. Porque el Estado no es laico, porque el Estado elige ser diferente a muchos, en lugar de igualarnos a todos, que ser\u00eda lo m\u00e1s simple: eliminar ese art\u00edculo es un necesario avance, un imprescindible escal\u00f3n a subir en el arduo camino de la igualdad.<\/p>\n<p>Aunque la Iglesia y el Kirchnerismo siempre chisporrotearon e incluso batallaron en veredas opuestas en diversos momentos, esta separaci\u00f3n que tildamos de urgente no ha tenido lugar. El gobierno avanz\u00f3 mucho por encima de los c\u00e1nones impuestos por el catolicismo. Ley de Matrimonio Igualitario, Ley de Identidad de G\u00e9nero, Aborto no punible, Ley de Educaci\u00f3n Sexual Integral, posibilidad de adopci\u00f3n para parejas de igual sexo\u2026 son s\u00f3lo algunas de las banderas conquistadas en pos de la pluralidad y la equidad a la que la Iglesia argentina, comandada por el mismo Bergoglio que hoy bes\u00f3 cari\u00f1oso la mejilla presidencial, siempre se opuso con fervoroso encono.<\/p>\n<p>Y este era un debate que muchos cre\u00edmos que se iba a dar en este marco de conquistas. Ver la recepci\u00f3n y el buen trato que se impartieron entre s\u00ed el Papa y Cristina ponen un poco en crisis esta suposici\u00f3n, y hace que la espera de una posible discusi\u00f3n formal por el Estado laico se haga un tanto desesperada. Entonces eso de que el Estado deje de financiar al culto cat\u00f3lico, entre otras cosas, parece algo improbable al corto plazo.<\/p>\n<p>A saber: Francisco es Bergoglio, lo fue, lo es y lo ser\u00e1. No naci\u00f3 de nuevo, no le implantaron otro cerebro ni otro credo. Pero en su discurso Modo Papa On habl\u00f3 de diferentes cosas que como Obispo no hab\u00eda hecho, o yo no hab\u00eda llegado a o\u00edr, cuanto menos.<br \/>\nCristina le solicit\u00f3 \u201csu intermediaci\u00f3n para lograr el di\u00e1logo en la cuesti\u00f3n Malvinas\u201d, en su visita de este lunes. Pero Bergoglio ya hab\u00eda marcado postura desde su puesto local con anterioridad, reconoci\u00e9ndolas argentinas las islas en conflicto y manifestando la necesidad de di\u00e1logo con el gobierno ocupa. \u201cNuestro reclamo y planteo es llegar a la instancia de di\u00e1logo, que por otra parte ya tantos organismos y la mayor\u00eda de los pa\u00edses del mundo han reclamado por escrito\u201d, aclar\u00f3 nuestra mandataria.<\/p>\n<p>Pero despu\u00e9s la Presidenta agreg\u00f3 \u201cMe habl\u00f3 de la patria grande y de Latinoam\u00e9rica y del rol que est\u00e1n cumpliendo cada uno de los gobernantes de la regi\u00f3n\u201d, y que levante la mano a qui\u00e9n esto no le llam\u00f3 poderosamente la atenci\u00f3n. Tambi\u00e9n dijo que Francisco se\u00f1al\u00f3 lo fundamental que era que los gobiernos de la regi\u00f3n \u201ctrabajen unidos, y destaco que us\u00f3 ese t\u00e9rmino porque era el que usaban San Mart\u00edn y Bol\u00edvar\u201d.<\/p>\n<p>Esto es para analizar detenidamente. Seguir la aplicaci\u00f3n de esos t\u00e9rminos por parte del nuevo Papa, que antes no sol\u00eda utilizar. Creo que agregar algo m\u00e1s aqu\u00ed ser\u00eda apresurado. Pero ver este acercamiento innegable entre el Gobierno argentino y el Sumo Pont\u00edfice dispara una alerta ideol\u00f3gica, aunque sabemos que Cristina no puede tener tantos frentes abiertos de batalla, si es que quiere focalizarse en algunos y, aun m\u00e1s: lograrlos.<br \/>\nEntonces, \u00bfse aleja la posibilidad del debate por un real Estado laico? Muy pronto a\u00fan para saberlo. La separaci\u00f3n de la Iglesia del Estado sigue siendo una de las grandes materias pendientes de todos los gobiernos democr\u00e1ticos, y sobre todo de \u00e9ste, que es el que m\u00e1s ha avanzado en materia de derechos humanos y conquistas igualitarias.<\/p>\n<p>&nbsp;<\/p>\n<p>&nbsp;<\/p>\n","protected":false},"excerpt":{"rendered":"<p>Papa argentino. Mate, dictadura, f\u00fatbol, religi\u00f3n y pol\u00edtica. El men\u00fa casi inevitable del periodismo en estos d\u00edas. Si fuera cierto eso de que Bergoglio instal\u00f3 una parrilla en un balc\u00f3n del Vaticano, incluir\u00eda asado la apretada lista de temas. La comodidad de lo conocido, digamos.<\/p>\n","protected":false},"author":11,"featured_media":0,"comment_status":"open","ping_status":"open","sticky":false,"template":"","format":"standard","meta":{"_jetpack_newsletter_access":"","_jetpack_dont_email_post_to_subs":false,"_jetpack_newsletter_tier_id":0,"_jetpack_memberships_contains_paywalled_content":false,"_jetpack_memberships_contains_paid_content":false,"footnotes":""},"categories":[64],"tags":[],"class_list":["post-18782","post","type-post","status-publish","format-standard","hentry","category-opinion"],"jetpack_featured_media_url":"","jetpack_shortlink":"https:\/\/wp.me\/p2JWE0-4SW","jetpack-related-posts":[{"id":92336,"url":"https:\/\/www.24baires.com\/?p=92336","url_meta":{"origin":18782,"position":0},"title":"Scouts de Argentina niegan haber quebrado v\u00ednculo con la Iglesia","author":"AF","date":"12\/02\/2017","format":false,"excerpt":"La organizaci\u00f3n emiti\u00f3 un comunicado para \u201cnegar categ\u00f3ricamente\u201d que se hayan \u201cquebrado v\u00ednculos con la Iglesia Cat\u00f3lica\u201d, como se desprende de un intercambio epistolar entre dos obispos, donde el cardenal Poli escribi\u00f3 que \"la soga se rompi\u00f3 y no hay vuelta atr\u00e1s\". En la \u00faltima asamblea de scouts, se vot\u00f3\u2026","rel":"","context":"En \u00abSociedad\u00bb","block_context":{"text":"Sociedad","link":"https:\/\/www.24baires.com\/?cat=1"},"img":{"alt_text":"","src":"https:\/\/i0.wp.com\/www.24baires.com\/wp-content\/uploads\/2013\/01\/catedral-de-la-plata.jpg?resize=350%2C200","width":350,"height":200,"srcset":"https:\/\/i0.wp.com\/www.24baires.com\/wp-content\/uploads\/2013\/01\/catedral-de-la-plata.jpg?resize=350%2C200 1x, https:\/\/i0.wp.com\/www.24baires.com\/wp-content\/uploads\/2013\/01\/catedral-de-la-plata.jpg?resize=525%2C300 1.5x"},"classes":[]},{"id":19292,"url":"https:\/\/www.24baires.com\/?p=19292","url_meta":{"origin":18782,"position":1},"title":"San Isidro: agreden a pareja gay diciendo \u00abCon Papa argentino, no hay putos argentinos\u00bb","author":"AF","date":"25\/03\/2013","format":false,"excerpt":"Una pareja gay fue golpeada este s\u00e1bado en una fiesta en San Isidro. Los agresores invocaron a Francisco, les dijeron que la homosexualidad es un pecado y los echaron porque \"esta es una casa cat\u00f3lica\". Pedro Robledo y Agust\u00edn Sargiotto estaban en una fiesta cuando de pronto su tranquilidad se\u2026","rel":"","context":"En \u00abSociedad\u00bb","block_context":{"text":"Sociedad","link":"https:\/\/www.24baires.com\/?cat=1"},"img":{"alt_text":"robledo","src":"https:\/\/i0.wp.com\/www.24baires.com\/wp-content\/uploads\/2013\/03\/robledo.jpg?resize=350%2C200","width":350,"height":200},"classes":[]},{"id":63545,"url":"https:\/\/www.24baires.com\/?p=63545","url_meta":{"origin":18782,"position":2},"title":"Sigue la pol\u00e9mica por el lanzamiento de \u00abEsperanza m\u00eda\u00bb por considerarla una ofensa a la fe","author":"GB","date":"25\/03\/2015","format":false,"excerpt":"LA PLATA-La Iglesia cat\u00f3lica de La Plata y un grupo de vecinos reclamaron a la productora Pol-Ka y a las autoridades municipales que se suspensa el show que brindar\u00e1n hoy frente a la Catedral de la capital provincial Lali Esp\u00f3sito y Mariano Mart\u00ednez en el marco de la presentaci\u00f3n de\u2026","rel":"","context":"En \u00abEspectaculos\u00bb","block_context":{"text":"Espectaculos","link":"https:\/\/www.24baires.com\/?cat=41"},"img":{"alt_text":"esperanzamia","src":"https:\/\/i0.wp.com\/www.24baires.com\/wp-content\/uploads\/2015\/03\/esperanzamia.jpg?resize=350%2C200","width":350,"height":200,"srcset":"https:\/\/i0.wp.com\/www.24baires.com\/wp-content\/uploads\/2015\/03\/esperanzamia.jpg?resize=350%2C200 1x, https:\/\/i0.wp.com\/www.24baires.com\/wp-content\/uploads\/2015\/03\/esperanzamia.jpg?resize=525%2C300 1.5x"},"classes":[]},{"id":43672,"url":"https:\/\/www.24baires.com\/?p=43672","url_meta":{"origin":18782,"position":3},"title":"El Papa Francisco pidi\u00f3 perd\u00f3n por los curas abusadores","author":"Grupo Sierra","date":"11\/04\/2014","format":false,"excerpt":"El Sumo Pont\u00edfice expres\u00f3 hoy su dolor por los abusos contra menores cometidos por miembros de la Iglesia, pidi\u00f3 perd\u00f3n y asegur\u00f3 que no se dar\u00e1 un \"paso atr\u00e1s\" en el tratamiento y las sanciones de esos casos. \"Me siento interpelado a hacerme cargo de todo el mal que algunos\u2026","rel":"","context":"En \u00abGeneral\u00bb","block_context":{"text":"General","link":"https:\/\/www.24baires.com\/?cat=67"},"img":{"alt_text":"francisco tumba san pedro","src":"https:\/\/i0.wp.com\/www.24baires.com\/wp-content\/uploads\/2013\/04\/francisco-tumba-san-pedro-300x201.jpg?resize=350%2C200","width":350,"height":200},"classes":[]},{"id":21565,"url":"https:\/\/www.24baires.com\/?p=21565","url_meta":{"origin":18782,"position":4},"title":"Para Monse\u00f1or Aguer \u00abLa C\u00e1mpora intenta infiltrarse en escuelas cat\u00f3licas\u00bb","author":"Grupo Sierra","date":"21\/04\/2013","format":false,"excerpt":"El presidente de la Comisi\u00f3n Episcopal de Educaci\u00f3n y arzobispo de La Plata, H\u00e9ctor Aguer, denunci\u00f3 que la agrupaci\u00f3n oficialista La C\u00e1mpora \"intenta infiltrarse en las escuelas cat\u00f3licas\" y desliz\u00f3 que \"se quiere preparar en los colegios electores para un determinado partido pol\u00edtico\".\u00a0 El prelado de ultraderecha mantiene una fuerte\u2026","rel":"","context":"En \u00abSociedad\u00bb","block_context":{"text":"Sociedad","link":"https:\/\/www.24baires.com\/?cat=1"},"img":{"alt_text":"","src":"","width":0,"height":0},"classes":[]},{"id":27279,"url":"https:\/\/www.24baires.com\/?p=27279","url_meta":{"origin":18782,"position":5},"title":"Sigue causando pol\u00e9mica el caso del cura que no quiere darle la comuni\u00f3n a dos nenas down","author":"Grupo Sierra","date":"30\/06\/2013","format":false,"excerpt":"CORONEL SU\u00c1REZ.- Un intenso debate se abri\u00f3 en los \u00faltimos d\u00edas en la ciudad del sudoeste bonaerense, a ra\u00edz del caso de Catalina\u00a0 y Amparo, impedidas de tomar la comuni\u00f3n por el p\u00e1rroco local Diego Kessler, quien dispuso como requisito para que puedan hacerlo, que ambas ni\u00f1as con s\u00edndrome de\u2026","rel":"","context":"En \u00abSociedad\u00bb","block_context":{"text":"Sociedad","link":"https:\/\/www.24baires.com\/?cat=1"},"img":{"alt_text":"cura cnel suarez","src":"https:\/\/i0.wp.com\/www.24baires.com\/wp-content\/uploads\/2013\/06\/cura-cnel-suarez-300x178.jpg?resize=350%2C200","width":350,"height":200},"classes":[]}],"jetpack_sharing_enabled":true,"jetpack_likes_enabled":true,"_links":{"self":[{"href":"https:\/\/www.24baires.com\/index.php?rest_route=\/wp\/v2\/posts\/18782","targetHints":{"allow":["GET"]}}],"collection":[{"href":"https:\/\/www.24baires.com\/index.php?rest_route=\/wp\/v2\/posts"}],"about":[{"href":"https:\/\/www.24baires.com\/index.php?rest_route=\/wp\/v2\/types\/post"}],"author":[{"embeddable":true,"href":"https:\/\/www.24baires.com\/index.php?rest_route=\/wp\/v2\/users\/11"}],"replies":[{"embeddable":true,"href":"https:\/\/www.24baires.com\/index.php?rest_route=%2Fwp%2Fv2%2Fcomments&post=18782"}],"version-history":[{"count":4,"href":"https:\/\/www.24baires.com\/index.php?rest_route=\/wp\/v2\/posts\/18782\/revisions"}],"predecessor-version":[{"id":18784,"href":"https:\/\/www.24baires.com\/index.php?rest_route=\/wp\/v2\/posts\/18782\/revisions\/18784"}],"wp:attachment":[{"href":"https:\/\/www.24baires.com\/index.php?rest_route=%2Fwp%2Fv2%2Fmedia&parent=18782"}],"wp:term":[{"taxonomy":"category","embeddable":true,"href":"https:\/\/www.24baires.com\/index.php?rest_route=%2Fwp%2Fv2%2Fcategories&post=18782"},{"taxonomy":"post_tag","embeddable":true,"href":"https:\/\/www.24baires.com\/index.php?rest_route=%2Fwp%2Fv2%2Ftags&post=18782"}],"curies":[{"name":"wp","href":"https:\/\/api.w.org\/{rel}","templated":true}]}}