{"id":18766,"date":"2013-03-18T18:30:20","date_gmt":"2013-03-18T21:30:20","guid":{"rendered":"http:\/\/www.24baires.com\/?p=18766"},"modified":"2013-03-18T15:39:59","modified_gmt":"2013-03-18T18:39:59","slug":"senadores-bonaerenses-apoyan-las-acciones-judiciales-contra-cablevision","status":"publish","type":"post","link":"https:\/\/www.24baires.com\/?p=18766","title":{"rendered":"Senadores bonaerenses apoyan las acciones judiciales contra Cablevisi\u00f3n"},"content":{"rendered":"<p>Un proyecto impulsado en la C\u00e1mara alta respalda la presentaci\u00f3n judicial de la Defensor\u00eda del Pueblo provincial contra la empresa del Grupo Clar\u00edn por el cobro indebido de su servicio y solicita que la firma adecue el costo del abono b\u00e1sico del cable. \u201cEsta acci\u00f3n judicial logr\u00f3 ponerle un l\u00edmite a la prestadora\u201d, consider\u00f3 el legislador Luciano Martini.<!--more--><br \/>\nLa iniciativa parlamentaria, que lleva la firma de los senadores del Frente para la Victoria Luciano Martini, Gustavo Oliva y Emilio L\u00f3pez Muntaner, propone declarar el \u00abbenepl\u00e1cito\u00bb de la C\u00e1mara alta bonaerense \u00abal accionar de la Defensor\u00eda del Pueblo de la Provincia de Buenos Aires al impulsar un reclamo ante la Justicia Federal en defensa de los usuarios de la empresa Cablevisi\u00f3n, con el fin de que la empresa adecue el monto que debe cobrarse como abono\u00bb.<\/p>\n<p>A su vez, solicita a la empresa Cablevisi\u00f3n que \u00abde forma inmediata\u00bb adecue el valor del abono b\u00e1sico del cable en 130 pesos, tal como lo establece una resoluci\u00f3n de la Secretar\u00eda de Comercio Interior de la Naci\u00f3n.<\/p>\n<p>Martini explic\u00f3 que \u00abla intervenci\u00f3n del Defensor del Pueblo, Carlos Bonicatto, en relaci\u00f3n a la empresa prestadora de servicios de televisi\u00f3n por cable, Cablevisi\u00f3n, responde a las numerosas quejas de abonados del servicio que se han recibido desde numerosos municipios de toda la Provincia y en virtud de que la empresa, adem\u00e1s de no cumplir con la determinaci\u00f3n de la Justicia, anunci\u00f3 inminentes aumentos en la tarifa\u00bb.<\/p>\n<p>Dos fallos ordenaron recientemente a la empresa del Grupo Clar\u00edn que baje el valor de su abono en la provincia de Buenos Aires, actualmente en 205 pesos. Se trata de una resoluci\u00f3n del Juzgado Federal 2 de La Plata, a cargo del juez Adolfo Ziulu, y su ratificaci\u00f3n el pasado 5 de marzo de la Sala I de la C\u00e1mara Federal de Apelaciones de La Plata.<\/p>\n<p>\u201cEsta acci\u00f3n judicial logr\u00f3 ponerle un l\u00edmite a la prestadora del servicio de cable estableciendo la suma de 130 pesos que fijara la Secretaria de Comercio Interior de la Naci\u00f3n\u201d, agreg\u00f3 Martini y destac\u00f3 \u201cla funci\u00f3n de garant\u00eda del Defensor del Pueblo de la Provincia de Buenos Aires\u201d.<\/p>\n<p>\u201cA trav\u00e9s de su accionar directo, comprometido y eficaz promueve la democracia y trabaja para que el Estado responda por los derechos y garant\u00edas de los habitantes del territorio provincial\u00bb, dijo el legislador bonaerense.<\/p>\n<p>El proyecto que fue presentado en el Senado se da en simult\u00e1neo con una iniciativa similar, que fue impulsada en el Concejo Deliberante de La Plata por el presidente del bloque del FpV-Nacional y Popular, Sebasti\u00e1n Tangorra.<\/p>\n<p>&nbsp;<\/p>\n<p>&nbsp;<\/p>\n<p>&nbsp;<\/p>\n<p>&nbsp;<\/p>\n<p>&nbsp;<\/p>\n<p>&nbsp;<\/p>\n<p>&nbsp;<\/p>\n<p>&nbsp;<\/p>\n<p>&nbsp;<\/p>\n<p>&nbsp;<\/p>\n<p>&nbsp;<\/p>\n<p>&nbsp;<\/p>\n<p>&nbsp;<\/p>\n<p>&nbsp;<\/p>\n","protected":false},"excerpt":{"rendered":"<p>Un proyecto impulsado en la C\u00e1mara alta respalda la presentaci\u00f3n judicial de la Defensor\u00eda del Pueblo provincial contra la empresa del Grupo Clar\u00edn por el cobro indebido de su servicio y solicita que la firma adecue el costo del abono b\u00e1sico del cable. \u201cEsta acci\u00f3n judicial logr\u00f3 ponerle un l\u00edmite a la prestadora\u201d, consider\u00f3 el legislador Luciano Martini.<\/p>\n","protected":false},"author":4,"featured_media":0,"comment_status":"open","ping_status":"open","sticky":false,"template":"","format":"standard","meta":{"_jetpack_newsletter_access":"","_jetpack_dont_email_post_to_subs":false,"_jetpack_newsletter_tier_id":0,"_jetpack_memberships_contains_paywalled_content":false,"_jetpack_memberships_contains_paid_content":false,"footnotes":""},"categories":[54],"tags":[],"class_list":["post-18766","post","type-post","status-publish","format-standard","hentry","category-medios"],"jetpack_featured_media_url":"","jetpack_shortlink":"https:\/\/wp.me\/p2JWE0-4SG","jetpack-related-posts":[{"id":19085,"url":"https:\/\/www.24baires.com\/?p=19085","url_meta":{"origin":18766,"position":0},"title":"\u201cCablevisi\u00f3n no vende caramelos, es un servicio de inter\u00e9s p\u00fablico\u201d","author":"AF","date":"22\/03\/2013","format":false,"excerpt":"Lo dijo el senador Luciano Martini, tras el apoyo de la C\u00e1mara Alta a la presentaci\u00f3n judicial de la Defensor\u00eda del Pueblo contra Cablevisi\u00f3n por el cobro indebido de su servicio. \u201cEstas empresas tienen que entender que dejaron de ser servicios privados y ajustarse al Estado de derecho\u201d, se\u00f1al\u00f3. La\u2026","rel":"","context":"En \u00abMedios\u00bb","block_context":{"text":"Medios","link":"https:\/\/www.24baires.com\/?cat=54"},"img":{"alt_text":"","src":"","width":0,"height":0},"classes":[]},{"id":24419,"url":"https:\/\/www.24baires.com\/?p=24419","url_meta":{"origin":18766,"position":1},"title":"El Senado bonaerense apoy\u00f3 el reclamo contra Cablevisi\u00f3n por el precio del abono","author":"Grupo Sierra","date":"26\/05\/2013","format":false,"excerpt":"La C\u00e1mara de Senadores bonaerense respald\u00f3 la presentaci\u00f3n judicial de la Defensor\u00eda del Pueblo provincial contra la empresa Cablevisi\u00f3n S.A., por el valor del servicio, y solicit\u00f3 que la firma adecue el costo del abono b\u00e1sico del cable. La C\u00e1mara Alta acompa\u00f1\u00f3 el proyecto elevado por el senador del Frente\u2026","rel":"","context":"En \u00abMedios\u00bb","block_context":{"text":"Medios","link":"https:\/\/www.24baires.com\/?cat=54"},"img":{"alt_text":"senadobonaerense2-679x350","src":"https:\/\/i0.wp.com\/www.24baires.com\/wp-content\/uploads\/2013\/05\/senadobonaerense2-679x350.jpg?resize=350%2C200","width":350,"height":200,"srcset":"https:\/\/i0.wp.com\/www.24baires.com\/wp-content\/uploads\/2013\/05\/senadobonaerense2-679x350.jpg?resize=350%2C200 1x, https:\/\/i0.wp.com\/www.24baires.com\/wp-content\/uploads\/2013\/05\/senadobonaerense2-679x350.jpg?resize=525%2C300 1.5x"},"classes":[]},{"id":20564,"url":"https:\/\/www.24baires.com\/?p=20564","url_meta":{"origin":18766,"position":2},"title":"Cablevisi\u00f3n \u201cNo quiere cumplir con lo que se le ordena\u00bb advirti\u00f3 Bonicatto","author":"AF","date":"09\/04\/2013","format":false,"excerpt":"El Defensor del Pueblo bonaerense, Carlos Bonicatto, dialog\u00f3 sobre la causa contra la empresa del Grupo Clar\u00edn por el cobro indebido de sus servicio en la Provincia. Adelant\u00f3 que en los pr\u00f3ximos d\u00edas podr\u00eda haber novedades de la Justicia, ya que eval\u00faa un nuevo pedido para que la cableoperadora se\u2026","rel":"","context":"En \u00abMedios\u00bb","block_context":{"text":"Medios","link":"https:\/\/www.24baires.com\/?cat=54"},"img":{"alt_text":"bonicatto","src":"https:\/\/i0.wp.com\/www.24baires.com\/wp-content\/uploads\/2013\/04\/bonicatto.jpg?resize=350%2C200","width":350,"height":200,"srcset":"https:\/\/i0.wp.com\/www.24baires.com\/wp-content\/uploads\/2013\/04\/bonicatto.jpg?resize=350%2C200 1x, https:\/\/i0.wp.com\/www.24baires.com\/wp-content\/uploads\/2013\/04\/bonicatto.jpg?resize=525%2C300 1.5x"},"classes":[]},{"id":13638,"url":"https:\/\/www.24baires.com\/?p=13638","url_meta":{"origin":18766,"position":3},"title":"Cablevisi\u00f3n deber\u00e1 bajar la tarifa b\u00e1sica por una medida cautelar","author":"AF","date":"26\/01\/2013","format":false,"excerpt":"La justicia convalid\u00f3 la medida cautelar contra Cablevisi\u00f3n que present\u00f3 la Defensor\u00eda del Pueblo bonaerense y confirm\u00f3 que la empresa debe cobrar su abono de TV por cable a 130 pesos. El tratamiento de este caso en feria judicial surge del pedido del Defensor del Pueblo, Carlos Bonicatto, quien solicit\u00f3\u2026","rel":"","context":"En \u00abMedios\u00bb","block_context":{"text":"Medios","link":"https:\/\/www.24baires.com\/?cat=54"},"img":{"alt_text":"cablevisi\u00f3n","src":"https:\/\/i0.wp.com\/www.24baires.com\/wp-content\/uploads\/2013\/01\/cablevisi%C3%B3n-300x199.jpg?resize=350%2C200","width":350,"height":200},"classes":[]},{"id":7260,"url":"https:\/\/www.24baires.com\/?p=7260","url_meta":{"origin":18766,"position":4},"title":"La Defensor\u00eda Bonaerense present\u00f3 una acci\u00f3n judicial para adecuar las tarifas de Cablevisi\u00f3n","author":"Grupo Sierra","date":"29\/11\/2012","format":false,"excerpt":"La Defensor\u00eda del Pueblo de la Provincia de Buenos Aires present\u00f3 un amparo para exigir la nulidad del aumento del servicio que aplic\u00f3 Cablevisi\u00f3n en enero de 2011 y la devoluci\u00f3n de los montos cobrados en exceso desde entonces. En el marco de una conferencia de prensa, el onmbusman bonaerense,\u2026","rel":"","context":"En \u00abEconom\u00eda\u00bb","block_context":{"text":"Econom\u00eda","link":"https:\/\/www.24baires.com\/?cat=45"},"img":{"alt_text":"","src":"","width":0,"height":0},"classes":[]},{"id":17649,"url":"https:\/\/www.24baires.com\/?p=17649","url_meta":{"origin":18766,"position":5},"title":"El Defensor del Pueblo bonaerense denuncia amenazas de Cablevisi\u00f3n","author":"AF","date":"06\/03\/2013","format":false,"excerpt":"Carlos Bonicatto, el defensor del pueblo bonaerense, denunci\u00f3 que la empresa Cablevisi\u00f3n le envi\u00f3 una carta documento \"amenazante\", por su decisi\u00f3n de reclamar ante la Justicia que el cableoperador respete el precio fijado por la Secretar\u00eda de Comercio Interior. La C\u00e1mara Federal de Apelaciones de La Plata ratific\u00f3 la medida\u2026","rel":"","context":"En \u00abMedios\u00bb","block_context":{"text":"Medios","link":"https:\/\/www.24baires.com\/?cat=54"},"img":{"alt_text":"","src":"","width":0,"height":0},"classes":[]}],"jetpack_sharing_enabled":true,"jetpack_likes_enabled":true,"_links":{"self":[{"href":"https:\/\/www.24baires.com\/index.php?rest_route=\/wp\/v2\/posts\/18766","targetHints":{"allow":["GET"]}}],"collection":[{"href":"https:\/\/www.24baires.com\/index.php?rest_route=\/wp\/v2\/posts"}],"about":[{"href":"https:\/\/www.24baires.com\/index.php?rest_route=\/wp\/v2\/types\/post"}],"author":[{"embeddable":true,"href":"https:\/\/www.24baires.com\/index.php?rest_route=\/wp\/v2\/users\/4"}],"replies":[{"embeddable":true,"href":"https:\/\/www.24baires.com\/index.php?rest_route=%2Fwp%2Fv2%2Fcomments&post=18766"}],"version-history":[{"count":2,"href":"https:\/\/www.24baires.com\/index.php?rest_route=\/wp\/v2\/posts\/18766\/revisions"}],"predecessor-version":[{"id":18768,"href":"https:\/\/www.24baires.com\/index.php?rest_route=\/wp\/v2\/posts\/18766\/revisions\/18768"}],"wp:attachment":[{"href":"https:\/\/www.24baires.com\/index.php?rest_route=%2Fwp%2Fv2%2Fmedia&parent=18766"}],"wp:term":[{"taxonomy":"category","embeddable":true,"href":"https:\/\/www.24baires.com\/index.php?rest_route=%2Fwp%2Fv2%2Fcategories&post=18766"},{"taxonomy":"post_tag","embeddable":true,"href":"https:\/\/www.24baires.com\/index.php?rest_route=%2Fwp%2Fv2%2Ftags&post=18766"}],"curies":[{"name":"wp","href":"https:\/\/api.w.org\/{rel}","templated":true}]}}