{"id":17619,"date":"2013-03-06T13:00:07","date_gmt":"2013-03-06T16:00:07","guid":{"rendered":"http:\/\/www.24baires.com\/?p=17619"},"modified":"2013-03-06T12:48:19","modified_gmt":"2013-03-06T15:48:19","slug":"queremos-que-esten-todas-las-voces-incluso-las-que-mienten-como-clarin-y-la-nacion","status":"publish","type":"post","link":"https:\/\/www.24baires.com\/?p=17619","title":{"rendered":"\u201cQueremos que est\u00e9n todas las voces; incluso las que mienten, como Clar\u00edn y La Naci\u00f3n\u201d"},"content":{"rendered":"<p><img data-recalc-dims=\"1\" loading=\"lazy\" decoding=\"async\" class=\"aligncenter size-full wp-image-3952\" alt=\"sabbatella desafio\" src=\"https:\/\/i0.wp.com\/www.24baires.com\/wp-content\/uploads\/2012\/10\/sabbatella-desafio.jpg?resize=560%2C335\" width=\"560\" height=\"335\" srcset=\"https:\/\/i0.wp.com\/www.24baires.com\/wp-content\/uploads\/2012\/10\/sabbatella-desafio.jpg?w=560&amp;ssl=1 560w, https:\/\/i0.wp.com\/www.24baires.com\/wp-content\/uploads\/2012\/10\/sabbatella-desafio.jpg?resize=300%2C179&amp;ssl=1 300w\" sizes=\"auto, (max-width: 560px) 100vw, 560px\" \/>Todas las empresas de medios audiovisuales de la Argentina, excepto el Grupo Clar\u00edn, han presentado su plan de adecuaci\u00f3n voluntaria para cumplir con la ley, y el Afsca est\u00e1 trabajando en la evaluaci\u00f3n y admisi\u00f3n de esos planes\u201d, afirm\u00f3 en declaraciones period\u00edsticas el titular de la Autoridad Federal de Servicios de Comunicaci\u00f3n Audiovisual, <strong>Mart\u00edn Sabbatella<\/strong>, e insisti\u00f3: \u201cEl Grupo Clar\u00edn es el \u00fanico que no present\u00f3 plan, desafiando a las leyes y a la democracia y creyendo que puede estar por encima de los poderes del Estado\u201d.<!--more--><\/p>\n<p>Adem\u00e1s, afirm\u00f3 que \u201clo que busca esta ley es garantizar una absoluta pluralidad, diversidad, libertad de expresi\u00f3n, derecho a la informaci\u00f3n y que est\u00e9n todas las voces, absolutamente todas las voces, las que te gustan y las que no, las que est\u00e1n de acuerdo y las que no. Queremos que est\u00e9n todas las voces, hasta las que mienten, como acaba de mentir el grupo Clar\u00edn y La Naci\u00f3n\u201d.<\/p>\n<p>En ese marco, el funcionario precis\u00f3 que \u201cel Afsca est\u00e1 evaluando cada uno de los planes presentados, para luego ser aprobados por su directorio, de acuerdo a lo establecido en la Ley de Medios\u201d y precis\u00f3 que \u201cayer se aprobaron cuatro planes que se suman a los tres que se hab\u00edan aprobado anteriormente; por lo tanto ya son siete los planes de adecuaci\u00f3n aprobados por el directorio del Afsca\u201d.<\/p>\n<p>Entre los casos aprobados ayer se encuentra el de los grupos Hadad e Indalo. Al respecto, Sabbatella explic\u00f3 que \u201clo que se aprob\u00f3 fue la transferencia y el plan de adecuaci\u00f3n voluntaria de estos grupos seg\u00fan el cual tendr\u00e1n que desprenderse de dos emisoras de FM del \u00e1rea metropolitana, m\u00e1s el sistema de suscripci\u00f3n de UHF, para cumplir con la Ley de Medios\u201d. Adem\u00e1s, el funcionario agreg\u00f3 que \u201clos grupos tendr\u00e1n 30 d\u00edas para informar al Afsca a quienes proponen transferir las licencias y un total de 180 para concretar el encuadramiento legal\u201d.<\/p>\n<p>Respecto a las versiones que denuncian una situaci\u00f3n de ilegalidad en la transferencia de las licencias, Sabbatella sostuvo que \u201cla ley, en su art\u00edculo 41, establece que las licencias son intransferibles. Pero la norma tambi\u00e9n sostiene, en el art\u00edculo 161, que excepcionalmente y al s\u00f3lo efecto de la adecuaci\u00f3n, se permite la venta y transferencia. Es una cuesti\u00f3n l\u00f3gica que est\u00e1 contemplada en la ley ya que, si no se permitiera la venta en estos casos, no habr\u00eda modo de que puedan adecuarse; y eso es lo que se hizo con la propuesta de los grupos Hadad e Indalo\u201d.<\/p>\n<p>\u201cQuienes afirman que existen incompatibilidades -sostuvo Sabbatella-, est\u00e1n desinformados o son malintencionados. La ley de Servicios de Comunicaci\u00f3n Audiovisual es absolutamente clara en ese sentido. La incompatibilidad que establece la norma para los titulares de medios es respecto a la prestaci\u00f3n de servicios p\u00fablicos; y en ese sentido, el Grupo Indalo declar\u00f3 haberse desprendido de la recolecci\u00f3n de residuos de Comodoro Rivadavia\u201d.<\/p>\n<p>\u201cLa Ley de Medios de nuestro pa\u00eds no establece incompatibilidades con otras actividades econ\u00f3micas, y m\u00e1s all\u00e1 de que unos puedan estar m\u00e1s o menos de acuerdo con lo que dice la ley, nuestra obligaci\u00f3n es hacer que se cumpla\u201d, afirm\u00f3 el funcionario y record\u00f3 que \u201clas leyes de cada pa\u00eds establecen distintos requisitos en ese sentido. Por ejemplo, en Estados Unidos no se permite que los titulares de un medio audiovisual puedan ser propietarios de un medio gr\u00e1fico. Por lo tanto, si estuvi\u00e9ramos en Estados Unidos nadie podr\u00eda tener un diario y, al mismo tiempo, una radio o un canal de televisi\u00f3n, pero estamos en la Argentina y ac\u00e1 la ley s\u00ed permite medios gr\u00e1ficos y medios audiovisuales. Entonces, lo que tiene que hacer el Afsca y lo que tengo que hacer yo como presidente de este organismo es cumplir con el mandato de la presidenta y hacer cumplir la ley a rajatabla sin privilegios ni excepciones para nadie\u201d.<\/p>\n","protected":false},"excerpt":{"rendered":"<p>Todas las empresas de medios audiovisuales de la Argentina, excepto el Grupo Clar\u00edn, han presentado su plan de adecuaci\u00f3n voluntaria para cumplir con la ley, y el Afsca est\u00e1 trabajando en la evaluaci\u00f3n y admisi\u00f3n de esos planes\u201d, afirm\u00f3 en declaraciones period\u00edsticas el titular de la Autoridad Federal de Servicios de Comunicaci\u00f3n Audiovisual, Mart\u00edn Sabbatella, e insisti\u00f3: \u201cEl Grupo Clar\u00edn [&#8230;]<\/p>\n","protected":false},"author":4,"featured_media":0,"comment_status":"open","ping_status":"open","sticky":false,"template":"","format":"standard","meta":{"_jetpack_newsletter_access":"","_jetpack_dont_email_post_to_subs":false,"_jetpack_newsletter_tier_id":0,"_jetpack_memberships_contains_paywalled_content":false,"_jetpack_memberships_contains_paid_content":false,"footnotes":""},"categories":[54],"tags":[],"class_list":["post-17619","post","type-post","status-publish","format-standard","hentry","category-medios"],"jetpack_featured_media_url":"","jetpack_shortlink":"https:\/\/wp.me\/p2JWE0-4Ab","jetpack-related-posts":[{"id":55328,"url":"https:\/\/www.24baires.com\/?p=55328","url_meta":{"origin":17619,"position":0},"title":"\u00abCuando Clar\u00edn dice que se dividen, es mentira\u00bb","author":"Grupo Sierra","date":"13\/10\/2014","format":false,"excerpt":"Lo expres\u00f3 Mart\u00edn Sabatella, quien adem\u00e1s agreg\u00f3: \"La Afsca no va a expropiar ni intervenir nada sino que va a hacer cumplir la ley\" Sabbatella asegur\u00f3 que la Afsca no va \u201ca expropiar ni intervenir nada, sino a hacer cumplir la ley\u201d de Servicios de Comunicaci\u00f3n Audiovisual, a partir de\u2026","rel":"","context":"En \u00abMedios\u00bb","block_context":{"text":"Medios","link":"https:\/\/www.24baires.com\/?cat=54"},"img":{"alt_text":"sabbatella","src":"https:\/\/i0.wp.com\/www.24baires.com\/wp-content\/uploads\/2013\/10\/sabbatella.jpg?resize=350%2C200","width":350,"height":200,"srcset":"https:\/\/i0.wp.com\/www.24baires.com\/wp-content\/uploads\/2013\/10\/sabbatella.jpg?resize=350%2C200 1x, https:\/\/i0.wp.com\/www.24baires.com\/wp-content\/uploads\/2013\/10\/sabbatella.jpg?resize=525%2C300 1.5x"},"classes":[]},{"id":46502,"url":"https:\/\/www.24baires.com\/?p=46502","url_meta":{"origin":17619,"position":1},"title":"\u00abEstamos estudiando que no haya v\u00ednculo societario entre las unidades en que se dividi\u00f3 Clar\u00edn\u00bb","author":"AF","date":"22\/05\/2014","format":false,"excerpt":"El titular de la Autoridad Federal de Servicios de Comunicaci\u00f3n Audiovisual (Afsca), Mart\u00edn Sabbatella, asegur\u00f3 que el organismo estudia el plan de adecuaci\u00f3n presentado por el Grupo Clar\u00edn para verificar que \"no haya v\u00ednculo societario\" entre las diferentes unidades empresariales que debieron conformarse en cumplimiento de la Ley de Medios.\u2026","rel":"","context":"En \u00abMedios\u00bb","block_context":{"text":"Medios","link":"https:\/\/www.24baires.com\/?cat=54"},"img":{"alt_text":"sabbatella","src":"https:\/\/i0.wp.com\/www.24baires.com\/wp-content\/uploads\/2012\/09\/sabbatella.jpg?resize=350%2C200","width":350,"height":200,"srcset":"https:\/\/i0.wp.com\/www.24baires.com\/wp-content\/uploads\/2012\/09\/sabbatella.jpg?resize=350%2C200 1x, https:\/\/i0.wp.com\/www.24baires.com\/wp-content\/uploads\/2012\/09\/sabbatella.jpg?resize=525%2C300 1.5x"},"classes":[]},{"id":40674,"url":"https:\/\/www.24baires.com\/?p=40674","url_meta":{"origin":17619,"position":2},"title":"Pe\u00f1afort: \u00abEs un avance que ahora todos los medios est\u00e9n dentro de la ley\u00bb","author":"GB","date":"18\/02\/2014","format":false,"excerpt":"La abogada que represent\u00f3 al Estado Nacional en el marco del debate de la ley de medios, Graciana Pe\u00f1afort, se refiri\u00f3 de esta manera a la aprobaci\u00f3n, por parte del directorio de la Afsca, del plan de adecuaci\u00f3n presentado por el grupo Clar\u00edn. La abogada que represent\u00f3 al Estado Nacional\u2026","rel":"","context":"En \u00abMedios\u00bb","block_context":{"text":"Medios","link":"https:\/\/www.24baires.com\/?cat=54"},"img":{"alt_text":"","src":"","width":0,"height":0},"classes":[]},{"id":34549,"url":"https:\/\/www.24baires.com\/?p=34549","url_meta":{"origin":17619,"position":3},"title":"Sabbatella: \u00abno vamos a esperar ni un minuto porque es una deuda de hace 30 a\u00f1os\u00bb","author":"GB","date":"03\/11\/2013","format":false,"excerpt":"El presidente de la Autoridad Federal de Servicios de Comunicaci\u00f3n Audiovisual (Afsca) Mart\u00edn Sabbatella se refiri\u00f3 as\u00ed a la adecuaci\u00f3n de oficio del Grupo Clar\u00edn a la ley de Medios y reafirm\u00f3 que la normativa \"busca que est\u00e9n todas las voces\". \"No vamos a esperar ni un minuto, porque ya\u2026","rel":"","context":"En \u00abMedios\u00bb","block_context":{"text":"Medios","link":"https:\/\/www.24baires.com\/?cat=54"},"img":{"alt_text":"sabbatella desafio","src":"https:\/\/i0.wp.com\/www.24baires.com\/wp-content\/uploads\/2012\/10\/sabbatella-desafio.jpg?resize=350%2C200","width":350,"height":200,"srcset":"https:\/\/i0.wp.com\/www.24baires.com\/wp-content\/uploads\/2012\/10\/sabbatella-desafio.jpg?resize=350%2C200 1x, https:\/\/i0.wp.com\/www.24baires.com\/wp-content\/uploads\/2012\/10\/sabbatella-desafio.jpg?resize=525%2C300 1.5x"},"classes":[]},{"id":7598,"url":"https:\/\/www.24baires.com\/?p=7598","url_meta":{"origin":17619,"position":4},"title":"Qu\u00e9 pasar\u00e1 a partir del 7D con las licencias que excedan las fijadas por la Ley","author":"AF","date":"02\/12\/2012","format":false,"excerpt":"A menos de una semana del 7D, el titular de AFSCA, Mart\u00edn Sabbatella, explic\u00f3 el criterio que se aplicar\u00e1 ante eventuales licitaciones, el jefe de Gabinete, Juan Manuel Abal Medina, aclar\u00f3 que la gente podr\u00e1 seguir comprando Clar\u00edn, viendo canal 13 y escuchando radio Mitre y el Ministro de Trabajo,\u2026","rel":"","context":"En \u00abMedios\u00bb","block_context":{"text":"Medios","link":"https:\/\/www.24baires.com\/?cat=54"},"img":{"alt_text":"","src":"","width":0,"height":0},"classes":[]},{"id":38149,"url":"https:\/\/www.24baires.com\/?p=38149","url_meta":{"origin":17619,"position":5},"title":"\u00ab2014 es el a\u00f1o de adecuaci\u00f3n a la ley\u00bb afirm\u00f3 Sabbatella","author":"GB","date":"08\/01\/2014","format":false,"excerpt":"El titular de la Afsca remarc\u00f3 que a\u00fan quedan once empresas por adecuarse, y subray\u00f3 que \"la pluralidad de voces es una pol\u00edtica en la que est\u00e1n comprometidos muchos organismos del Estado\". El titular de la Autoridad Federal de Servicios de Comunicaci\u00f3n Audiovisual (Afsca), Mart\u00edn Sabbatella, asegur\u00f3 que durante 2014\u2026","rel":"","context":"En \u00abMedios\u00bb","block_context":{"text":"Medios","link":"https:\/\/www.24baires.com\/?cat=54"},"img":{"alt_text":"","src":"","width":0,"height":0},"classes":[]}],"jetpack_sharing_enabled":true,"jetpack_likes_enabled":true,"_links":{"self":[{"href":"https:\/\/www.24baires.com\/index.php?rest_route=\/wp\/v2\/posts\/17619","targetHints":{"allow":["GET"]}}],"collection":[{"href":"https:\/\/www.24baires.com\/index.php?rest_route=\/wp\/v2\/posts"}],"about":[{"href":"https:\/\/www.24baires.com\/index.php?rest_route=\/wp\/v2\/types\/post"}],"author":[{"embeddable":true,"href":"https:\/\/www.24baires.com\/index.php?rest_route=\/wp\/v2\/users\/4"}],"replies":[{"embeddable":true,"href":"https:\/\/www.24baires.com\/index.php?rest_route=%2Fwp%2Fv2%2Fcomments&post=17619"}],"version-history":[{"count":2,"href":"https:\/\/www.24baires.com\/index.php?rest_route=\/wp\/v2\/posts\/17619\/revisions"}],"predecessor-version":[{"id":17622,"href":"https:\/\/www.24baires.com\/index.php?rest_route=\/wp\/v2\/posts\/17619\/revisions\/17622"}],"wp:attachment":[{"href":"https:\/\/www.24baires.com\/index.php?rest_route=%2Fwp%2Fv2%2Fmedia&parent=17619"}],"wp:term":[{"taxonomy":"category","embeddable":true,"href":"https:\/\/www.24baires.com\/index.php?rest_route=%2Fwp%2Fv2%2Fcategories&post=17619"},{"taxonomy":"post_tag","embeddable":true,"href":"https:\/\/www.24baires.com\/index.php?rest_route=%2Fwp%2Fv2%2Ftags&post=17619"}],"curies":[{"name":"wp","href":"https:\/\/api.w.org\/{rel}","templated":true}]}}