{"id":17568,"date":"2013-03-05T15:15:27","date_gmt":"2013-03-05T18:15:27","guid":{"rendered":"http:\/\/www.24baires.com\/?p=17568"},"modified":"2013-03-06T13:49:47","modified_gmt":"2013-03-06T16:49:47","slug":"este-dia-significa-comenzar-a-ponerle-fin-a-la-impunidad-en-mar-del-plata","status":"publish","type":"post","link":"https:\/\/www.24baires.com\/?p=17568","title":{"rendered":"\u201cEste d\u00eda significa comenzar a ponerle fin a la impunidad en Mar del Plata\u201d"},"content":{"rendered":"<p><strong>LA PLATA.<\/strong>&#8211; Luego de que la Comisi\u00f3n bicameral de Enjuiciamiento resolviera suspender de sus funciones e iniciarle un <a href=\"http:\/\/www.24baires.com\/memoria\/17545-suspenden-al-juez-marplatense-pedro-hooft-y-le-inician-jury-por-delitos-de-lesa-humanidad\/\" target=\"_blank\">Jury al juez Pedro Federico Hooft<\/a> por su participaci\u00f3n en delitos de lesa humanidad cometidos durante la \u00faltima dictadura militar, Familiares de Detenidos Desaparecidos y V\u00edctimas del Terrorismo de Estado de esa ciudad balnearia brindaron una conferencia de prensa en la sede de la Comisi\u00f3n Provincial por la Memoria, de la ciudad de La Plata.<!--more--><\/p>\n<p>En ese marco, el Presidente de la Asociaci\u00f3n de Familiares de Detenidos Desaparecidos y V\u00edctimas del Terrorismo de Estado del Centro y Sur de la provincia de Buenos Aires, Carlos Fernando D\u00edaz, dialog\u00f3 con 24baires y asegur\u00f3 que \u201ceste d\u00eda significa comenzar a ponerle fin a la impunidad en la ciudad de Mar del Plata, en la provincia de Buenos Aires porque Hooft era el retrato de Videla todav\u00eda colgado que ten\u00edamos en la ciudad de Mar del Plata\u201d.<\/p>\n<p>\u201cHooft con siete a\u00f1os de jury, en ejercicio de funciones, era una verg\u00fcenza c\u00edvica y democr\u00e1tica para la ciudad de Mar del Plata y para la provincia de Buenos Aires. Hemos comenzado a ponerle fin, el d\u00eda 13 a las 10 de la ma\u00f1ana vamos a estar en las calles Viamonte y Bol\u00edvar en la indagatoria que el juez Bava lo va a sentar en el banquillo de acusados y esperemos que lo pase de imputado a procesado para que termine en la c\u00e1rcel como corresponde\u201d, prosigui\u00f3.<\/p>\n<p>Consultado sobre los testimonios que se brindaron en la rueda de prensa, D\u00edaz, explic\u00f3 que \u201creflejan lo que significa esta militancia. Esta militancia es un colectivo que nos encuentra a nosotros circunstancialmente en este momento y en este lugar. Esta es una lucha de un conjunto, de una serie de organismos de Derechos Humanos, militantes, abogados que han participado y participan en b\u00fasqueda de memoria, verdad y justicia. Es una lucha de todos\u201d.<\/p>\n<p>Por \u00faltimo, se refiri\u00f3 al importante rol que jug\u00f3 la Comisi\u00f3n Provincial por la Memoria. Al respecto, se\u00f1al\u00f3 que \u201cnos ha acompa\u00f1ado en todas las medidas que hemos llevado adelante; descontamos que vamos a seguir trabajando juntos en todo lo que sea la b\u00fasqueda de memoria, verdad y justicia. Estamos seguros que vamos a contar con su apoyo y adhesi\u00f3n\u201d, concluy\u00f3.<\/p>\n<p>Adem\u00e1s de representantes de Familiares y organismos de derechos humanos, participaron del encuentro el presidente de la CPM, Hugo Ca\u00f1\u00f3n; su secretario ejecutivo, Alejandro Mosquera y V\u00edctor Mendivilk, entre otros.<\/p>\n<p>&nbsp;<\/p>\n<p>&nbsp;<\/p>\n","protected":false},"excerpt":{"rendered":"<p>LA PLATA.&#8211; Luego de que la Comisi\u00f3n bicameral de Enjuiciamiento resolviera suspender de sus funciones e iniciarle un Jury al juez Pedro Federico Hooft por su participaci\u00f3n en delitos de lesa humanidad cometidos durante la \u00faltima dictadura militar, Familiares de Detenidos Desaparecidos y V\u00edctimas del Terrorismo de Estado de esa ciudad balnearia brindaron una conferencia de prensa en la sede [&#8230;]<\/p>\n","protected":false},"author":11,"featured_media":0,"comment_status":"open","ping_status":"open","sticky":false,"template":"","format":"standard","meta":{"_jetpack_newsletter_access":"","_jetpack_dont_email_post_to_subs":false,"_jetpack_newsletter_tier_id":0,"_jetpack_memberships_contains_paywalled_content":false,"_jetpack_memberships_contains_paid_content":false,"footnotes":""},"categories":[54],"tags":[],"class_list":["post-17568","post","type-post","status-publish","format-standard","hentry","category-medios"],"jetpack_featured_media_url":"","jetpack_shortlink":"https:\/\/wp.me\/p2JWE0-4zm","jetpack-related-posts":[{"id":3408,"url":"https:\/\/www.24baires.com\/?p=3408","url_meta":{"origin":17568,"position":0},"title":"Reclamar\u00e1n ante la CIDH por la falta de avance en el Jury al Juez Hooft acusado de delitos de lesa humanidad","author":"Grupo Sierra","date":"27\/10\/2012","format":false,"excerpt":"La Asociaci\u00f3n de Familiares Detenidos- Desaparecidos de Mar del Plata har\u00e1 una presentaci\u00f3n ante la Comisi\u00f3n Interamericana de Derechos Humanos para que el Estado argentino responda por la falta de impulso al jury al magistrado acusado de visitar centros clandestinos de detenci\u00f3n. Hace seis a\u00f1os se lo denunci\u00f3. A seis\u2026","rel":"","context":"En \u00abMemoria\u00bb","block_context":{"text":"Memoria","link":"https:\/\/www.24baires.com\/?cat=50"},"img":{"alt_text":"","src":"","width":0,"height":0},"classes":[]},{"id":58046,"url":"https:\/\/www.24baires.com\/?p=58046","url_meta":{"origin":17568,"position":1},"title":"Suspendieron la visita de Massot a Mar del Plata luego de los anuncios de escrache","author":"Grupo Sierra","date":"02\/12\/2014","format":false,"excerpt":"El director del diario La Nueva Provincia de Bah\u00eda Blanca est\u00e1 acusado por delitos cometidos en la dictadura militar. Iba a disertar en la ciudad el jueves, pero finalmente la charla se suspendi\u00f3. Tras el anuncio de un escrache en el marco de la disertaci\u00f3n que el director del diario\u2026","rel":"","context":"En \u00abLocales\u00bb","block_context":{"text":"Locales","link":"https:\/\/www.24baires.com\/?cat=38"},"img":{"alt_text":"massot primacy mar del plata","src":"https:\/\/i0.wp.com\/www.24baires.com\/wp-content\/uploads\/2014\/12\/massot-primacy-mar-del-plata.jpeg?resize=350%2C200","width":350,"height":200,"srcset":"https:\/\/i0.wp.com\/www.24baires.com\/wp-content\/uploads\/2014\/12\/massot-primacy-mar-del-plata.jpeg?resize=350%2C200 1x, https:\/\/i0.wp.com\/www.24baires.com\/wp-content\/uploads\/2014\/12\/massot-primacy-mar-del-plata.jpeg?resize=525%2C300 1.5x"},"classes":[]},{"id":17545,"url":"https:\/\/www.24baires.com\/?p=17545","url_meta":{"origin":17568,"position":2},"title":"Suspenden al Juez marplatense Pedro Hooft y le inician jury por delitos de lesa humanidad","author":"Grupo Sierra","date":"05\/03\/2013","format":false,"excerpt":"LA PLATA.- La Comisi\u00f3n bicameral de Enjuiciamiento resolvi\u00f3 suspender de sus funciones al juez Pedro Federico Hooft e iniciarle un Jury de Enjuiciamiento por su participaci\u00f3n en al menos 148 delitos de lesa humanidad cometidos durante la \u00faltima dictadura c\u00edvico militar. La medida la adopt\u00f3 hoy el jurado que preside\u2026","rel":"","context":"En \u00abMemoria\u00bb","block_context":{"text":"Memoria","link":"https:\/\/www.24baires.com\/?cat=50"},"img":{"alt_text":"Hooft na14fo01","src":"https:\/\/i0.wp.com\/www.24baires.com\/wp-content\/uploads\/2013\/03\/Hooft-na14fo01-300x296.jpg?resize=350%2C200","width":350,"height":200},"classes":[]},{"id":107302,"url":"https:\/\/www.24baires.com\/?p=107302","url_meta":{"origin":17568,"position":3},"title":"En la Provincia hubo un femicidio cada tres d\u00edas en lo que va del 2019","author":"GB","date":"21\/03\/2019","format":false,"excerpt":"En total, 25 mujeres fueron asesinadas en tres meses. En Mar del Plata se registraron dos femicidios y es una de las ciudades con m\u00e1s casos. Unas 25 mujeres fueron asesinadas por parejas, exparejas o familiares en la provincia de Buenos Aires en lo que va del 2019. Las cifran\u2026","rel":"","context":"En \u00abProvincia\u00bb","block_context":{"text":"Provincia","link":"https:\/\/www.24baires.com\/?cat=40"},"img":{"alt_text":"","src":"https:\/\/i0.wp.com\/www.24baires.com\/wp-content\/uploads\/2015\/11\/ni-una-menos.jpg?resize=350%2C200","width":350,"height":200,"srcset":"https:\/\/i0.wp.com\/www.24baires.com\/wp-content\/uploads\/2015\/11\/ni-una-menos.jpg?resize=350%2C200 1x, https:\/\/i0.wp.com\/www.24baires.com\/wp-content\/uploads\/2015\/11\/ni-una-menos.jpg?resize=525%2C300 1.5x"},"classes":[]},{"id":122822,"url":"https:\/\/www.24baires.com\/?p=122822","url_meta":{"origin":17568,"position":4},"title":"Ordenan frenar la conversi\u00f3n de un centro clandestino de detenci\u00f3n en un bar","author":"GB","date":"19\/01\/2026","format":false,"excerpt":"La instalaci\u00f3n de un bar de gin en un lugar que fue centro clandestino de detenci\u00f3n sigue generando rechazos en Mar del Plata. En tiempos en los que se relativiza el terrorismo de Estado y las pol\u00edticas de memoria, verdad y justicia fueron desmanteladas, la Asociaci\u00f3n de Familiares de Detenidos\u2026","rel":"","context":"En \u00abMemoria\u00bb","block_context":{"text":"Memoria","link":"https:\/\/www.24baires.com\/?cat=50"},"img":{"alt_text":"","src":"https:\/\/i0.wp.com\/www.24baires.com\/wp-content\/uploads\/2026\/01\/faro-mdp.webp?resize=350%2C200","width":350,"height":200,"srcset":"https:\/\/i0.wp.com\/www.24baires.com\/wp-content\/uploads\/2026\/01\/faro-mdp.webp?resize=350%2C200 1x, https:\/\/i0.wp.com\/www.24baires.com\/wp-content\/uploads\/2026\/01\/faro-mdp.webp?resize=525%2C300 1.5x, https:\/\/i0.wp.com\/www.24baires.com\/wp-content\/uploads\/2026\/01\/faro-mdp.webp?resize=700%2C400 2x"},"classes":[]},{"id":115942,"url":"https:\/\/www.24baires.com\/?p=115942","url_meta":{"origin":17568,"position":5},"title":"El fiscal general de Mar de Plata ir\u00e1 a juicio por cr\u00edmenes de lesa humanidad","author":"AF","date":"13\/08\/2020","format":false,"excerpt":"Fabi\u00e1n Fern\u00e1ndez Garello est\u00e1 acusado de participar del secuestro y torturas de tres militantes comunistas durante la \u00faltima dictadura c\u00edvico-militar. En las \u00faltimas horas, el Juzgado Federal N 2 de San Mart\u00edn elev\u00f3 a juicio la causa en la que est\u00e1n imputados siete ex agentes de la Direcci\u00f3n de Inteligencia\u2026","rel":"","context":"En \u00abSociedad\u00bb","block_context":{"text":"Sociedad","link":"https:\/\/www.24baires.com\/?cat=1"},"img":{"alt_text":"","src":"https:\/\/i0.wp.com\/www.24baires.com\/wp-content\/uploads\/2020\/08\/fern%C3%A1ndez-garello.jpg?resize=350%2C200","width":350,"height":200,"srcset":"https:\/\/i0.wp.com\/www.24baires.com\/wp-content\/uploads\/2020\/08\/fern%C3%A1ndez-garello.jpg?resize=350%2C200 1x, https:\/\/i0.wp.com\/www.24baires.com\/wp-content\/uploads\/2020\/08\/fern%C3%A1ndez-garello.jpg?resize=525%2C300 1.5x"},"classes":[]}],"jetpack_sharing_enabled":true,"jetpack_likes_enabled":true,"_links":{"self":[{"href":"https:\/\/www.24baires.com\/index.php?rest_route=\/wp\/v2\/posts\/17568","targetHints":{"allow":["GET"]}}],"collection":[{"href":"https:\/\/www.24baires.com\/index.php?rest_route=\/wp\/v2\/posts"}],"about":[{"href":"https:\/\/www.24baires.com\/index.php?rest_route=\/wp\/v2\/types\/post"}],"author":[{"embeddable":true,"href":"https:\/\/www.24baires.com\/index.php?rest_route=\/wp\/v2\/users\/11"}],"replies":[{"embeddable":true,"href":"https:\/\/www.24baires.com\/index.php?rest_route=%2Fwp%2Fv2%2Fcomments&post=17568"}],"version-history":[{"count":3,"href":"https:\/\/www.24baires.com\/index.php?rest_route=\/wp\/v2\/posts\/17568\/revisions"}],"predecessor-version":[{"id":17630,"href":"https:\/\/www.24baires.com\/index.php?rest_route=\/wp\/v2\/posts\/17568\/revisions\/17630"}],"wp:attachment":[{"href":"https:\/\/www.24baires.com\/index.php?rest_route=%2Fwp%2Fv2%2Fmedia&parent=17568"}],"wp:term":[{"taxonomy":"category","embeddable":true,"href":"https:\/\/www.24baires.com\/index.php?rest_route=%2Fwp%2Fv2%2Fcategories&post=17568"},{"taxonomy":"post_tag","embeddable":true,"href":"https:\/\/www.24baires.com\/index.php?rest_route=%2Fwp%2Fv2%2Ftags&post=17568"}],"curies":[{"name":"wp","href":"https:\/\/api.w.org\/{rel}","templated":true}]}}