{"id":17544,"date":"2013-03-05T15:45:29","date_gmt":"2013-03-05T18:45:29","guid":{"rendered":"http:\/\/www.24baires.com\/?p=17544"},"modified":"2013-03-05T18:35:57","modified_gmt":"2013-03-05T21:35:57","slug":"la-justicia-determino-que-cablevision-debera-cobrar-un-abono-de-130","status":"publish","type":"post","link":"https:\/\/www.24baires.com\/?p=17544","title":{"rendered":"La Justicia determin\u00f3 que Cablevisi\u00f3n deber\u00e1 cobrar un abono de $130"},"content":{"rendered":"<p><img data-recalc-dims=\"1\" loading=\"lazy\" decoding=\"async\" class=\"alignleft size-medium wp-image-13639\" alt=\"cablevisi\u00f3n\" src=\"https:\/\/i0.wp.com\/www.24baires.com\/wp-content\/uploads\/2013\/01\/cablevisi%C3%B3n.jpg?resize=300%2C199\" width=\"300\" height=\"199\" srcset=\"https:\/\/i0.wp.com\/www.24baires.com\/wp-content\/uploads\/2013\/01\/cablevisi%C3%B3n.jpg?resize=300%2C199&amp;ssl=1 300w, https:\/\/i0.wp.com\/www.24baires.com\/wp-content\/uploads\/2013\/01\/cablevisi%C3%B3n.jpg?w=510&amp;ssl=1 510w\" sizes=\"auto, (max-width: 300px) 100vw, 300px\" \/>La Sala I de la C\u00e1mara Federal de La Plata confirm\u00f3 un fallo de primera instancia en el marco de una causa promovida por el Defensor del Pueblo de Buenos Aires. La decisi\u00f3n abarca a todos los usuarios de la provincia.<!--more--><br \/>\nConfirm\u00f3 un fallo de primera instancia que, como medida cautelar, hab\u00eda ordenado a Cablevisi\u00f3n cumplir con las resoluciones 25\/12 y 97\/12 de la Secretar\u00eda de Comercio Interior de la Naci\u00f3n, de no emitir facturas de pago de abono b\u00e1sico mensual que excedan la suma 123 pesos.<\/p>\n<p>Seg\u00fan se inform\u00f3, a trav\u00e9s del Centro de Informaci\u00f3n judicial, la resoluci\u00f3n se debe aplicar a todos los habitantes de la provincia de Buenos Aires que sean usuarios del servicio de televisi\u00f3n por cable que presta la empresa demandada.<\/p>\n<p>\u00abAsimismo, el tribunal \u2013integrado por los jueces Julio V\u00edctor Reboredo y Carlos Rom\u00e1n Compaired- destac\u00f3 que, mediante resoluci\u00f3n 161\/2012, la Secretar\u00eda de Comercio Interior estableci\u00f3 que el precio del abono b\u00e1sico mensual del servicio de televisi\u00f3n paga de la empresa Cablevisi\u00f3n SA para enero a marzo de 2013, inclusive, es de $130 mensuales\u00bb.<\/p>\n<p>&nbsp;<\/p>\n<p>&nbsp;<\/p>\n<p>&nbsp;<\/p>\n<p>&nbsp;<\/p>\n<p>&nbsp;<\/p>\n<p>&nbsp;<\/p>\n<p>&nbsp;<\/p>\n<p>&nbsp;<\/p>\n<p>&nbsp;<\/p>\n<p>&nbsp;<\/p>\n<p>&nbsp;<\/p>\n<p>&nbsp;<\/p>\n<p>&nbsp;<\/p>\n<p>&nbsp;<\/p>\n<p>&nbsp;<\/p>\n<p>&nbsp;<\/p>\n<p>&nbsp;<\/p>\n<p>&nbsp;<\/p>\n<p>&nbsp;<\/p>\n<p>&nbsp;<\/p>\n","protected":false},"excerpt":{"rendered":"<p>La Sala I de la C\u00e1mara Federal de La Plata confirm\u00f3 un fallo de primera instancia en el marco de una causa promovida por el Defensor del Pueblo de Buenos Aires. La decisi\u00f3n abarca a todos los usuarios de la provincia.<\/p>\n","protected":false},"author":4,"featured_media":0,"comment_status":"open","ping_status":"open","sticky":false,"template":"","format":"standard","meta":{"_jetpack_newsletter_access":"","_jetpack_dont_email_post_to_subs":false,"_jetpack_newsletter_tier_id":0,"_jetpack_memberships_contains_paywalled_content":false,"_jetpack_memberships_contains_paid_content":false,"footnotes":""},"categories":[54],"tags":[],"class_list":["post-17544","post","type-post","status-publish","format-standard","hentry","category-medios"],"jetpack_featured_media_url":"","jetpack_shortlink":"https:\/\/wp.me\/p2JWE0-4yY","jetpack-related-posts":[{"id":20756,"url":"https:\/\/www.24baires.com\/?p=20756","url_meta":{"origin":17544,"position":0},"title":"Rechazan la presentaci\u00f3n de Cablevisi\u00f3n y fijan el abono en $130","author":"AF","date":"11\/04\/2013","format":false,"excerpt":"La C\u00e1mara Federal de Apelaciones de La Plata rechaz\u00f3 el planteo realizado por la empresa Cablevisi\u00f3n S.A. y aval\u00f3 la presentaci\u00f3n realizada por la Defensor\u00eda del Pueblo de la provincia de Buenos Aires que fija en 130 pesos el abono b\u00e1sico de cable. La C\u00e1mara Federal rechaz\u00f3 un recurso extraordinario\u2026","rel":"","context":"En \u00abMedios\u00bb","block_context":{"text":"Medios","link":"https:\/\/www.24baires.com\/?cat=54"},"img":{"alt_text":"","src":"","width":0,"height":0},"classes":[]},{"id":24419,"url":"https:\/\/www.24baires.com\/?p=24419","url_meta":{"origin":17544,"position":1},"title":"El Senado bonaerense apoy\u00f3 el reclamo contra Cablevisi\u00f3n por el precio del abono","author":"Grupo Sierra","date":"26\/05\/2013","format":false,"excerpt":"La C\u00e1mara de Senadores bonaerense respald\u00f3 la presentaci\u00f3n judicial de la Defensor\u00eda del Pueblo provincial contra la empresa Cablevisi\u00f3n S.A., por el valor del servicio, y solicit\u00f3 que la firma adecue el costo del abono b\u00e1sico del cable. La C\u00e1mara Alta acompa\u00f1\u00f3 el proyecto elevado por el senador del Frente\u2026","rel":"","context":"En \u00abMedios\u00bb","block_context":{"text":"Medios","link":"https:\/\/www.24baires.com\/?cat=54"},"img":{"alt_text":"senadobonaerense2-679x350","src":"https:\/\/i0.wp.com\/www.24baires.com\/wp-content\/uploads\/2013\/05\/senadobonaerense2-679x350.jpg?resize=350%2C200","width":350,"height":200,"srcset":"https:\/\/i0.wp.com\/www.24baires.com\/wp-content\/uploads\/2013\/05\/senadobonaerense2-679x350.jpg?resize=350%2C200 1x, https:\/\/i0.wp.com\/www.24baires.com\/wp-content\/uploads\/2013\/05\/senadobonaerense2-679x350.jpg?resize=525%2C300 1.5x"},"classes":[]},{"id":21482,"url":"https:\/\/www.24baires.com\/?p=21482","url_meta":{"origin":17544,"position":2},"title":"Cablevisi\u00f3n deber\u00e1 pagar $100 mil por d\u00eda hasta que baje su tarifa a $130","author":"AF","date":"20\/04\/2013","format":false,"excerpt":"La sanci\u00f3n fue resuelta por el magistrado platense Adolfo Ziulu, tras hacer lugar a un pedido de la Defensor\u00eda del Pueblo bonaerense. A pesar de las sucesivas \u00f3rdenes judiciales, la cableoperadora del Grupo Clar\u00edn se ha negado hasta el momento a adecuar el su abono b\u00e1sico mensual a los 130\u2026","rel":"","context":"En \u00abMedios\u00bb","block_context":{"text":"Medios","link":"https:\/\/www.24baires.com\/?cat=54"},"img":{"alt_text":"cablevisi\u00f3n","src":"https:\/\/i0.wp.com\/www.24baires.com\/wp-content\/uploads\/2013\/01\/cablevisi%C3%B3n-300x199.jpg?resize=350%2C200","width":350,"height":200},"classes":[]},{"id":15087,"url":"https:\/\/www.24baires.com\/?p=15087","url_meta":{"origin":17544,"position":3},"title":"Juez de La Plata intim\u00f3 a Cablevisi\u00f3n a acreditar si ajust\u00f3 la tarifa a lo ordenado","author":"Grupo Sierra","date":"08\/02\/2013","format":false,"excerpt":"El juez federal de La Plata, Adolfo Gabino Ziulu, intim\u00f3 a la empresa a que acredite si se encuentra cumpliendo con una medida cautelar anterior por la cual se le orden\u00f3 ajustar su tarifa por abono a la suma autorizada por la Secretar\u00eda de Comercio Interior. El caso podr\u00eda terminar\u2026","rel":"","context":"En \u00abMedios\u00bb","block_context":{"text":"Medios","link":"https:\/\/www.24baires.com\/?cat=54"},"img":{"alt_text":"cablevision","src":"https:\/\/i0.wp.com\/www.24baires.com\/wp-content\/uploads\/2012\/12\/cablevision.jpg?resize=350%2C200","width":350,"height":200,"srcset":"https:\/\/i0.wp.com\/www.24baires.com\/wp-content\/uploads\/2012\/12\/cablevision.jpg?resize=350%2C200 1x, https:\/\/i0.wp.com\/www.24baires.com\/wp-content\/uploads\/2012\/12\/cablevision.jpg?resize=525%2C300 1.5x"},"classes":[]},{"id":18766,"url":"https:\/\/www.24baires.com\/?p=18766","url_meta":{"origin":17544,"position":4},"title":"Senadores bonaerenses apoyan las acciones judiciales contra Cablevisi\u00f3n","author":"AF","date":"18\/03\/2013","format":false,"excerpt":"Un proyecto impulsado en la C\u00e1mara alta respalda la presentaci\u00f3n judicial de la Defensor\u00eda del Pueblo provincial contra la empresa del Grupo Clar\u00edn por el cobro indebido de su servicio y solicita que la firma adecue el costo del abono b\u00e1sico del cable. \u201cEsta acci\u00f3n judicial logr\u00f3 ponerle un l\u00edmite\u2026","rel":"","context":"En \u00abMedios\u00bb","block_context":{"text":"Medios","link":"https:\/\/www.24baires.com\/?cat=54"},"img":{"alt_text":"","src":"","width":0,"height":0},"classes":[]},{"id":20564,"url":"https:\/\/www.24baires.com\/?p=20564","url_meta":{"origin":17544,"position":5},"title":"Cablevisi\u00f3n \u201cNo quiere cumplir con lo que se le ordena\u00bb advirti\u00f3 Bonicatto","author":"AF","date":"09\/04\/2013","format":false,"excerpt":"El Defensor del Pueblo bonaerense, Carlos Bonicatto, dialog\u00f3 sobre la causa contra la empresa del Grupo Clar\u00edn por el cobro indebido de sus servicio en la Provincia. Adelant\u00f3 que en los pr\u00f3ximos d\u00edas podr\u00eda haber novedades de la Justicia, ya que eval\u00faa un nuevo pedido para que la cableoperadora se\u2026","rel":"","context":"En \u00abMedios\u00bb","block_context":{"text":"Medios","link":"https:\/\/www.24baires.com\/?cat=54"},"img":{"alt_text":"bonicatto","src":"https:\/\/i0.wp.com\/www.24baires.com\/wp-content\/uploads\/2013\/04\/bonicatto.jpg?resize=350%2C200","width":350,"height":200,"srcset":"https:\/\/i0.wp.com\/www.24baires.com\/wp-content\/uploads\/2013\/04\/bonicatto.jpg?resize=350%2C200 1x, https:\/\/i0.wp.com\/www.24baires.com\/wp-content\/uploads\/2013\/04\/bonicatto.jpg?resize=525%2C300 1.5x"},"classes":[]}],"jetpack_sharing_enabled":true,"jetpack_likes_enabled":true,"_links":{"self":[{"href":"https:\/\/www.24baires.com\/index.php?rest_route=\/wp\/v2\/posts\/17544","targetHints":{"allow":["GET"]}}],"collection":[{"href":"https:\/\/www.24baires.com\/index.php?rest_route=\/wp\/v2\/posts"}],"about":[{"href":"https:\/\/www.24baires.com\/index.php?rest_route=\/wp\/v2\/types\/post"}],"author":[{"embeddable":true,"href":"https:\/\/www.24baires.com\/index.php?rest_route=\/wp\/v2\/users\/4"}],"replies":[{"embeddable":true,"href":"https:\/\/www.24baires.com\/index.php?rest_route=%2Fwp%2Fv2%2Fcomments&post=17544"}],"version-history":[{"count":2,"href":"https:\/\/www.24baires.com\/index.php?rest_route=\/wp\/v2\/posts\/17544\/revisions"}],"predecessor-version":[{"id":17572,"href":"https:\/\/www.24baires.com\/index.php?rest_route=\/wp\/v2\/posts\/17544\/revisions\/17572"}],"wp:attachment":[{"href":"https:\/\/www.24baires.com\/index.php?rest_route=%2Fwp%2Fv2%2Fmedia&parent=17544"}],"wp:term":[{"taxonomy":"category","embeddable":true,"href":"https:\/\/www.24baires.com\/index.php?rest_route=%2Fwp%2Fv2%2Fcategories&post=17544"},{"taxonomy":"post_tag","embeddable":true,"href":"https:\/\/www.24baires.com\/index.php?rest_route=%2Fwp%2Fv2%2Ftags&post=17544"}],"curies":[{"name":"wp","href":"https:\/\/api.w.org\/{rel}","templated":true}]}}