{"id":17533,"date":"2013-03-05T13:52:33","date_gmt":"2013-03-05T16:52:33","guid":{"rendered":"http:\/\/www.24baires.com\/?p=17533"},"modified":"2013-03-05T13:52:33","modified_gmt":"2013-03-05T16:52:33","slug":"volveran-a-reclamar-la-detencion-de-lagostena-por-la-desaparicion-de-erica-soriano","status":"publish","type":"post","link":"https:\/\/www.24baires.com\/?p=17533","title":{"rendered":"Volver\u00e1n a reclamar la detenci\u00f3n de Lagostena por la desaparici\u00f3n de \u00c9rica Soriano"},"content":{"rendered":"<p>La familia de Erica Soriano, desaparecida en Lan\u00fas en 2010, har\u00e1 una nueva presentaci\u00f3n ante la Justicia para reclamar la detenci\u00f3n del \u00fanico imputado, Daniel Lagostena beneficiado por la C\u00e1mara, y denunciar\u00e1 errores en el proceder de la causa. Reivindican labor del Senado provincial en reforma del Poder Judicial.<!--more--><br \/>\nEl abogado de la familia, Marcelo Mazzeo, adelant\u00f3 que esperan una gran convocatoria de organismos de Derechos Humanos. \u201cQueremos que la Justicia tenga las reglas claras y que los jueces las acaten\u201d, se\u00f1al\u00f3. Los reclamos tendr\u00e1n lugar el mi\u00e9rcoles a las 10 ante la sede judicial de Lomas de Zamora.<\/p>\n<p>Luego de la liberaci\u00f3n en diciembre pasado de Daniel Lagostena, \u00fanico imputado en la causa que investiga la desaparici\u00f3n de Erica Soriano, embarazada de dos meses, en agosto de 2010, la familia de la Joven de 29 a\u00f1os volver\u00e1 a marchar a los tribunales de Lomas de Zamora, para exigir la detenci\u00f3n de la su ex pareja y para presentar un recurso de casaci\u00f3n en el que denunciar\u00e1n los errores de la C\u00e1mara y m\u00e1s pruebas que incriminan al sospechoso.<\/p>\n<p>El abogado Marcelo Mazzeo anunci\u00f3 que adem\u00e1s podr\u00edan realizar una denuncia a la Fiscal\u00ed General de Lomas de Zamora por las irregularidades en el caso, y por el fallo de la sala III de la C\u00e1mara de Apelaciones que liber\u00f3 a Lagostena.<\/p>\n<p>\u201cLa fiscal\u00eda general ignor\u00f3 los errores de la C\u00e1mara y las pruebas en contra de Lagostena, \u00e9l tiene el deber de darnos respuesta porque de esta forma dej\u00f3 que la causa corra el peligro de dormirse y desaparecer\u201d, dijo Mazzeo.<\/p>\n<p>La presentaci\u00f3n que realizar\u00e1 Mazzeo el pr\u00f3ximo mi\u00e9rcoles consta del pedido de detenci\u00f3n de la ex pareja de Erica Soriano, ya que consider\u00f3 que \u201chay suficientes pruebas\u201d para llevarlo a juicio oral. Adem\u00e1s, el letrado consider\u00f3 que es importante la detenci\u00f3n de Lagostena porque existen dos peligros procesales: la fuga y el entorpecimiento probatorio.<\/p>\n<p>\u201cEl primero ha sido comprobado porque cuando \u00e9l fue cuestionado por la investigaci\u00f3n se fug\u00f3 a Paraguay y el segundo es que si pudo hacer desaparecer un cuerpo, puede incorporar o destruir pruebas en su beneficio sobornando testigos\u201d, denunci\u00f3.<\/p>\n<p>Adem\u00e1s el abogado anunci\u00f3 que esperan un gran acompa\u00f1amiento de parte de organizaciones de Derechos Humanos y de funcionarios pol\u00edticos, para apoyar a la familia.<\/p>\n<p>\u201cEste es un claro caso de corporaci\u00f3n judicial y en la provincia de Buenos Aires, el vicegobernador Gabriel Mariotto es el \u00fanico que ha dado muestras de querer destruir o desbaratar estas organizaciones\u201d, finaliz\u00f3 Mazzeo.<\/p>\n<p>&nbsp;<\/p>\n<p>&nbsp;<\/p>\n<p>&nbsp;<\/p>\n<p>&nbsp;<\/p>\n<p>&nbsp;<\/p>\n<p>&nbsp;<\/p>\n<p>&nbsp;<\/p>\n<p>&nbsp;<\/p>\n<p>&nbsp;<\/p>\n<p>&nbsp;<\/p>\n<p>&nbsp;<\/p>\n","protected":false},"excerpt":{"rendered":"<p>La familia de Erica Soriano, desaparecida en Lan\u00fas en 2010, har\u00e1 una nueva presentaci\u00f3n ante la Justicia para reclamar la detenci\u00f3n del \u00fanico imputado, Daniel Lagostena beneficiado por la C\u00e1mara, y denunciar\u00e1 errores en el proceder de la causa. Reivindican labor del Senado provincial en reforma del Poder Judicial.<\/p>\n","protected":false},"author":4,"featured_media":0,"comment_status":"open","ping_status":"open","sticky":false,"template":"","format":"standard","meta":{"_jetpack_newsletter_access":"","_jetpack_dont_email_post_to_subs":false,"_jetpack_newsletter_tier_id":0,"_jetpack_memberships_contains_paywalled_content":false,"_jetpack_memberships_contains_paid_content":false,"footnotes":""},"categories":[1],"tags":[],"class_list":["post-17533","post","type-post","status-publish","format-standard","hentry","category-sociedad"],"jetpack_featured_media_url":"","jetpack_shortlink":"https:\/\/wp.me\/p2JWE0-4yN","jetpack-related-posts":[{"id":10210,"url":"https:\/\/www.24baires.com\/?p=10210","url_meta":{"origin":17533,"position":0},"title":"La familia de \u00c9rica Soriano repudi\u00f3 la anulaci\u00f3n de la preventiva a Lagostena","author":"Grupo Sierra","date":"23\/12\/2012","format":false,"excerpt":"LOMAS DE ZAMORA - \u201cQuer\u00eda que est\u00e9 en la c\u00e1rcel, es el \u00fanico que sabe qu\u00e9 pas\u00f3\u201d, asegur\u00f3 la mam\u00e1 de \u00c9rica Soriano, Mar\u00eda Esther. As\u00ed, expres\u00f3 su descontento por la decisi\u00f3n de la C\u00e1mara de Apelaciones de liberar al \u00fanico imputado por la desaparici\u00f3n de la joven. \u201cDespu\u00e9s del\u2026","rel":"","context":"En \u00abPoliciales\u00bb","block_context":{"text":"Policiales","link":"https:\/\/www.24baires.com\/?cat=49"},"img":{"alt_text":"soriano erica","src":"https:\/\/i0.wp.com\/www.24baires.com\/wp-content\/uploads\/2012\/12\/soriano-erica-300x180.jpg?resize=350%2C200","width":350,"height":200},"classes":[]},{"id":16890,"url":"https:\/\/www.24baires.com\/?p=16890","url_meta":{"origin":17533,"position":1},"title":"Familiares de \u00c9rica Soriano marchar\u00e1n a Tribunales reclamando la detenci\u00f3n de Lagostena","author":"AF","date":"27\/02\/2013","format":false,"excerpt":"\"Vamos a pedir la prisi\u00f3n para Daniel Lagostena, preso es como tiene que estar\", se\u00f1al\u00f3 Esther, la mam\u00e1 de la joven que desapareci\u00f3 en 2010. La manifestaci\u00f3n ser\u00e1 el 6 de marzo frente a los Tribunales de Lomas de Zamora. Ese mismo d\u00eda presentar\u00e1n un recurso para la detenci\u00f3n del\u2026","rel":"","context":"En \u00abSociedad\u00bb","block_context":{"text":"Sociedad","link":"https:\/\/www.24baires.com\/?cat=1"},"img":{"alt_text":"","src":"","width":0,"height":0},"classes":[]},{"id":20812,"url":"https:\/\/www.24baires.com\/?p=20812","url_meta":{"origin":17533,"position":2},"title":"Caso \u00c9rica Soriano: rechazaron el recurso presentado por la familia de la v\u00edctima","author":"AF","date":"12\/04\/2013","format":false,"excerpt":"En marzo, el abogado de la familia Soriano, Marcelo Mazzeo, hab\u00eda presentado un recurso de queja por la liberaci\u00f3n de Daniel Lagostena a fines del a\u00f1o pasado. Seg\u00fan confirm\u00f3 ayer el letrado, la C\u00e1mara de Apelaci\u00f3n y Garant\u00edas de Lomas desestim\u00f3 el reclamo. Present\u00f3 en la C\u00e1mara de Casaci\u00f3n bonaerense\u2026","rel":"","context":"En \u00abSociedad\u00bb","block_context":{"text":"Sociedad","link":"https:\/\/www.24baires.com\/?cat=1"},"img":{"alt_text":"","src":"","width":0,"height":0},"classes":[]},{"id":10356,"url":"https:\/\/www.24baires.com\/?p=10356","url_meta":{"origin":17533,"position":3},"title":"La Justicia define este mi\u00e9rcoles si libera al acusado de asesinar a \u00c9rica Soriano","author":"Grupo Sierra","date":"25\/12\/2012","format":false,"excerpt":"LOMAS DE ZAMORA - La Justicia lomense definir\u00e1 el mi\u00e9rcoles si excarcela a Daniel Lagostena, acusado de asesinar a su pareja, Erica Soriano, luego de que se anular\u00e1 su prisi\u00f3n preventiva. La Sala III de la C\u00e1mara de Apelaciones del Departamento Judicial de Lomas de Zamora anul\u00f3 por un error\u2026","rel":"","context":"En \u00abPoliciales\u00bb","block_context":{"text":"Policiales","link":"https:\/\/www.24baires.com\/?cat=49"},"img":{"alt_text":"","src":"","width":0,"height":0},"classes":[]},{"id":10438,"url":"https:\/\/www.24baires.com\/?p=10438","url_meta":{"origin":17533,"position":4},"title":"Volvieron a dictar prisi\u00f3n preventiva para Daniel Lagostena, ex pareja de \u00c9rica Soriano","author":"AF","date":"26\/12\/2012","format":false,"excerpt":"La ex pareja de \u00c9rica Soriano, la embarazada desaparecida desde 2010, continuar\u00e1 preso luego de que la Justicia de Lomas de Zamora le dict\u00f3 nuevamente la prisi\u00f3n preventiva por \"homicidio y aborto en el contexto de violencia familiar\". As\u00ed lo resolvi\u00f3 durante el mediod\u00eda de este mi\u00e9rcoles el juez de\u2026","rel":"","context":"En \u00abSociedad\u00bb","block_context":{"text":"Sociedad","link":"https:\/\/www.24baires.com\/?cat=1"},"img":{"alt_text":"lagostena soriano","src":"https:\/\/i0.wp.com\/www.24baires.com\/wp-content\/uploads\/2012\/12\/lagostena-soriano.jpg?resize=350%2C200","width":350,"height":200,"srcset":"https:\/\/i0.wp.com\/www.24baires.com\/wp-content\/uploads\/2012\/12\/lagostena-soriano.jpg?resize=350%2C200 1x, https:\/\/i0.wp.com\/www.24baires.com\/wp-content\/uploads\/2012\/12\/lagostena-soriano.jpg?resize=525%2C300 1.5x"},"classes":[]},{"id":10100,"url":"https:\/\/www.24baires.com\/?p=10100","url_meta":{"origin":17533,"position":5},"title":"Anularon la prisi\u00f3n preventiva del asesino de \u00c9rica Soriano","author":"AF","date":"22\/12\/2012","format":false,"excerpt":"La C\u00e1mara de Apelaciones y Garant\u00edas de Lomas de Zamora anul\u00f3 la prisi\u00f3n preventiva por la que est\u00e1 detenido H\u00e9ctor Daniel Lagostena acusado de haber asesinado a su pareja en Lan\u00fas. La Sala III de la C\u00e1mara tom\u00f3 esta determinaci\u00f3n al anular, por razones procesales, la declaraci\u00f3n indagatoria que Lagostena\u2026","rel":"","context":"En \u00abPoliciales\u00bb","block_context":{"text":"Policiales","link":"https:\/\/www.24baires.com\/?cat=49"},"img":{"alt_text":"lagostena soriano","src":"https:\/\/i0.wp.com\/www.24baires.com\/wp-content\/uploads\/2012\/12\/lagostena-soriano.jpg?resize=350%2C200","width":350,"height":200,"srcset":"https:\/\/i0.wp.com\/www.24baires.com\/wp-content\/uploads\/2012\/12\/lagostena-soriano.jpg?resize=350%2C200 1x, https:\/\/i0.wp.com\/www.24baires.com\/wp-content\/uploads\/2012\/12\/lagostena-soriano.jpg?resize=525%2C300 1.5x"},"classes":[]}],"jetpack_sharing_enabled":true,"jetpack_likes_enabled":true,"_links":{"self":[{"href":"https:\/\/www.24baires.com\/index.php?rest_route=\/wp\/v2\/posts\/17533","targetHints":{"allow":["GET"]}}],"collection":[{"href":"https:\/\/www.24baires.com\/index.php?rest_route=\/wp\/v2\/posts"}],"about":[{"href":"https:\/\/www.24baires.com\/index.php?rest_route=\/wp\/v2\/types\/post"}],"author":[{"embeddable":true,"href":"https:\/\/www.24baires.com\/index.php?rest_route=\/wp\/v2\/users\/4"}],"replies":[{"embeddable":true,"href":"https:\/\/www.24baires.com\/index.php?rest_route=%2Fwp%2Fv2%2Fcomments&post=17533"}],"version-history":[{"count":2,"href":"https:\/\/www.24baires.com\/index.php?rest_route=\/wp\/v2\/posts\/17533\/revisions"}],"predecessor-version":[{"id":17535,"href":"https:\/\/www.24baires.com\/index.php?rest_route=\/wp\/v2\/posts\/17533\/revisions\/17535"}],"wp:attachment":[{"href":"https:\/\/www.24baires.com\/index.php?rest_route=%2Fwp%2Fv2%2Fmedia&parent=17533"}],"wp:term":[{"taxonomy":"category","embeddable":true,"href":"https:\/\/www.24baires.com\/index.php?rest_route=%2Fwp%2Fv2%2Fcategories&post=17533"},{"taxonomy":"post_tag","embeddable":true,"href":"https:\/\/www.24baires.com\/index.php?rest_route=%2Fwp%2Fv2%2Ftags&post=17533"}],"curies":[{"name":"wp","href":"https:\/\/api.w.org\/{rel}","templated":true}]}}