{"id":1753,"date":"2012-10-12T12:56:27","date_gmt":"2012-10-12T15:56:27","guid":{"rendered":"http:\/\/www.24baires.com\/?p=1753"},"modified":"2012-10-12T12:56:27","modified_gmt":"2012-10-12T15:56:27","slug":"general-pintos-mejoras-para-su-hospital","status":"publish","type":"post","link":"https:\/\/www.24baires.com\/?p=1753","title":{"rendered":"General Pintos: mejoras para su hospital"},"content":{"rendered":"<p>El intendente Alexis Ra\u00fal Guerrera y el ministro de Salud Collia, inauguraron obras en el Hospital Municipal \u201cDr. Alberto L. Videla\u201d del municipio de General Pintos.<!--more--><\/p>\n<p>El intendente de General Pinto, Alexis Ra\u00fal Guerrera, y el ministro de Salud de la provincia de Buenos Aires, Alejandro Collia, inauguraron obras en el Hospital Municipal \u201cDr. Alberto L. Videla\u201d de la ciudad cabecera distrital.<br \/>\nLas nuevas instalaciones comprenden la habitaci\u00f3n de preparto, sala de partos, sector de neonatolog\u00eda, \u00e1reas de internaci\u00f3n en maternidad y pediatr\u00eda, provisi\u00f3n centralizada de gases medicinales, central de monitoreo interno y circuito de c\u00e1maras de seguridad. Adem\u00e1s, fue inaugurado un nuevo lavadero y dep\u00f3sito en la residencia geri\u00e1trica Casa de los Abuelos.<br \/>\nLas obras inauguradas requirieron una inversi\u00f3n de recursos municipales, provenientes del la coparticipaci\u00f3n hospitalaria de la provincia de Buenos Aires, superior a los $ 565.000 pesos, en infraestructura y equipamiento hospitalarios destinados al cuidado de la salud en General Pinto.<br \/>\nDurante el acto, Guerrera hizo entrega al ministro Collia de una copia del Decreto por el que se lo declar\u00f3 Hu\u00e9sped de Honor de la ciudad, y m\u00e1s tarde descubrieron placas recordatorias en los sectores inaugurados con tradicionales cortes de cintas.<br \/>\nEn la ocasi\u00f3n, el ministro de Salud entreg\u00f3 al jefe comunal un subsidio por $ 80.000 para la compra de una Unidad de Transporte de Alta Complejidad Neonatal y una L\u00e1mpara de Luminoterapia.<br \/>\nEn ese marco, Guerrera se\u00f1al\u00f3 que \u201cEstamos orgullosos y nos planteamos nuevos desaf\u00edos\u201d y agradeci\u00f3 la visita del ministro Collia, al hacer un reconocimiento al mismo y al gobernador Daniel Scioli por \u201cel acompa\u00f1amiento, tanto a trav\u00e9s de la coparticipaci\u00f3n hospitalaria como los distintos apoyos financieros que realizan a los municipios, que bien administrados permiten un desarrollo sustentable de la salud local\u201d.<br \/>\nAdem\u00e1s, el jefe comunal puso de relieve la colaboraci\u00f3n y el desempe\u00f1o de profesionales y dem\u00e1s recursos humanos del Hospital Municipal, las Asociaciones Cooperadoras del hospital y Casa de los Abuelos, y la comunidad toda.<br \/>\n\u201cEstamos orgullosos del hospital que tenemos, pero nos planteamos nuevos desaf\u00edos y tenemos que estar a la altura de las circunstancias\u201d, manifest\u00f3 el intendente al referirse a las obras en ejecuci\u00f3n para el traslado de la cocina y creaci\u00f3n del nuevo espacio para el Servicio de Diagn\u00f3stico por Im\u00e1genes, que sumar\u00e1 a radiolog\u00eda, mamograf\u00eda y ecograf\u00eda, la incorporaci\u00f3n de un Tom\u00f3grafo Axial Computado el pr\u00f3ximo a\u00f1o, \u201cPara lo que ya estamos trabajando\u201d.<br \/>\nPor \u00faltimo, Guerrera expres\u00f3 que \u201cEl Municipio es el \u00fanico efector de Salud en el distrito desde hace tiempo. El crecimiento de la demanda de servicios nos requiere construir nuevas habitaciones de internaci\u00f3n, que ya planificamos. Vamos por m\u00e1s, por un hospital que nos siga haciendo sentir orgullosos\u201d.<\/p>\n","protected":false},"excerpt":{"rendered":"<p>El intendente Alexis Ra\u00fal Guerrera y el ministro de Salud Collia, inauguraron obras en el Hospital Municipal \u201cDr. Alberto L. Videla\u201d del municipio de General Pintos.<\/p>\n","protected":false},"author":4,"featured_media":0,"comment_status":"open","ping_status":"open","sticky":false,"template":"","format":"standard","meta":{"_jetpack_newsletter_access":"","_jetpack_dont_email_post_to_subs":false,"_jetpack_newsletter_tier_id":0,"_jetpack_memberships_contains_paywalled_content":false,"_jetpack_memberships_contains_paid_content":false,"footnotes":""},"categories":[1],"tags":[],"class_list":["post-1753","post","type-post","status-publish","format-standard","hentry","category-sociedad"],"jetpack_featured_media_url":"","jetpack_shortlink":"https:\/\/wp.me\/p2JWE0-sh","jetpack-related-posts":[{"id":13535,"url":"https:\/\/www.24baires.com\/?p=13535","url_meta":{"origin":1753,"position":0},"title":"Collia y Paredi inaugurar\u00e1n obras en el hospital de Coronel Vidal","author":"AF","date":"25\/01\/2013","format":false,"excerpt":"El ministro de Salud de la Provincia, Alejandro Collia, y el intendente de Mar Chiquita, Jorge Paredi, inaugurar\u00e1n el pr\u00f3ximo lunes a las 11 la obra de ampliaci\u00f3n del hospital municipal \u201cEustaquio Aristiz\u00e1bal\u201d de Coronel Vidal, que demand\u00f3 una inversi\u00f3n superior a los 800 mil pesos. El acto se realizar\u00e1\u2026","rel":"","context":"En \u00abSociedad\u00bb","block_context":{"text":"Sociedad","link":"https:\/\/www.24baires.com\/?cat=1"},"img":{"alt_text":"Collia-Paredi","src":"https:\/\/i0.wp.com\/www.24baires.com\/wp-content\/uploads\/2013\/01\/Collia-Paredi-300x198.jpg?resize=350%2C200","width":350,"height":200},"classes":[]},{"id":27982,"url":"https:\/\/www.24baires.com\/?p=27982","url_meta":{"origin":1753,"position":1},"title":"Insaurralde con Alicia Kirchner inauguraron obras en el Hospital de Jun\u00edn","author":"Grupo Sierra","date":"10\/07\/2013","format":false,"excerpt":"JUN\u00cdN.- El primer candidato a diputado nacional del FpV bonaerense, Mart\u00edn Insaurralde, viaj\u00f3 a inaugurar obras en Jun\u00edn junto a la ministra de Desarrollo Social, Alicia Kirchner, y el presidente de Diputados, Juli\u00e1n Dom\u00ednguez. Tras participar de la apertura del Centro de Referencia Jun\u00edn del Ministerio de Desarrollo Social y\u2026","rel":"","context":"En \u00abPol\u00edtica\u00bb","block_context":{"text":"Pol\u00edtica","link":"https:\/\/www.24baires.com\/?cat=51"},"img":{"alt_text":"alicia insaurralde junin","src":"https:\/\/i0.wp.com\/www.24baires.com\/wp-content\/uploads\/2013\/07\/alicia-insaurralde-junin.jpg?resize=350%2C200","width":350,"height":200,"srcset":"https:\/\/i0.wp.com\/www.24baires.com\/wp-content\/uploads\/2013\/07\/alicia-insaurralde-junin.jpg?resize=350%2C200 1x, https:\/\/i0.wp.com\/www.24baires.com\/wp-content\/uploads\/2013\/07\/alicia-insaurralde-junin.jpg?resize=525%2C300 1.5x"},"classes":[]},{"id":4576,"url":"https:\/\/www.24baires.com\/?p=4576","url_meta":{"origin":1753,"position":2},"title":"Rutas bonaerenses: es alarmante el estado en el que est\u00e1n","author":"AF","date":"06\/11\/2012","format":false,"excerpt":"Unos 98 millones de pesos fueron destinados a la construcci\u00f3n de esta v\u00eda, que \"une\" la cabecera del partido bonaerense de General Pinto y la localidad de Germania. La ruta se llama \"N\u00e9stor Kirchner\", y fue inaugurada el 15 de octubre pasado, en un acto v\u00eda teleconferencia entre la presidenta\u2026","rel":"","context":"En \u00abLocales\u00bb","block_context":{"text":"Locales","link":"https:\/\/www.24baires.com\/?cat=38"},"img":{"alt_text":"","src":"https:\/\/i0.wp.com\/www.24baires.com\/wp-content\/uploads\/2012\/11\/ruta-50.jpg?resize=350%2C200","width":350,"height":200,"srcset":"https:\/\/i0.wp.com\/www.24baires.com\/wp-content\/uploads\/2012\/11\/ruta-50.jpg?resize=350%2C200 1x, https:\/\/i0.wp.com\/www.24baires.com\/wp-content\/uploads\/2012\/11\/ruta-50.jpg?resize=525%2C300 1.5x"},"classes":[]},{"id":31948,"url":"https:\/\/www.24baires.com\/?p=31948","url_meta":{"origin":1753,"position":3},"title":"Collia inaugur\u00f3 un piso \u00abmodelo\u00bb para internaci\u00f3n en el Hospital Alende de Mar del Plata","author":"AF","date":"16\/09\/2013","format":false,"excerpt":"Con la presencia del ministro de Salud de la provincia de Buenos Aires, Alejandro Collia, qued\u00f3 inaugurado este jueves, el cuarto piso del Hospital Interzonal General de Agudos (HIGA) \u201cDr.Oscar Alende\u201d de la ciudad de Mar del Plata. Junto a la directora del nosocomio, Susana Gom\u00e9z, Collia expres\u00f3 su satisfacci\u00f3n\u2026","rel":"","context":"En \u00abLocales\u00bb","block_context":{"text":"Locales","link":"https:\/\/www.24baires.com\/?cat=38"},"img":{"alt_text":"collia adela gomez","src":"https:\/\/i0.wp.com\/www.24baires.com\/wp-content\/uploads\/2013\/09\/collia-adela-gomez-300x199.jpg?resize=350%2C200","width":350,"height":200},"classes":[]},{"id":26600,"url":"https:\/\/www.24baires.com\/?p=26600","url_meta":{"origin":1753,"position":4},"title":"Collia asegura que \u201chay un 30% menos de casos de gripe que el a\u00f1o pasado\u201d","author":"AF","date":"22\/06\/2013","format":false,"excerpt":"As\u00ed lo informo el ministro de Salud bonaerense, y aclar\u00f3 que las muertes producidas se debieron a que \u201cten\u00edan enfermedades previas y no se hab\u00edan vacunado\u201d. Tras inaugurar la nueva sala de traumatolog\u00eda y kinesiolog\u00eda del Hospital Interzonal Especializado Materno Infantil (HIEMI) de Mar de Plata, Collia dijo que \u201ctodas\u2026","rel":"","context":"En \u00abSociedad\u00bb","block_context":{"text":"Sociedad","link":"https:\/\/www.24baires.com\/?cat=1"},"img":{"alt_text":"","src":"","width":0,"height":0},"classes":[]},{"id":56987,"url":"https:\/\/www.24baires.com\/?p=56987","url_meta":{"origin":1753,"position":5},"title":"Hurlingham: comenz\u00f3 la construcci\u00f3n de una Unidad de Pronta Atenci\u00f3n","author":"AF","date":"12\/11\/2014","format":false,"excerpt":"Se inaugurar\u00e1 dentro de menos de\u00a0cuatro meses. El ministro Collia destac\u00f3 la importancia de las UPA para vecinos, hospitales y unidades sanitarias. El ministro de Salud bonaerense, Alejandro Collia, asegur\u00f3 que la Unidadde Pronta Atenci\u00f3n (UPA) de Hurlingham estar\u00e1 funcionando en febrero o marzo. Dijo \u201choy se inicia la construcci\u00f3n\u201d\u2026","rel":"","context":"En \u00abLocales\u00bb","block_context":{"text":"Locales","link":"https:\/\/www.24baires.com\/?cat=38"},"img":{"alt_text":"Collia","src":"https:\/\/i0.wp.com\/www.24baires.com\/wp-content\/uploads\/2012\/11\/Collia.jpg?resize=350%2C200","width":350,"height":200,"srcset":"https:\/\/i0.wp.com\/www.24baires.com\/wp-content\/uploads\/2012\/11\/Collia.jpg?resize=350%2C200 1x, https:\/\/i0.wp.com\/www.24baires.com\/wp-content\/uploads\/2012\/11\/Collia.jpg?resize=525%2C300 1.5x"},"classes":[]}],"jetpack_sharing_enabled":true,"jetpack_likes_enabled":true,"_links":{"self":[{"href":"https:\/\/www.24baires.com\/index.php?rest_route=\/wp\/v2\/posts\/1753","targetHints":{"allow":["GET"]}}],"collection":[{"href":"https:\/\/www.24baires.com\/index.php?rest_route=\/wp\/v2\/posts"}],"about":[{"href":"https:\/\/www.24baires.com\/index.php?rest_route=\/wp\/v2\/types\/post"}],"author":[{"embeddable":true,"href":"https:\/\/www.24baires.com\/index.php?rest_route=\/wp\/v2\/users\/4"}],"replies":[{"embeddable":true,"href":"https:\/\/www.24baires.com\/index.php?rest_route=%2Fwp%2Fv2%2Fcomments&post=1753"}],"version-history":[{"count":0,"href":"https:\/\/www.24baires.com\/index.php?rest_route=\/wp\/v2\/posts\/1753\/revisions"}],"wp:attachment":[{"href":"https:\/\/www.24baires.com\/index.php?rest_route=%2Fwp%2Fv2%2Fmedia&parent=1753"}],"wp:term":[{"taxonomy":"category","embeddable":true,"href":"https:\/\/www.24baires.com\/index.php?rest_route=%2Fwp%2Fv2%2Fcategories&post=1753"},{"taxonomy":"post_tag","embeddable":true,"href":"https:\/\/www.24baires.com\/index.php?rest_route=%2Fwp%2Fv2%2Ftags&post=1753"}],"curies":[{"name":"wp","href":"https:\/\/api.w.org\/{rel}","templated":true}]}}