{"id":17513,"date":"2013-03-05T12:00:41","date_gmt":"2013-03-05T15:00:41","guid":{"rendered":"http:\/\/www.24baires.com\/?p=17513"},"modified":"2013-03-05T12:38:19","modified_gmt":"2013-03-05T15:38:19","slug":"sabbatella-clarisimo-nadie-tiene-coronita-las-reglas-son-parejas","status":"publish","type":"post","link":"https:\/\/www.24baires.com\/?p=17513","title":{"rendered":"Sabbatella, clar\u00edsimo: \u00abNadie tiene coronita, las reglas son parejas\u00bb"},"content":{"rendered":"<p>El titular de la Autoridad Federal de Servicios de Comunicaci\u00f3n Audiovisual (Afsca), Mart\u00edn Sabbatella, asegur\u00f3 hoy que la venta de medios del grupo Hadad al grupo Indalo, aprobada por ese organismo, \u00abse ajusta perfectamente a la ley\u00bb porque se enmarca en el plan de adecuaci\u00f3n, e insisti\u00f3 con que \u00ablas reglas son parejas\u00bb y \u00abnadie tiene coronita\u00bb.<!--more--><br \/>\n\u00abLas licencias son intransferibles a futuro, pero excepcionalmente, a los efectos de la adecuaci\u00f3n establecida por la Ley de Servicios de Comunicaci\u00f3n Audiovisual, se pueden vender y transferir, sino, no se podr\u00eda hacer la adecuaci\u00f3n\u00bb, explic\u00f3 Sabbatella en declaraciones formuladas a la se\u00f1al de cable C5N.<\/p>\n<p>All\u00ed, plante\u00f3 que, a la luz de los argumentos esgrimidos por Marcelo Stubrin en su voto en disidencia en el directorio del AFSCA, el radical deber\u00eda impulsar una modificaci\u00f3n de la ley, pero sostuvo que la norma debe aplicarse \u00abdel mismo modo para todo el mundo\u00bb tal como fue sancionada por el Congreso.<\/p>\n<p>\u00abStubrin dice que es injusto y que habr\u00eda que modificar la ley. Si a \u00e9l no le gusta, puede modificarla y, si lo logra, la autoridad de aplicaci\u00f3n entonces tendr\u00eda que aplicarla con su modificatoria. Las reglas son parejas y nadie tiene coronita\u00bb, enfatiz\u00f3 el titular del AFSCA.<\/p>\n<p>En la entrevista, Sabbatella sostuvo que \u00abtodas las empresas excepto el Grupo Clar\u00edn est\u00e1n trabajando con el AFSCA con sus planes de adecuaci\u00f3n\u00bb y precis\u00f3 que \u00abya son siete los aprobados\u00bb, entre ellos el que comprende la venta de licencias que eran del grupo encabezado por Daniel Hadad al Grupo Indalo.<\/p>\n<p>En este sentido, precis\u00f3 que, ahora, el Grupo Indalo \u00abtiene treinta d\u00edas para informar cu\u00e1les son los compradores de las dos FM de las que se tiene que desprender y de un sistema de suscripci\u00f3n UHF\u00bb.<\/p>\n<p>Por otro lado, Sabbatella sali\u00f3 al cruce de informaci\u00f3n publicada hoy en los diarios Clar\u00edn y la Naci\u00f3n que daban cuenta de supuestas incompatibilidades en las que estar\u00eda incurriendo el Grupo Indalo en el marco de la implementaci\u00f3n del plan de adecuaci\u00f3n.<\/p>\n<p>\u00abLa incompatibilidad que establece la ley (de Servicios de Comunicaci\u00f3n Audiovisual) es con relaci\u00f3n a servicios p\u00fablicos y el Grupo Indalo declara haberse desprendido de la recolecci\u00f3n de residuos de Comodoro Rivadavia\u00bb, afirm\u00f3 Sabbatella, quien afirm\u00f3 que \u00abmalintencionadamente\u00bb esos dos diarios \u00abhablan de otras actividades econ\u00f3micas\u00bb que no est\u00e1n vedadas por la norma.<\/p>\n<p>En otro orden, el titular del AFSCA sostuvo que \u00abla ley obligaba al Grupo Hadad a desprenderse de licencias por estar excedido\u00bb y asever\u00f3 que el Estado \u00abno elige a qui\u00e9n le venden sino que lo que hace es hacer cumplir la ley\u00bb.<\/p>\n<p>\u00abEl Estado no elige a los due\u00f1os de los medios. En el caso de la transferencia de oficio, incluso, no es el Estado el que decide sino que se concursa. Nunca el Estado es el que decide qui\u00e9n va a ser el titular de un medio u otro, o sobre los contenidos\u00bb, especific\u00f3 el funcionario.<\/p>\n<p>Adem\u00e1s, Sabbatella insisti\u00f3 con que \u00abla ley de medios avanza con el plan de adecuaci\u00f3n voluntaria exceptuando el Grupo Clar\u00edn, que desaf\u00eda a las leyes y a la democracia y cree que puede estar por encima de los poderes del Estado\u00bb.<\/p>\n<p>En este sentido, indic\u00f3 que la transferencia de oficio en ese caso se encuentra \u00abfrenada por una medida cautelar\u00bb y dijo que el organismo que encabeza espera que la C\u00e1mara en lo Civil y Comercial \u00abresuelva con la celeridad que le pidi\u00f3 la Corte\u00bb esta causa, aunque record\u00f3 que se trata de un fuero al que le cuestionan \u00absu relaci\u00f3n con el Grupo Clar\u00edn\u00bb.<\/p>\n<p>\u00abCreemos que una parte de la Justicia no est\u00e1 en condiciones de enfrentar los intereses corporativos porque est\u00e1 colonizada por ellos. Seguramente esto termine en la Corte\u00bb, sostuvo Sabbatella, quien entendi\u00f3 que \u00abla democracia argentina necesita que esto se resuelva\u00bb.<\/p>\n<p>&nbsp;<\/p>\n<p>&nbsp;<\/p>\n<p>&nbsp;<\/p>\n<p>&nbsp;<\/p>\n<p>&nbsp;<\/p>\n<p>&nbsp;<\/p>\n<p>&nbsp;<\/p>\n<p>&nbsp;<\/p>\n<p>&nbsp;<\/p>\n<p>&nbsp;<\/p>\n<p>&nbsp;<\/p>\n<p>&nbsp;<\/p>\n<p>&nbsp;<\/p>\n","protected":false},"excerpt":{"rendered":"<p>El titular de la Autoridad Federal de Servicios de Comunicaci\u00f3n Audiovisual (Afsca), Mart\u00edn Sabbatella, asegur\u00f3 hoy que la venta de medios del grupo Hadad al grupo Indalo, aprobada por ese organismo, \u00abse ajusta perfectamente a la ley\u00bb porque se enmarca en el plan de adecuaci\u00f3n, e insisti\u00f3 con que \u00ablas reglas son parejas\u00bb y \u00abnadie tiene coronita\u00bb.<\/p>\n","protected":false},"author":4,"featured_media":0,"comment_status":"open","ping_status":"open","sticky":false,"template":"","format":"standard","meta":{"_jetpack_newsletter_access":"","_jetpack_dont_email_post_to_subs":false,"_jetpack_newsletter_tier_id":0,"_jetpack_memberships_contains_paywalled_content":false,"_jetpack_memberships_contains_paid_content":false,"footnotes":""},"categories":[54],"tags":[],"class_list":["post-17513","post","type-post","status-publish","format-standard","hentry","category-medios"],"jetpack_featured_media_url":"","jetpack_shortlink":"https:\/\/wp.me\/p2JWE0-4yt","jetpack-related-posts":[{"id":7722,"url":"https:\/\/www.24baires.com\/?p=7722","url_meta":{"origin":17513,"position":0},"title":"7D: El \u00faltimo plazo para adecuarse es a la medianoche del viernes","author":"Grupo Sierra","date":"03\/12\/2012","format":false,"excerpt":"El titular de la Afsca precis\u00f3 que presentaron su adecuaci\u00f3n a la ley de medios \"14 grupos de los 21 que ten\u00edan que hacerlo\" y reafirm\u00f3 que \"la fecha l\u00edmite\" para \"sigue siendo el 7 de diciembre\".\u00a0 \u00a0 \u00a0 \"Esperamos que en estos d\u00edas se complete y estamos convencidos de\u2026","rel":"","context":"En \u00abMedios\u00bb","block_context":{"text":"Medios","link":"https:\/\/www.24baires.com\/?cat=54"},"img":{"alt_text":"","src":"","width":0,"height":0},"classes":[]},{"id":36157,"url":"https:\/\/www.24baires.com\/?p=36157","url_meta":{"origin":17513,"position":1},"title":"\u00abLa ley de Medios afirma que en Argentina nadie tiene coronita\u00bb","author":"AF","date":"03\/12\/2013","format":false,"excerpt":"Lo asever\u00f3 el titular de la Afsca, Mart\u00edn Sabbatella, quien precis\u00f3 que \"recibimos como corresponde los 40 proyectos de adecuaci\u00f3n y est\u00e1n en la etapa de evaluaci\u00f3n\". Dijo que \"se revisar\u00e1n a fin de a\u00f1o por el directorio y se podr\u00e1n aceptar o denegar seg\u00fan corresponda\". Tras ser ratificado al\u2026","rel":"","context":"En \u00abMedios\u00bb","block_context":{"text":"Medios","link":"https:\/\/www.24baires.com\/?cat=54"},"img":{"alt_text":"","src":"","width":0,"height":0},"classes":[]},{"id":34725,"url":"https:\/\/www.24baires.com\/?p=34725","url_meta":{"origin":17513,"position":2},"title":"\u00abAfsca a\u00fan no opin\u00f3 sobre el contenido del plan del Grupo Clar\u00edn\u201d","author":"AF","date":"06\/11\/2013","format":false,"excerpt":"El titular de la Autoridad Federal de Servicios de Comunicaci\u00f3n Audiovisual consider\u00f3 \"un paso muy importante\" que \"todos los grupos de medios en Argentina\" hayan presentado ya sus procesos de adecuaci\u00f3n a la ley y aclar\u00f3 que el organismo \"a\u00fan no opin\u00f3 sobre el contenido\" de la propuesta presentada por\u2026","rel":"","context":"En \u00abMedios\u00bb","block_context":{"text":"Medios","link":"https:\/\/www.24baires.com\/?cat=54"},"img":{"alt_text":"afsca cordoba","src":"https:\/\/i0.wp.com\/www.24baires.com\/wp-content\/uploads\/2013\/02\/afsca-cordoba-300x200.jpg?resize=350%2C200","width":350,"height":200},"classes":[]},{"id":783,"url":"https:\/\/www.24baires.com\/?p=783","url_meta":{"origin":17513,"position":3},"title":"\u00abTodos sin ninguna excepci\u00f3n tienen que cumplir la Ley\u00bb de medios","author":"Grupo Sierra","date":"01\/10\/2012","format":false,"excerpt":"El flamante titular de la Autoridad Federal de Servicios de Comunicaci\u00f3n Audiovisual (AFSCA), Mart\u00edn Sabbatella, asegur\u00f3 que \"todos, sin excepci\u00f3n, tendr\u00e1n que cumplir la ley\" de medios. Sabbatella afirm\u00f3 hoy que el 7 de diciembre pr\u00f3ximo \"vence el plazo para que se ponga en marcha el proceso de adecuaci\u00f3n a\u2026","rel":"","context":"En \u00abMedios\u00bb","block_context":{"text":"Medios","link":"https:\/\/www.24baires.com\/?cat=54"},"img":{"alt_text":"","src":"","width":0,"height":0},"classes":[]},{"id":37222,"url":"https:\/\/www.24baires.com\/?p=37222","url_meta":{"origin":17513,"position":4},"title":"Sabbatella dijo sobre Clar\u00edn: \u00abno se puede cumplir con un pedacito de la ley\u00bb","author":"GB","date":"20\/12\/2013","format":false,"excerpt":"El titular de la Autoridad Federal de Servicios de Comunicaci\u00f3n Audiovisual (AFSCA), Mart\u00edn Sabbatella, dijo hoy que \u201cno se puede presentar un plan de adecuaci\u00f3n mostrando voluntad de cumplir la ley cuando no lo est\u00e1n haciendo en otros aspectos de esa misma norma\u201d, y grafic\u00f3 que \u201cno se puede cumplir\u2026","rel":"","context":"En \u00abMedios\u00bb","block_context":{"text":"Medios","link":"https:\/\/www.24baires.com\/?cat=54"},"img":{"alt_text":"sabbatella post fallo","src":"https:\/\/i0.wp.com\/www.24baires.com\/wp-content\/uploads\/2012\/12\/sabbatella-post-fallo-300x200.jpg?resize=350%2C200","width":350,"height":200},"classes":[]},{"id":38880,"url":"https:\/\/www.24baires.com\/?p=38880","url_meta":{"origin":17513,"position":5},"title":"Sabbatella: \u00abClar\u00edn empez\u00f3 a entender que la Argentina tiene reglas y debe cumplirlas\u00bb","author":"GB","date":"20\/01\/2014","format":false,"excerpt":"El titular de la Afsca, Mart\u00edn Sabbatella, afirm\u00f3 que \"si Clar\u00edn realmente quiere estar adentro de la ley (de Servicios de Comunicaci\u00f3n Audiovisual) tiene que adecuar la grilla de su sistema de cable\". \"Sin cumplimiento de la grilla no hay plan de adecuaci\u00f3n posible. Somos muy claros en ese tema.\u2026","rel":"","context":"En \u00abMedios\u00bb","block_context":{"text":"Medios","link":"https:\/\/www.24baires.com\/?cat=54"},"img":{"alt_text":"sabbatella post fallo","src":"https:\/\/i0.wp.com\/www.24baires.com\/wp-content\/uploads\/2012\/12\/sabbatella-post-fallo-300x200.jpg?resize=350%2C200","width":350,"height":200},"classes":[]}],"jetpack_sharing_enabled":true,"jetpack_likes_enabled":true,"_links":{"self":[{"href":"https:\/\/www.24baires.com\/index.php?rest_route=\/wp\/v2\/posts\/17513","targetHints":{"allow":["GET"]}}],"collection":[{"href":"https:\/\/www.24baires.com\/index.php?rest_route=\/wp\/v2\/posts"}],"about":[{"href":"https:\/\/www.24baires.com\/index.php?rest_route=\/wp\/v2\/types\/post"}],"author":[{"embeddable":true,"href":"https:\/\/www.24baires.com\/index.php?rest_route=\/wp\/v2\/users\/4"}],"replies":[{"embeddable":true,"href":"https:\/\/www.24baires.com\/index.php?rest_route=%2Fwp%2Fv2%2Fcomments&post=17513"}],"version-history":[{"count":2,"href":"https:\/\/www.24baires.com\/index.php?rest_route=\/wp\/v2\/posts\/17513\/revisions"}],"predecessor-version":[{"id":17515,"href":"https:\/\/www.24baires.com\/index.php?rest_route=\/wp\/v2\/posts\/17513\/revisions\/17515"}],"wp:attachment":[{"href":"https:\/\/www.24baires.com\/index.php?rest_route=%2Fwp%2Fv2%2Fmedia&parent=17513"}],"wp:term":[{"taxonomy":"category","embeddable":true,"href":"https:\/\/www.24baires.com\/index.php?rest_route=%2Fwp%2Fv2%2Fcategories&post=17513"},{"taxonomy":"post_tag","embeddable":true,"href":"https:\/\/www.24baires.com\/index.php?rest_route=%2Fwp%2Fv2%2Ftags&post=17513"}],"curies":[{"name":"wp","href":"https:\/\/api.w.org\/{rel}","templated":true}]}}