{"id":17511,"date":"2013-03-05T12:33:07","date_gmt":"2013-03-05T15:33:07","guid":{"rendered":"http:\/\/www.24baires.com\/?p=17511"},"modified":"2013-03-05T12:33:07","modified_gmt":"2013-03-05T15:33:07","slug":"la-feb-adelanto-que-no-aceptara-una-suba-salarial-del-22","status":"publish","type":"post","link":"https:\/\/www.24baires.com\/?p=17511","title":{"rendered":"La FEB adelant\u00f3 que no aceptar\u00e1 una suba salarial del 22%"},"content":{"rendered":"<p><img data-recalc-dims=\"1\" loading=\"lazy\" decoding=\"async\" class=\"alignleft size-full wp-image-2385\" alt=\"petrocini\" src=\"https:\/\/i0.wp.com\/www.24baires.com\/wp-content\/uploads\/2012\/10\/petrocini.png?resize=250%2C175\" width=\"250\" height=\"175\" \/>Ante los dichos del gobernador Scioli de \u201chacer todos los esfuerzos para llegar a un 22% de aumento de salario docente\u201d; la presidente de FEB, Mirta Petrocini, anticip\u00f3 que \u201csi la propuesta del gobierno provincial es del 22%, la vamos a rechazar categ\u00f3ricamente\u201d.<!--more--><\/p>\n<p>Tambi\u00e9n enfatiz\u00f3 \u201cpara esto nos ped\u00eda paciencia, para darnos una oferta que fue impuesta y rechazada a nivel nacional\u201d y agreg\u00f3 \u201csin dudas este tipo de declaraciones no hacen m\u00e1s que echarle nafta al fuego.\u201d<\/p>\n<p>&nbsp;<\/p>\n<p>&nbsp;<\/p>\n<p>&nbsp;<\/p>\n<p>&nbsp;<\/p>\n<p>&nbsp;<\/p>\n<p>&nbsp;<\/p>\n<p>&nbsp;<\/p>\n<p>&nbsp;<\/p>\n<p>&nbsp;<\/p>\n<p>&nbsp;<\/p>\n<p>&nbsp;<\/p>\n<p>&nbsp;<\/p>\n<p>&nbsp;<\/p>\n<p>&nbsp;<\/p>\n<p>&nbsp;<\/p>\n<p>&nbsp;<\/p>\n<p>&nbsp;<\/p>\n<p>&nbsp;<\/p>\n","protected":false},"excerpt":{"rendered":"<p>Ante los dichos del gobernador Scioli de \u201chacer todos los esfuerzos para llegar a un 22% de aumento de salario docente\u201d; la presidente de FEB, Mirta Petrocini, anticip\u00f3 que \u201csi la propuesta del gobierno provincial es del 22%, la vamos a rechazar categ\u00f3ricamente\u201d.<\/p>\n","protected":false},"author":4,"featured_media":0,"comment_status":"open","ping_status":"open","sticky":false,"template":"","format":"standard","meta":{"_jetpack_newsletter_access":"","_jetpack_dont_email_post_to_subs":false,"_jetpack_newsletter_tier_id":0,"_jetpack_memberships_contains_paywalled_content":false,"_jetpack_memberships_contains_paid_content":false,"footnotes":""},"categories":[1],"tags":[],"class_list":["post-17511","post","type-post","status-publish","format-standard","hentry","category-sociedad"],"jetpack_featured_media_url":"","jetpack_shortlink":"https:\/\/wp.me\/p2JWE0-4yr","jetpack-related-posts":[{"id":114308,"url":"https:\/\/www.24baires.com\/?p=114308","url_meta":{"origin":17511,"position":0},"title":"La FEB reclam\u00f3 a Kicillof que reabra la paritaria docente","author":"GB","date":"05\/03\/2020","format":false,"excerpt":"El gremio que conduce Mirta Petrocini, y que rechaz\u00f3 la oferta del Gobierno bonaerense, se present\u00f3 ante el Ministerio de Trabajo con el reclamo. La Federaci\u00f3n de Educadores Bonaerenses (FEB), el gremio que conduce Mirta Petrocini, reclam\u00f3 a instancias del Ministerio de Trabajo la reapertura de la paritaria docente, clausurada\u2026","rel":"","context":"En \u00abProvincia\u00bb","block_context":{"text":"Provincia","link":"https:\/\/www.24baires.com\/?cat=40"},"img":{"alt_text":"","src":"https:\/\/i0.wp.com\/www.24baires.com\/wp-content\/uploads\/2014\/02\/docentes-bonaerenses.jpg?resize=350%2C200","width":350,"height":200,"srcset":"https:\/\/i0.wp.com\/www.24baires.com\/wp-content\/uploads\/2014\/02\/docentes-bonaerenses.jpg?resize=350%2C200 1x, https:\/\/i0.wp.com\/www.24baires.com\/wp-content\/uploads\/2014\/02\/docentes-bonaerenses.jpg?resize=525%2C300 1.5x"},"classes":[]},{"id":122289,"url":"https:\/\/www.24baires.com\/?p=122289","url_meta":{"origin":17511,"position":1},"title":"Docentes bonaeresenes paran pese a la concicliaci\u00f3n obligatoria","author":"GB","date":"20\/05\/2025","format":false,"excerpt":"Las clases en las escuelas p\u00fablicas de toda la provincia de Buenos Aires se ver\u00e1n opacadas hoy por el paro convocado por un gremio docente. Aunque el gobierno bonaerense dict\u00f3 la conciliaci\u00f3n obligatoria, la Federaci\u00f3n de Educadores Bonaerenses (FEB) ratific\u00f3 el paro de docentes convocado para este martes. Las clases\u2026","rel":"","context":"En \u00abProvincia\u00bb","block_context":{"text":"Provincia","link":"https:\/\/www.24baires.com\/?cat=40"},"img":{"alt_text":"","src":"https:\/\/i0.wp.com\/www.24baires.com\/wp-content\/uploads\/2013\/02\/aula-vac%C3%ADa.jpg?resize=350%2C200","width":350,"height":200,"srcset":"https:\/\/i0.wp.com\/www.24baires.com\/wp-content\/uploads\/2013\/02\/aula-vac%C3%ADa.jpg?resize=350%2C200 1x, https:\/\/i0.wp.com\/www.24baires.com\/wp-content\/uploads\/2013\/02\/aula-vac%C3%ADa.jpg?resize=525%2C300 1.5x, https:\/\/i0.wp.com\/www.24baires.com\/wp-content\/uploads\/2013\/02\/aula-vac%C3%ADa.jpg?resize=700%2C400 2x"},"classes":[]},{"id":17558,"url":"https:\/\/www.24baires.com\/?p=17558","url_meta":{"origin":17511,"position":2},"title":"Este jueves vuelven a la mesa de negociaci\u00f3n salarial docentes y estatales bonaerense","author":"AF","date":"05\/03\/2013","format":false,"excerpt":"Fueron convocados por el ministro de Trabajo, Oscar Cuartango, en la segunda jornada de medidas de fuerza de ambos sectores. A los maestros, que piden un 30 por ciento, Scioli ya les adelant\u00f3 que ofrecer\u00e1 un 22 de aumento, cifra que los gremios rechazaron de plano. Los trabajadores de ATE,\u2026","rel":"","context":"En \u00abSociedad\u00bb","block_context":{"text":"Sociedad","link":"https:\/\/www.24baires.com\/?cat=1"},"img":{"alt_text":"de luc\u00eda docentes","src":"https:\/\/i0.wp.com\/www.24baires.com\/wp-content\/uploads\/2013\/03\/de-luc%C3%ADa-docentes.jpg?resize=350%2C200","width":350,"height":200,"srcset":"https:\/\/i0.wp.com\/www.24baires.com\/wp-content\/uploads\/2013\/03\/de-luc%C3%ADa-docentes.jpg?resize=350%2C200 1x, https:\/\/i0.wp.com\/www.24baires.com\/wp-content\/uploads\/2013\/03\/de-luc%C3%ADa-docentes.jpg?resize=525%2C300 1.5x"},"classes":[]},{"id":40904,"url":"https:\/\/www.24baires.com\/?p=40904","url_meta":{"origin":17511,"position":3},"title":"Paritarias: los docentes de la Provincia tambi\u00e9n rechazaron el 22%","author":"GB","date":"22\/02\/2014","format":false,"excerpt":"Desde la FEB manifestaron su rechazo a la oferta escalonada -que anualizada no llega al 22 por ciento- y piden agilizar los tiempos. \u201cEl Gobierno nacional sigue dilatando la negociaci\u00f3n con los docentes\u201d, plante\u00f3 su titular, Mirta Petrocini. Expectativas por la inminente convocatoria a paritarias, sin fecha todav\u00eda. El desacuerdo\u2026","rel":"","context":"En \u00abPoliciales\u00bb","block_context":{"text":"Policiales","link":"https:\/\/www.24baires.com\/?cat=49"},"img":{"alt_text":"docentes bonaerenses","src":"https:\/\/i0.wp.com\/www.24baires.com\/wp-content\/uploads\/2014\/02\/docentes-bonaerenses.jpg?resize=350%2C200","width":350,"height":200,"srcset":"https:\/\/i0.wp.com\/www.24baires.com\/wp-content\/uploads\/2014\/02\/docentes-bonaerenses.jpg?resize=350%2C200 1x, https:\/\/i0.wp.com\/www.24baires.com\/wp-content\/uploads\/2014\/02\/docentes-bonaerenses.jpg?resize=525%2C300 1.5x"},"classes":[]},{"id":17746,"url":"https:\/\/www.24baires.com\/?p=17746","url_meta":{"origin":17511,"position":4},"title":"Conflicto docente: la FEB anunci\u00f3 96 horas de paro y movilizaciones","author":"AF","date":"07\/03\/2013","format":false,"excerpt":"Lo definieron en un congreso extraordinario. Esperan consensuar la medida de fuerza con el resto de los representantes del Frente Gremial. La dirigente Mirta Petrocini acus\u00f3 al Gobierno provincial de \u201cdilatar los tiempos y ofrecer sumas que son inadmisibles\u201d y advirti\u00f3 que \u201cel plan de lucha podr\u00eda ser a\u00fan m\u00e1s\u2026","rel":"","context":"En \u00abSociedad\u00bb","block_context":{"text":"Sociedad","link":"https:\/\/www.24baires.com\/?cat=1"},"img":{"alt_text":"petrocini","src":"https:\/\/i0.wp.com\/www.24baires.com\/wp-content\/uploads\/2012\/10\/petrocini.png?resize=350%2C200","width":350,"height":200},"classes":[]},{"id":17509,"url":"https:\/\/www.24baires.com\/?p=17509","url_meta":{"origin":17511,"position":5},"title":"Scioli dijo que har\u00e1n \u00ablo posible\u00bb para alcanzar el 22% de aumento para Docentes","author":"AF","date":"05\/03\/2013","format":false,"excerpt":"El gobernador Daniel Scioli afirm\u00f3 este martes que su gobierno har\u00e1 \"lo posible para poder alcanzar el 22 por ciento\" fijado en el plano nacional para la paritaria docente y precis\u00f3 que la nueva propuesta a los representantes gremiales se concretar\u00e1 \"en la pr\u00f3xima reuni\u00f3n\". En ese sentido, el gobernador\u2026","rel":"","context":"En \u00abSociedad\u00bb","block_context":{"text":"Sociedad","link":"https:\/\/www.24baires.com\/?cat=1"},"img":{"alt_text":"","src":"","width":0,"height":0},"classes":[]}],"jetpack_sharing_enabled":true,"jetpack_likes_enabled":true,"_links":{"self":[{"href":"https:\/\/www.24baires.com\/index.php?rest_route=\/wp\/v2\/posts\/17511","targetHints":{"allow":["GET"]}}],"collection":[{"href":"https:\/\/www.24baires.com\/index.php?rest_route=\/wp\/v2\/posts"}],"about":[{"href":"https:\/\/www.24baires.com\/index.php?rest_route=\/wp\/v2\/types\/post"}],"author":[{"embeddable":true,"href":"https:\/\/www.24baires.com\/index.php?rest_route=\/wp\/v2\/users\/4"}],"replies":[{"embeddable":true,"href":"https:\/\/www.24baires.com\/index.php?rest_route=%2Fwp%2Fv2%2Fcomments&post=17511"}],"version-history":[{"count":1,"href":"https:\/\/www.24baires.com\/index.php?rest_route=\/wp\/v2\/posts\/17511\/revisions"}],"predecessor-version":[{"id":17512,"href":"https:\/\/www.24baires.com\/index.php?rest_route=\/wp\/v2\/posts\/17511\/revisions\/17512"}],"wp:attachment":[{"href":"https:\/\/www.24baires.com\/index.php?rest_route=%2Fwp%2Fv2%2Fmedia&parent=17511"}],"wp:term":[{"taxonomy":"category","embeddable":true,"href":"https:\/\/www.24baires.com\/index.php?rest_route=%2Fwp%2Fv2%2Fcategories&post=17511"},{"taxonomy":"post_tag","embeddable":true,"href":"https:\/\/www.24baires.com\/index.php?rest_route=%2Fwp%2Fv2%2Ftags&post=17511"}],"curies":[{"name":"wp","href":"https:\/\/api.w.org\/{rel}","templated":true}]}}