{"id":17509,"date":"2013-03-05T09:00:56","date_gmt":"2013-03-05T12:00:56","guid":{"rendered":"http:\/\/www.24baires.com\/?p=17509"},"modified":"2013-03-05T12:30:04","modified_gmt":"2013-03-05T15:30:04","slug":"scioli-dijo-que-haran-lo-posible-para-alcanzar-el-22-de-aumento-para-docentes","status":"publish","type":"post","link":"https:\/\/www.24baires.com\/?p=17509","title":{"rendered":"Scioli dijo que har\u00e1n \u00ablo posible\u00bb para alcanzar el 22% de aumento para Docentes"},"content":{"rendered":"<p>El gobernador Daniel Scioli afirm\u00f3 este martes que su gobierno har\u00e1 \u00ablo posible para poder alcanzar el 22 por ciento\u00bb fijado en el plano nacional para la paritaria docente y precis\u00f3 que la nueva propuesta a los representantes gremiales se concretar\u00e1 \u00aben la pr\u00f3xima reuni\u00f3n\u00bb.<!--more--><\/p>\n<p>En ese sentido, el gobernador manifest\u00f3 que van a hacer \u00abel m\u00e1ximo esfuerzo\u201d.<\/p>\n<p>Por otra parte, mientras esperan la convocatoria oficial, los docentes del Frente Gremial Docente que lideran FEB y Suteba -y que tambi\u00e9n integran UDA, Amet y los privados de Sadop- y los maestros de Udocba, un gremio nucleado en la CGT, realizar\u00e1n hoy el segund\u00f3 d\u00eda de paro.<\/p>\n<p>Los gremios continuar\u00e1n de esta manera con las medidas iniciadas la semana pasada luego de que, el mi\u00e9rcoles \u00faltimo, el gobierno de Scioli les ofreciera una suba salarial -la primera del a\u00f1o- del 17,8 en tres veces que fue r\u00e1pidamente rechazada y tildada de \u00abvergonzosa\u00bb por la dirigencia gremial. Pero en medio de este paro, se conoci\u00f3 que la administraci\u00f3n bonaerense convocar\u00e1 a paritarias a los gremios del sector para formular una \u201c\u00faltima propuesta\u201d salarial aunque no confirm\u00f3 ni la fecha ni en qu\u00e9 consistir\u00eda la oferta.<\/p>\n<p>&nbsp;<\/p>\n<p>&nbsp;<\/p>\n<p>&nbsp;<\/p>\n<p>&nbsp;<\/p>\n<p>&nbsp;<\/p>\n<p>&nbsp;<\/p>\n<p>&nbsp;<\/p>\n<p>&nbsp;<\/p>\n<p>&nbsp;<\/p>\n<p>&nbsp;<\/p>\n<p>&nbsp;<\/p>\n<p>&nbsp;<\/p>\n<p>&nbsp;<\/p>\n<p>&nbsp;<\/p>\n<p>&nbsp;<\/p>\n<p>&nbsp;<\/p>\n<p>&nbsp;<\/p>\n<p>&nbsp;<\/p>\n","protected":false},"excerpt":{"rendered":"<p>El gobernador Daniel Scioli afirm\u00f3 este martes que su gobierno har\u00e1 \u00ablo posible para poder alcanzar el 22 por ciento\u00bb fijado en el plano nacional para la paritaria docente y precis\u00f3 que la nueva propuesta a los representantes gremiales se concretar\u00e1 \u00aben la pr\u00f3xima reuni\u00f3n\u00bb.<\/p>\n","protected":false},"author":4,"featured_media":0,"comment_status":"open","ping_status":"open","sticky":false,"template":"","format":"standard","meta":{"_jetpack_newsletter_access":"","_jetpack_dont_email_post_to_subs":false,"_jetpack_newsletter_tier_id":0,"_jetpack_memberships_contains_paywalled_content":false,"_jetpack_memberships_contains_paid_content":false,"footnotes":""},"categories":[1],"tags":[],"class_list":["post-17509","post","type-post","status-publish","format-standard","hentry","category-sociedad"],"jetpack_featured_media_url":"","jetpack_shortlink":"https:\/\/wp.me\/p2JWE0-4yp","jetpack-related-posts":[{"id":100134,"url":"https:\/\/www.24baires.com\/?p=100134","url_meta":{"origin":17509,"position":0},"title":"La Provincia prev\u00e9 una dura negociaci\u00f3n con los gremios docentes","author":"GB","date":"24\/01\/2018","format":false,"excerpt":"En el gobierno bonaerense afirman que \"no hay ni piso ni techo\" para la paritaria; avanzan en la \"depuraci\u00f3n\" de las afiliaciones de los sindicatos que agrupan a maestros y profesores Volvi\u00f3 descansada y feliz de Villa La Angostura. Ya de regreso en su despacho, Mar\u00eda Eugenia Vidal se pondr\u00e1\u2026","rel":"","context":"En \u00abProvincia\u00bb","block_context":{"text":"Provincia","link":"https:\/\/www.24baires.com\/?cat=40"},"img":{"alt_text":"","src":"https:\/\/i0.wp.com\/www.24baires.com\/wp-content\/uploads\/2017\/11\/docentes.jpg?resize=350%2C200","width":350,"height":200,"srcset":"https:\/\/i0.wp.com\/www.24baires.com\/wp-content\/uploads\/2017\/11\/docentes.jpg?resize=350%2C200 1x, https:\/\/i0.wp.com\/www.24baires.com\/wp-content\/uploads\/2017\/11\/docentes.jpg?resize=525%2C300 1.5x"},"classes":[]},{"id":100804,"url":"https:\/\/www.24baires.com\/?p=100804","url_meta":{"origin":17509,"position":1},"title":"Vidal abre las sesiones ordinarias con el conflicto docente en puerta","author":"GB","date":"01\/03\/2018","format":false,"excerpt":"Una vez m\u00e1s, la mandataria vuelve al Congreso en una disputa con los gremios docentes. En su discurso del a\u00f1o pasado puso como eje central a la educaci\u00f3n La gobernadora de la provincia de Buenos Aires, Mar\u00eda Eugenia Vidal, abrir\u00e1 las sesiones legislativas ordinarias de este a\u00f1o y brindar\u00e1 el\u2026","rel":"","context":"En \u00abProvincia\u00bb","block_context":{"text":"Provincia","link":"https:\/\/www.24baires.com\/?cat=40"},"img":{"alt_text":"","src":"https:\/\/i0.wp.com\/www.24baires.com\/wp-content\/uploads\/2018\/01\/vidal-anuncios.jpg?resize=350%2C200","width":350,"height":200,"srcset":"https:\/\/i0.wp.com\/www.24baires.com\/wp-content\/uploads\/2018\/01\/vidal-anuncios.jpg?resize=350%2C200 1x, https:\/\/i0.wp.com\/www.24baires.com\/wp-content\/uploads\/2018\/01\/vidal-anuncios.jpg?resize=525%2C300 1.5x"},"classes":[]},{"id":8235,"url":"https:\/\/www.24baires.com\/?p=8235","url_meta":{"origin":17509,"position":2},"title":"Scioli se reunir\u00e1 con gremios docentes para reabrir el di\u00e1logo","author":"AF","date":"07\/12\/2012","format":false,"excerpt":"El gobernador Daniel Scioli convoc\u00f3 a los gremios docentes a una reuni\u00f3n que, en principio, se realizar\u00e1 el pr\u00f3ximo lunes a las 11,30. El objetivo del mandatario provincial es propiciar en ese encuentro \u201cla apertura de una mesa de balance del a\u00f1o y de an\u00e1lisis de temas de discusi\u00f3n\u201d. M\u00e1s\u2026","rel":"","context":"En \u00abSociedad\u00bb","block_context":{"text":"Sociedad","link":"https:\/\/www.24baires.com\/?cat=1"},"img":{"alt_text":"","src":"https:\/\/i0.wp.com\/www.24baires.com\/wp-content\/uploads\/2012\/12\/scioli-docentes.jpg?resize=350%2C200","width":350,"height":200,"srcset":"https:\/\/i0.wp.com\/www.24baires.com\/wp-content\/uploads\/2012\/12\/scioli-docentes.jpg?resize=350%2C200 1x, https:\/\/i0.wp.com\/www.24baires.com\/wp-content\/uploads\/2012\/12\/scioli-docentes.jpg?resize=525%2C300 1.5x"},"classes":[]},{"id":105389,"url":"https:\/\/www.24baires.com\/?p=105389","url_meta":{"origin":17509,"position":3},"title":"Vidal prometi\u00f3 \u00abnueva propuesta\u00bb a docentes","author":"GB","date":"12\/11\/2018","format":false,"excerpt":"La gobernadora Mar\u00eda Eugenia Vidal asegur\u00f3 hoy que convocar\u00e1 a los gremios docentes antes de fin de a\u00f1o para hacerles una \"nueva propuesta\". Apunt\u00f3 contra la industria del juego y volvi\u00f3 a negar posible candidatura a presidenta. \"Vamos a volver a convocar a los docentes antes de fin de aa\u00f1o\u2026","rel":"","context":"En \u00abProvincia\u00bb","block_context":{"text":"Provincia","link":"https:\/\/www.24baires.com\/?cat=40"},"img":{"alt_text":"","src":"https:\/\/i0.wp.com\/www.24baires.com\/wp-content\/uploads\/2018\/03\/vidal-1.jpg?resize=350%2C200","width":350,"height":200,"srcset":"https:\/\/i0.wp.com\/www.24baires.com\/wp-content\/uploads\/2018\/03\/vidal-1.jpg?resize=350%2C200 1x, https:\/\/i0.wp.com\/www.24baires.com\/wp-content\/uploads\/2018\/03\/vidal-1.jpg?resize=525%2C300 1.5x"},"classes":[]},{"id":19631,"url":"https:\/\/www.24baires.com\/?p=19631","url_meta":{"origin":17509,"position":4},"title":"Scioli: \u00abSoy un buscador incansable de soluciones\u00bb","author":"AF","date":"29\/03\/2013","format":false,"excerpt":"As\u00ed lo manifest\u00f3 el gobernador a un programa de cable. Asegur\u00f3 que sus energ\u00edas \"no se agotan\" y que es el conflicto salarial que m\u00e1s \"lo conmueve\" porque \"involucra a m\u00e1s de cuatro millones de chicos\". De Luc\u00eda manifest\u00f3 que \"la pr\u00f3xima semana nos vamos a estar encontrando de nuevo\u2026","rel":"","context":"En \u00abPol\u00edtica\u00bb","block_context":{"text":"Pol\u00edtica","link":"https:\/\/www.24baires.com\/?cat=51"},"img":{"alt_text":"scioli tierras","src":"https:\/\/i0.wp.com\/www.24baires.com\/wp-content\/uploads\/2013\/02\/scioli-tierras-300x180.jpg?resize=350%2C200","width":350,"height":200},"classes":[]},{"id":17893,"url":"https:\/\/www.24baires.com\/?p=17893","url_meta":{"origin":17509,"position":5},"title":"Cuartango: \u00abme voy a sentar a negociar con una pistola en la nuca\u00bb","author":"AF","date":"09\/03\/2013","format":false,"excerpt":"El ministro de Trabajo bonaerense, Oscar Cuartango, asegur\u00f3 este s\u00e1bado que la advertencia de nuevas medidas de fuerza lanzadas por los gremios docentes lo har\u00e1 sentarse con \"una pistola en la nuca\" en la nueva ronda de negociaci\u00f3n salarial convocada para el pr\u00f3ximo lunes. \"Ya han decretado un paro de\u2026","rel":"","context":"En \u00abSociedad\u00bb","block_context":{"text":"Sociedad","link":"https:\/\/www.24baires.com\/?cat=1"},"img":{"alt_text":"","src":"","width":0,"height":0},"classes":[]}],"jetpack_sharing_enabled":true,"jetpack_likes_enabled":true,"_links":{"self":[{"href":"https:\/\/www.24baires.com\/index.php?rest_route=\/wp\/v2\/posts\/17509","targetHints":{"allow":["GET"]}}],"collection":[{"href":"https:\/\/www.24baires.com\/index.php?rest_route=\/wp\/v2\/posts"}],"about":[{"href":"https:\/\/www.24baires.com\/index.php?rest_route=\/wp\/v2\/types\/post"}],"author":[{"embeddable":true,"href":"https:\/\/www.24baires.com\/index.php?rest_route=\/wp\/v2\/users\/4"}],"replies":[{"embeddable":true,"href":"https:\/\/www.24baires.com\/index.php?rest_route=%2Fwp%2Fv2%2Fcomments&post=17509"}],"version-history":[{"count":1,"href":"https:\/\/www.24baires.com\/index.php?rest_route=\/wp\/v2\/posts\/17509\/revisions"}],"predecessor-version":[{"id":17510,"href":"https:\/\/www.24baires.com\/index.php?rest_route=\/wp\/v2\/posts\/17509\/revisions\/17510"}],"wp:attachment":[{"href":"https:\/\/www.24baires.com\/index.php?rest_route=%2Fwp%2Fv2%2Fmedia&parent=17509"}],"wp:term":[{"taxonomy":"category","embeddable":true,"href":"https:\/\/www.24baires.com\/index.php?rest_route=%2Fwp%2Fv2%2Fcategories&post=17509"},{"taxonomy":"post_tag","embeddable":true,"href":"https:\/\/www.24baires.com\/index.php?rest_route=%2Fwp%2Fv2%2Ftags&post=17509"}],"curies":[{"name":"wp","href":"https:\/\/api.w.org\/{rel}","templated":true}]}}