{"id":17504,"date":"2013-03-05T11:30:46","date_gmt":"2013-03-05T14:30:46","guid":{"rendered":"http:\/\/www.24baires.com\/?p=17504"},"modified":"2013-03-05T12:25:21","modified_gmt":"2013-03-05T15:25:21","slug":"anunciaron-la-creacion-de-una-departamental-berisso-ensenada","status":"publish","type":"post","link":"https:\/\/www.24baires.com\/?p=17504","title":{"rendered":"Anunciaron la creaci\u00f3n de una Departamental Berisso-Ensenada"},"content":{"rendered":"<p><img data-recalc-dims=\"1\" loading=\"lazy\" decoding=\"async\" class=\"aligncenter size-full wp-image-17506\" alt=\"Casal Secco Slezac\" src=\"https:\/\/i0.wp.com\/www.24baires.com\/wp-content\/uploads\/2013\/03\/Casal-Secco-Slezac.jpg?resize=560%2C371\" width=\"560\" height=\"371\" srcset=\"https:\/\/i0.wp.com\/www.24baires.com\/wp-content\/uploads\/2013\/03\/Casal-Secco-Slezac.jpg?w=560&amp;ssl=1 560w, https:\/\/i0.wp.com\/www.24baires.com\/wp-content\/uploads\/2013\/03\/Casal-Secco-Slezac.jpg?resize=300%2C198&amp;ssl=1 300w\" sizes=\"auto, (max-width: 560px) 100vw, 560px\" \/>El ministro de Justicia y Seguridad, Ricardo Casal, anunci\u00f3 la creaci\u00f3n de una nueva jefatura Departamental que comprende a los municipios de Berisso y Ensenada.<!--more--><\/p>\n<p>Tal medida tiende a optimizar el control operativo de los recursos humanos y log\u00edsticos, y para lograr mayor acercamiento del poder de decisi\u00f3n policial en la intensificaci\u00f3n de la prevenci\u00f3n del delito. Adem\u00e1s, la cartera de Justicia y Seguridad ponder\u00f3 en su creaci\u00f3n el fuerte desarrollo que le imprimir\u00e1 a la regi\u00f3n el nuevo puerto de contenedores.<\/p>\n<p>Asimismo, se designaron nuevos jefes en diversas departamentales: en La Plata, el Crio. Insp. Alberto Domsky; en Mar del Plata, el Crio Myr. Eduardo Quintela; en Quilmes, el Crio. Insp. Fernando Grasso; en Pergamino, el Crio. Insp. Walter Chamut, y en Exaltaci\u00f3n de la Cruz, el Crio. Myr. Enrique Salcedo.<\/p>\n<p>En tanto que en la nueva Jefatura Departamental Berisso-Ensenada fue designado el Crio. Insp. Adri\u00e1n Castelli.<\/p>\n","protected":false},"excerpt":{"rendered":"<p>El ministro de Justicia y Seguridad, Ricardo Casal, anunci\u00f3 la creaci\u00f3n de una nueva jefatura Departamental que comprende a los municipios de Berisso y Ensenada.<\/p>\n","protected":false},"author":4,"featured_media":0,"comment_status":"open","ping_status":"open","sticky":false,"template":"","format":"standard","meta":{"_jetpack_newsletter_access":"","_jetpack_dont_email_post_to_subs":false,"_jetpack_newsletter_tier_id":0,"_jetpack_memberships_contains_paywalled_content":false,"_jetpack_memberships_contains_paid_content":false,"footnotes":""},"categories":[1],"tags":[],"class_list":["post-17504","post","type-post","status-publish","format-standard","hentry","category-sociedad"],"jetpack_featured_media_url":"","jetpack_shortlink":"https:\/\/wp.me\/p2JWE0-4yk","jetpack-related-posts":[{"id":62736,"url":"https:\/\/www.24baires.com\/?p=62736","url_meta":{"origin":17504,"position":0},"title":"Anunciaron la creaci\u00f3n de nuevas superintendencias regionales y departamentales","author":"AF","date":"06\/03\/2015","format":false,"excerpt":"El Ministro de Seguridad, Alejandro Granados, anunci\u00f3 la creaci\u00f3n de nuevas superintendencias regionales y jefaturas departamentales en la Polic\u00eda de la Provincia de Buenos Aires, en el marco de la pol\u00edtica de descentralizaci\u00f3n de la fuerza; y adem\u00e1s dispuso hoy el pase a retiro de oficiales con 34 a\u00f1os de\u2026","rel":"","context":"En \u00abProvincia\u00bb","block_context":{"text":"Provincia","link":"https:\/\/www.24baires.com\/?cat=40"},"img":{"alt_text":"granados","src":"https:\/\/i0.wp.com\/www.24baires.com\/wp-content\/uploads\/2014\/04\/granados1.jpg?resize=350%2C200","width":350,"height":200,"srcset":"https:\/\/i0.wp.com\/www.24baires.com\/wp-content\/uploads\/2014\/04\/granados1.jpg?resize=350%2C200 1x, https:\/\/i0.wp.com\/www.24baires.com\/wp-content\/uploads\/2014\/04\/granados1.jpg?resize=525%2C300 1.5x"},"classes":[]},{"id":65191,"url":"https:\/\/www.24baires.com\/?p=65191","url_meta":{"origin":17504,"position":1},"title":"Granados inaugur\u00f3 sedes policiales en Ezeiza y Ensenada","author":"GB","date":"30\/04\/2015","format":false,"excerpt":"El ministro de Seguridad, Alejandro Granados, puso en marcha las sedes de la Direcci\u00f3n Distrital Antinarc\u00f3tico (D.D.A) en Ezeiza y el Grupo de Apoyo Departamental (G.A.D) de Berisso - Ensenada, y sostuvo que \u201ccuando Daniel Scioli sea presidente, replicaremos en el pa\u00eds las pol\u00edticas de seguridad implementadas en la Provincia\u201d.\u2026","rel":"","context":"En \u00abProvincia\u00bb","block_context":{"text":"Provincia","link":"https:\/\/www.24baires.com\/?cat=40"},"img":{"alt_text":"granados","src":"https:\/\/i0.wp.com\/www.24baires.com\/wp-content\/uploads\/2014\/04\/granados.jpg?resize=350%2C200","width":350,"height":200,"srcset":"https:\/\/i0.wp.com\/www.24baires.com\/wp-content\/uploads\/2014\/04\/granados.jpg?resize=350%2C200 1x, https:\/\/i0.wp.com\/www.24baires.com\/wp-content\/uploads\/2014\/04\/granados.jpg?resize=525%2C300 1.5x"},"classes":[]},{"id":11354,"url":"https:\/\/www.24baires.com\/?p=11354","url_meta":{"origin":17504,"position":2},"title":"Necochea: organizan la seguridad para el 52\u00ba Festival Infantil de Espect\u00e1culos para Chicos","author":"AF","date":"06\/01\/2013","format":false,"excerpt":"El intendente Horacio Tellechea se reuni\u00f3 con las fuerzas policiales con el fin de avanzar en torno a la seguridad de cara al 52\u00ba Festival infantil de Espect\u00e1culos para chicos, que se realizar\u00e1 pproximamente en el municipio de Necochea. Con el objetivo de avanzar en torno a la seguridad de\u2026","rel":"","context":"En \u00abLocales\u00bb","block_context":{"text":"Locales","link":"https:\/\/www.24baires.com\/?cat=38"},"img":{"alt_text":"","src":"","width":0,"height":0},"classes":[]},{"id":44384,"url":"https:\/\/www.24baires.com\/?p=44384","url_meta":{"origin":17504,"position":3},"title":"Detuvieron a una banda de motochorros en Ensenada","author":"GB","date":"21\/04\/2014","format":false,"excerpt":"Una banda de motochorros, que ten\u00eda en su guarida un santuario para venerar a San La Muerte y otro al Gauchito Gil, fue desbaratada tras m\u00faltiples allanamientos en la localidad bonaerense de Ensenada, informaron fuentes policiales. Los procedimientos, que fueron llevados a cabos por personal de la Jefatura Departamental Berisso-Ensenada,\u2026","rel":"","context":"En \u00abPoliciales\u00bb","block_context":{"text":"Policiales","link":"https:\/\/www.24baires.com\/?cat=49"},"img":{"alt_text":"motochorro","src":"https:\/\/i0.wp.com\/www.24baires.com\/wp-content\/uploads\/2013\/02\/motochorro.jpg?resize=350%2C200","width":350,"height":200,"srcset":"https:\/\/i0.wp.com\/www.24baires.com\/wp-content\/uploads\/2013\/02\/motochorro.jpg?resize=350%2C200 1x, https:\/\/i0.wp.com\/www.24baires.com\/wp-content\/uploads\/2013\/02\/motochorro.jpg?resize=525%2C300 1.5x"},"classes":[]},{"id":47166,"url":"https:\/\/www.24baires.com\/?p=47166","url_meta":{"origin":17504,"position":4},"title":"Matassi defendi\u00f3 la creaci\u00f3n de la Departamental de Lomas de Zamora","author":"Grupo Sierra","date":"01\/06\/2014","format":false,"excerpt":"El secretario de Seguridad municipal anunci\u00f3 que habr\u00e1 oficinas especializadas como la de Polic\u00eda Cient\u00edfica y a una mayor asignaci\u00f3n presupuestaria a nivel provincial. Solamente Lomas y La Matanza cuentan con departamentales exclusivas para el distrito. El secretario de Seguridad de Lomas de Zamora, V\u00edctor Matassi, consider\u00f3 que a partir\u2026","rel":"","context":"En \u00abLocales\u00bb","block_context":{"text":"Locales","link":"https:\/\/www.24baires.com\/?cat=38"},"img":{"alt_text":"matassi","src":"https:\/\/i0.wp.com\/www.24baires.com\/wp-content\/uploads\/2014\/06\/matassi.jpg?resize=350%2C200","width":350,"height":200,"srcset":"https:\/\/i0.wp.com\/www.24baires.com\/wp-content\/uploads\/2014\/06\/matassi.jpg?resize=350%2C200 1x, https:\/\/i0.wp.com\/www.24baires.com\/wp-content\/uploads\/2014\/06\/matassi.jpg?resize=525%2C300 1.5x"},"classes":[]},{"id":106313,"url":"https:\/\/www.24baires.com\/?p=106313","url_meta":{"origin":17504,"position":5},"title":"Mar del Plata: 50 \u00abtrapitos\u00bb fueron puestos a disposici\u00f3n de la Justicia","author":"GB","date":"11\/01\/2019","format":false,"excerpt":"La Polic\u00eda realiz\u00f3 varios operativos de control en la ciudad de Mar del Plata, y puso a disposici\u00f3n de la Justicia a 50 \"trapitos\" por realizar desmanes en la v\u00eda p\u00fablica y a cinco travestis por ofrecer servicios sexuales. Los procedimientos fueron coordinados por efectivos de la DDI, de la\u2026","rel":"","context":"En \u00abPoliciales\u00bb","block_context":{"text":"Policiales","link":"https:\/\/www.24baires.com\/?cat=49"},"img":{"alt_text":"","src":"https:\/\/i0.wp.com\/www.24baires.com\/wp-content\/uploads\/2019\/01\/trapitos-300x200.jpeg?resize=350%2C200","width":350,"height":200},"classes":[]}],"jetpack_sharing_enabled":true,"jetpack_likes_enabled":true,"_links":{"self":[{"href":"https:\/\/www.24baires.com\/index.php?rest_route=\/wp\/v2\/posts\/17504","targetHints":{"allow":["GET"]}}],"collection":[{"href":"https:\/\/www.24baires.com\/index.php?rest_route=\/wp\/v2\/posts"}],"about":[{"href":"https:\/\/www.24baires.com\/index.php?rest_route=\/wp\/v2\/types\/post"}],"author":[{"embeddable":true,"href":"https:\/\/www.24baires.com\/index.php?rest_route=\/wp\/v2\/users\/4"}],"replies":[{"embeddable":true,"href":"https:\/\/www.24baires.com\/index.php?rest_route=%2Fwp%2Fv2%2Fcomments&post=17504"}],"version-history":[{"count":2,"href":"https:\/\/www.24baires.com\/index.php?rest_route=\/wp\/v2\/posts\/17504\/revisions"}],"predecessor-version":[{"id":17508,"href":"https:\/\/www.24baires.com\/index.php?rest_route=\/wp\/v2\/posts\/17504\/revisions\/17508"}],"wp:attachment":[{"href":"https:\/\/www.24baires.com\/index.php?rest_route=%2Fwp%2Fv2%2Fmedia&parent=17504"}],"wp:term":[{"taxonomy":"category","embeddable":true,"href":"https:\/\/www.24baires.com\/index.php?rest_route=%2Fwp%2Fv2%2Fcategories&post=17504"},{"taxonomy":"post_tag","embeddable":true,"href":"https:\/\/www.24baires.com\/index.php?rest_route=%2Fwp%2Fv2%2Ftags&post=17504"}],"curies":[{"name":"wp","href":"https:\/\/api.w.org\/{rel}","templated":true}]}}