{"id":17500,"date":"2013-03-05T10:30:19","date_gmt":"2013-03-05T13:30:19","guid":{"rendered":"http:\/\/www.24baires.com\/?p=17500"},"modified":"2013-03-05T12:12:03","modified_gmt":"2013-03-05T15:12:03","slug":"en-marzo-la-matanza-retoma-el-taller-literario-para-adultos-y-otras-actividades","status":"publish","type":"post","link":"https:\/\/www.24baires.com\/?p=17500","title":{"rendered":"En marzo La Matanza retoma el Taller Literario para adultos y otras actividades"},"content":{"rendered":"<p><img data-recalc-dims=\"1\" loading=\"lazy\" decoding=\"async\" class=\"aligncenter size-full wp-image-17501\" alt=\"taller literario\" src=\"https:\/\/i0.wp.com\/www.24baires.com\/wp-content\/uploads\/2013\/03\/taller-literario.jpg?resize=560%2C314\" width=\"560\" height=\"314\" srcset=\"https:\/\/i0.wp.com\/www.24baires.com\/wp-content\/uploads\/2013\/03\/taller-literario.jpg?w=560&amp;ssl=1 560w, https:\/\/i0.wp.com\/www.24baires.com\/wp-content\/uploads\/2013\/03\/taller-literario.jpg?resize=300%2C168&amp;ssl=1 300w\" sizes=\"auto, (max-width: 560px) 100vw, 560px\" \/>La Regi\u00f3n Descentralizada I Noroeste del Municipio de La Matanza inform\u00f3 que a partir de marzo se reinician las actividades del Taller Literario para adultos, las reuniones mensuales de la Asociaci\u00f3n Cel\u00edaca Argentina, Zona Oeste, y las clases de Folklore. <!--more--><\/p>\n<p>El mi\u00e9rcoles 13 de marzo a las 15 comienzan las actividades del Taller Literario \u201cTiempos\u201d, para adultos, que desde hace cuatro a\u00f1os dicta y coordina la Sra. Wally Zamb\u00f3n.<\/p>\n<p>Por su parte, la Asociaci\u00f3n Cel\u00edaca Argentina, delegaci\u00f3n Zona Oeste, vuelve a reunirse los terceros s\u00e1bados de cada mes a las 9.00 hs. para dar charlas y clases de cocina a las personas afectadas por esta condici\u00f3n, tal como lo hacen desde el 2007. El primer encuentro ser\u00e1 el 16 de marzo pr\u00f3ximo.<\/p>\n<p>Los martes y jueves, a partir del pr\u00f3ximo 12 de marzo, a las 19, la Secretar\u00eda de cultura municipal ofrece clases de danzas folkl\u00f3ricas argentinas en la Nave Central de esta R1NO.<\/p>\n<p>Cabe destacar que ambas actividades son gratuitas y est\u00e1n abiertas al p\u00fablico sin inscripci\u00f3n previa.<\/p>\n<p>La Regi\u00f3n I Noroeste est\u00e1 ubicada en Avenida Rivadavia 13.518, Ramos Mej\u00eda.<\/p>\n","protected":false},"excerpt":{"rendered":"<p>La Regi\u00f3n Descentralizada I Noroeste del Municipio de La Matanza inform\u00f3 que a partir de marzo se reinician las actividades del Taller Literario para adultos, las reuniones mensuales de la Asociaci\u00f3n Cel\u00edaca Argentina, Zona Oeste, y las clases de Folklore.<\/p>\n","protected":false},"author":4,"featured_media":0,"comment_status":"open","ping_status":"open","sticky":false,"template":"","format":"standard","meta":{"_jetpack_newsletter_access":"","_jetpack_dont_email_post_to_subs":false,"_jetpack_newsletter_tier_id":0,"_jetpack_memberships_contains_paywalled_content":false,"_jetpack_memberships_contains_paid_content":false,"footnotes":""},"categories":[1],"tags":[],"class_list":["post-17500","post","type-post","status-publish","format-standard","hentry","category-sociedad"],"jetpack_featured_media_url":"","jetpack_shortlink":"https:\/\/wp.me\/p2JWE0-4yg","jetpack-related-posts":[{"id":36818,"url":"https:\/\/www.24baires.com\/?p=36818","url_meta":{"origin":17500,"position":0},"title":"La Matanza y una cruzada por la Salud Cardiovascular","author":"Grupo Sierra","date":"14\/12\/2013","format":false,"excerpt":"El Consejo Consultivo Local, zonas Lomas del Mirador I y II de la Regi\u00f3n Descentralizada I Noroeste del Municipio de La Matanza realizar\u00e1 la primera Campa\u00f1a abierta a la comunidad los d\u00edas 17 y 19 de diciembre en la Plaza M. M. de G\u00fcemes, ubicada en Av. J. M. de\u2026","rel":"","context":"En \u00abLocales\u00bb","block_context":{"text":"Locales","link":"https:\/\/www.24baires.com\/?cat=38"},"img":{"alt_text":"","src":"","width":0,"height":0},"classes":[]},{"id":39410,"url":"https:\/\/www.24baires.com\/?p=39410","url_meta":{"origin":17500,"position":1},"title":"Las clases comenzar\u00e1n el 5 de marzo en la provincia","author":"Grupo Sierra","date":"28\/01\/2014","format":false,"excerpt":"La Direcci\u00f3n de Escuelas bonaerenses ratific\u00f3 este martes que las clases en los niveles Inicial, Primario y Especial comenzar\u00e1n el 5 de marzo. La Secundaria y la modalidad Adultos y de Formaci\u00f3n Profesional dar\u00e1n comienzo a la actividad el lunes 10 de marzo. El receso de invierno para todos los\u2026","rel":"","context":"En \u00abProvincia\u00bb","block_context":{"text":"Provincia","link":"https:\/\/www.24baires.com\/?cat=40"},"img":{"alt_text":"escuela","src":"https:\/\/i0.wp.com\/www.24baires.com\/wp-content\/uploads\/2013\/07\/escuela.jpg?resize=350%2C200","width":350,"height":200,"srcset":"https:\/\/i0.wp.com\/www.24baires.com\/wp-content\/uploads\/2013\/07\/escuela.jpg?resize=350%2C200 1x, https:\/\/i0.wp.com\/www.24baires.com\/wp-content\/uploads\/2013\/07\/escuela.jpg?resize=525%2C300 1.5x"},"classes":[]},{"id":58868,"url":"https:\/\/www.24baires.com\/?p=58868","url_meta":{"origin":17500,"position":2},"title":"Ratificaron que las clases comenzar\u00e1n el 2 de marzo","author":"GB","date":"19\/12\/2014","format":false,"excerpt":"La provincia ratific\u00f3 el comienzo del calendario escolar para el nivel primario. Arrancan el 2 de marzo y cierra el 18 de diciembre El Gobierno bonaerense ratific\u00f3 que el ciclo lectivo, en 2015, comenzar\u00e1 el d\u00eda 2 de marzo para la mayor\u00eda de los niveles educativos de la provincia tras\u2026","rel":"","context":"En \u00abSociedad\u00bb","block_context":{"text":"Sociedad","link":"https:\/\/www.24baires.com\/?cat=1"},"img":{"alt_text":"aula vac\u00eda","src":"https:\/\/i0.wp.com\/www.24baires.com\/wp-content\/uploads\/2014\/03\/aula-vac%C3%ADa.jpg?resize=350%2C200","width":350,"height":200,"srcset":"https:\/\/i0.wp.com\/www.24baires.com\/wp-content\/uploads\/2014\/03\/aula-vac%C3%ADa.jpg?resize=350%2C200 1x, https:\/\/i0.wp.com\/www.24baires.com\/wp-content\/uploads\/2014\/03\/aula-vac%C3%ADa.jpg?resize=525%2C300 1.5x"},"classes":[]},{"id":6555,"url":"https:\/\/www.24baires.com\/?p=6555","url_meta":{"origin":17500,"position":3},"title":"La semana pr\u00f3xima arrancan los JuegosBA","author":"Grupo Sierra","date":"23\/11\/2012","format":false,"excerpt":"Como es tradici\u00f3n desde 1991, del 27 al 29 de noviembre se realizar\u00e1 en Mar del Plata la final provincial de los Juegos BA, que re\u00fanen a miles bonaerenses que se han destacado en diferentes actividades culturales y deportivas. Participar\u00e1n de la competici\u00f3n, j\u00f3venes, personas con discapacidad y adultos mayores\u2026","rel":"","context":"En \u00abSociedad\u00bb","block_context":{"text":"Sociedad","link":"https:\/\/www.24baires.com\/?cat=1"},"img":{"alt_text":"","src":"https:\/\/i0.wp.com\/www.24baires.com\/wp-content\/uploads\/2012\/11\/juegosba-300x199.jpg?resize=350%2C200","width":350,"height":200},"classes":[]},{"id":35103,"url":"https:\/\/www.24baires.com\/?p=35103","url_meta":{"origin":17500,"position":4},"title":"El Senado busca convertir en Ley el proyecto anti \u201cgrooming\u201d","author":"AF","date":"13\/11\/2013","format":false,"excerpt":"Se trata de la iniciativa que busca incorporar el grooming al C\u00f3digo Penal. El delito juzga la conducta de aquellos adultos que buscan ganarse la amistad de un menor con la \u00fanica finalidad de abusar \u00e9l. El \u201cgrooming\u201d consiste en acciones deliberadamente emprendidas por un adulto con el objetivo de\u2026","rel":"","context":"En \u00abSociedad\u00bb","block_context":{"text":"Sociedad","link":"https:\/\/www.24baires.com\/?cat=1"},"img":{"alt_text":"senado","src":"https:\/\/i0.wp.com\/www.24baires.com\/wp-content\/uploads\/2013\/11\/senado.jpg?resize=350%2C200","width":350,"height":200},"classes":[]},{"id":88107,"url":"https:\/\/www.24baires.com\/?p=88107","url_meta":{"origin":17500,"position":5},"title":"Buscan reglamentar la Ley de Celiaqu\u00eda provincial","author":"AF","date":"29\/09\/2016","format":false,"excerpt":"La C\u00e1mara de Diputados bonaerense aprob\u00f3 el proyecto del legislador Javier Faroni (Frente Renovador), solicitando la pronta reglamentaci\u00f3n de la Ley 10.499 de Celiaqu\u00eda. \"Es un d\u00eda muy importante, no solo para quienes padecen la enfermedad, sino para todos los bonaerenses y nuestra querida Provincia. Hoy gan\u00f3 el respeto y\u2026","rel":"","context":"En \u00abSociedad\u00bb","block_context":{"text":"Sociedad","link":"https:\/\/www.24baires.com\/?cat=1"},"img":{"alt_text":"faroni","src":"https:\/\/i0.wp.com\/www.24baires.com\/wp-content\/uploads\/2016\/05\/faroni.jpg?resize=350%2C200","width":350,"height":200,"srcset":"https:\/\/i0.wp.com\/www.24baires.com\/wp-content\/uploads\/2016\/05\/faroni.jpg?resize=350%2C200 1x, https:\/\/i0.wp.com\/www.24baires.com\/wp-content\/uploads\/2016\/05\/faroni.jpg?resize=525%2C300 1.5x"},"classes":[]}],"jetpack_sharing_enabled":true,"jetpack_likes_enabled":true,"_links":{"self":[{"href":"https:\/\/www.24baires.com\/index.php?rest_route=\/wp\/v2\/posts\/17500","targetHints":{"allow":["GET"]}}],"collection":[{"href":"https:\/\/www.24baires.com\/index.php?rest_route=\/wp\/v2\/posts"}],"about":[{"href":"https:\/\/www.24baires.com\/index.php?rest_route=\/wp\/v2\/types\/post"}],"author":[{"embeddable":true,"href":"https:\/\/www.24baires.com\/index.php?rest_route=\/wp\/v2\/users\/4"}],"replies":[{"embeddable":true,"href":"https:\/\/www.24baires.com\/index.php?rest_route=%2Fwp%2Fv2%2Fcomments&post=17500"}],"version-history":[{"count":1,"href":"https:\/\/www.24baires.com\/index.php?rest_route=\/wp\/v2\/posts\/17500\/revisions"}],"predecessor-version":[{"id":17502,"href":"https:\/\/www.24baires.com\/index.php?rest_route=\/wp\/v2\/posts\/17500\/revisions\/17502"}],"wp:attachment":[{"href":"https:\/\/www.24baires.com\/index.php?rest_route=%2Fwp%2Fv2%2Fmedia&parent=17500"}],"wp:term":[{"taxonomy":"category","embeddable":true,"href":"https:\/\/www.24baires.com\/index.php?rest_route=%2Fwp%2Fv2%2Fcategories&post=17500"},{"taxonomy":"post_tag","embeddable":true,"href":"https:\/\/www.24baires.com\/index.php?rest_route=%2Fwp%2Fv2%2Ftags&post=17500"}],"curies":[{"name":"wp","href":"https:\/\/api.w.org\/{rel}","templated":true}]}}