{"id":17452,"date":"2013-03-04T16:00:23","date_gmt":"2013-03-04T19:00:23","guid":{"rendered":"http:\/\/www.24baires.com\/?p=17452"},"modified":"2013-03-04T14:58:13","modified_gmt":"2013-03-04T17:58:13","slug":"la-afsca-aprobo-cuatro-planes-de-adecuacion-mas-a-la-ley-de-medios","status":"publish","type":"post","link":"https:\/\/www.24baires.com\/?p=17452","title":{"rendered":"La AFSCA aprob\u00f3 cuatro planes de adecuaci\u00f3n m\u00e1s a la Ley de Medios"},"content":{"rendered":"<p><img data-recalc-dims=\"1\" loading=\"lazy\" decoding=\"async\" class=\"aligncenter size-full wp-image-4235\" alt=\"sabbatella trabajadores TN\" src=\"https:\/\/i0.wp.com\/www.24baires.com\/wp-content\/uploads\/2012\/11\/sabbatella-trabajadores-TN.jpg?resize=560%2C289\" width=\"560\" height=\"289\" srcset=\"https:\/\/i0.wp.com\/www.24baires.com\/wp-content\/uploads\/2012\/11\/sabbatella-trabajadores-TN.jpg?w=560&amp;ssl=1 560w, https:\/\/i0.wp.com\/www.24baires.com\/wp-content\/uploads\/2012\/11\/sabbatella-trabajadores-TN.jpg?resize=300%2C154&amp;ssl=1 300w\" sizes=\"auto, (max-width: 560px) 100vw, 560px\" \/>Se trata de las propuestas presentadas por Hadad-Indalo (Gerardo Daniel Hadad, Viviana Mabel Zocco y South Media Investment), Cadena 3, la Asociaci\u00f3n Mutual del Magisterio de Santa Fe \u201cAngelita Peralta Pinos\u201d y Eteco SRL. Estas se suman a los tres planes autorizados en enero pasado.<!--more--><\/p>\n<p>El directorio de la Autoridad Federal de Servicios de Comunicaci\u00f3n Audiovisual (Afsca) autoriz\u00f3 cuatro planes m\u00e1s de adecuaci\u00f3n a la Ley de medios, las cuales se suman a las tres aprobadas en enero de este a\u00f1o. Entre las presentadas son las de Hadad-Indalo, Cadena 3, la Asociaci\u00f3n Mutual del Magisterio de Santa Fe \u201cAngelita Peralta Pinos\u201d y Eteco SRL.<\/p>\n<p>Son cuatro los planes de adecuaci\u00f3n a la ley 26.522, que se suman a los tres autorizados en enero \u00faltimo.<\/p>\n<p>Se trata de las propuestas presentadas por Hadad-Indalo (Gerardo Daniel Hadad, Viviana Mabel Zocco y South Media Investment), Cadena 3, la Asociaci\u00f3n Mutual del Magisterio de Santa Fe \u201cAngelita Peralta Pinos\u201d y Eteco SRL, inform\u00f3 el organismo que conduce Mart\u00edn Sabbatella.<\/p>\n<p>En el primer caso, el de Hadad-Indalo, tendr\u00e1n que desprenderse de dos emisoras de FM del \u00e1rea metropolitana (que ser\u00e1n las radios TKM y Vale), m\u00e1s el canal 27 de UHF.<\/p>\n<p>A la Sociedad Radiodifusora del Centro, operadora de Cadena 3, que supera el l\u00edmite de cobertura permitido, se le aprob\u00f3 la venta de una o m\u00e1s radios de las que posee en Bariloche, Santiago del Estero, R\u00edo Gallegos, Ushuaia y la ciudad de Buenos Aires, hasta quedar totalmente enmarcada en la ley 26.522.<\/p>\n<p>En ambos casos, tendr\u00e1n 30 d\u00edas para informar a La Afsca a qui\u00e9nes proponen transferir las licencias y un total de 180 para concretar el encuadramiento legal.<\/p>\n<p>Por su parte, en el caso de la mutual docente se interpret\u00f3, tras el dictamen de la Direcci\u00f3n de Asuntos Jur\u00eddicos, que no exist\u00eda incompatibilidad con los art\u00edculos 24 y 45 de la ley.<\/p>\n<p>Y con respecto a Eteco SRL se autoriz\u00f3 la transferencia de su licencia de sistema mixto de TV a la Cooperativa de Luz y Fuerza El\u00e9ctrica, Industrial y otros servicios p\u00fablicos de Punta Alta.<\/p>\n<p>\u201cSeguimos avanzando en la aplicaci\u00f3n integral de la ley, con el an\u00e1lisis de planes de adecuaci\u00f3n de grupos empresarios que deben modificar su composici\u00f3n accionaria o que se exceden en la cantidad de licencias o en la cobertura permitida\u201d, explic\u00f3 Mart\u00edn Sabbatella al t\u00e9rmino de la reuni\u00f3n en la que participaron los seis integrantes del directorio de La Afsca.<\/p>\n<p>Se trata de Jorge Capitanich, Ignacio Saavedra, Marcelo Stubrin, Eduardo Seminara, Claudio Schifer y el propio Sabbatella.<\/p>\n<p>El presidente del organismo record\u00f3 que \u201ctodos los grupos presentaron propuestas de adecuaci\u00f3n con la excepci\u00f3n de Clar\u00edn, que prefiri\u00f3 recurrir a trabas judiciales y a una intensa campa\u00f1a publicitaria en contra la ley y de quienes la impulsamos\u201d.<\/p>\n<p>\u201cNo obstante -aclar\u00f3 Sabbatella-, en cuanto se complete el proceso judicial y se confirme la constitucionalidad de la ley, continuaremos con el proceso de transferencia de oficio de las licencias en las que se excede ese grupo empresario\u201d.<\/p>\n<p>El 14 de diciembre \u00faltimo, luego de que vencieran los plazos para la adecuaci\u00f3n voluntaria y a ra\u00edz de que Clar\u00edn fue el \u00fanico grupo que se neg\u00f3 a presentar una propuesta, el titular de La Afsca notific\u00f3 el inicio de la etapa de transferencia de oficio.<\/p>\n<p>En la reuni\u00f3n de directorio, que se llev\u00f3 a cabo hoy en la sede del organismo del Gobierno nacional, se trataron un total de 196 expedientes.<\/p>\n<p>Adem\u00e1s de las cuatro adecuaciones, se destacan autorizaciones para la instalaci\u00f3n de radios de frecuencia modulada en 16 establecimientos educativos de Misiones, Salta, La Pampa, Entre R\u00edos, Formosa y Corrientes, en una comunidad kolla en la localidad de Nazareno, (Salta), en dos municipios de Santa Fe y uno de San Luis y en la Universidad Nacional de General Sarmiento.<\/p>\n<p>Tambi\u00e9n se adjudicaron servicios de cables a pymes y cooperativas del interior del pa\u00eds y se aplicaron multas por un total superior a los 3,7 millones de pesos, por distintas contravenciones a la ley.<\/p>\n<p>&nbsp;<\/p>\n<p>&nbsp;<\/p>\n<p>&nbsp;<\/p>\n<p>&nbsp;<\/p>\n<p>&nbsp;<\/p>\n<p>&nbsp;<\/p>\n<p>&nbsp;<\/p>\n<p>&nbsp;<\/p>\n<p>&nbsp;<\/p>\n<p>&nbsp;<\/p>\n<p>&nbsp;<\/p>\n<p>&nbsp;<\/p>\n<p>&nbsp;<\/p>\n<p>&nbsp;<\/p>\n<p>&nbsp;<\/p>\n<p>&nbsp;<\/p>\n","protected":false},"excerpt":{"rendered":"<p>Se trata de las propuestas presentadas por Hadad-Indalo (Gerardo Daniel Hadad, Viviana Mabel Zocco y South Media Investment), Cadena 3, la Asociaci\u00f3n Mutual del Magisterio de Santa Fe \u201cAngelita Peralta Pinos\u201d y Eteco SRL. Estas se suman a los tres planes autorizados en enero pasado.<\/p>\n","protected":false},"author":4,"featured_media":0,"comment_status":"open","ping_status":"open","sticky":false,"template":"","format":"standard","meta":{"_jetpack_newsletter_access":"","_jetpack_dont_email_post_to_subs":false,"_jetpack_newsletter_tier_id":0,"_jetpack_memberships_contains_paywalled_content":false,"_jetpack_memberships_contains_paid_content":false,"footnotes":""},"categories":[54],"tags":[],"class_list":["post-17452","post","type-post","status-publish","format-standard","hentry","category-medios"],"jetpack_featured_media_url":"","jetpack_shortlink":"https:\/\/wp.me\/p2JWE0-4xu","jetpack-related-posts":[{"id":17513,"url":"https:\/\/www.24baires.com\/?p=17513","url_meta":{"origin":17452,"position":0},"title":"Sabbatella, clar\u00edsimo: \u00abNadie tiene coronita, las reglas son parejas\u00bb","author":"AF","date":"05\/03\/2013","format":false,"excerpt":"El titular de la Autoridad Federal de Servicios de Comunicaci\u00f3n Audiovisual (Afsca), Mart\u00edn Sabbatella, asegur\u00f3 hoy que la venta de medios del grupo Hadad al grupo Indalo, aprobada por ese organismo, \"se ajusta perfectamente a la ley\" porque se enmarca en el plan de adecuaci\u00f3n, e insisti\u00f3 con que \"las\u2026","rel":"","context":"En \u00abMedios\u00bb","block_context":{"text":"Medios","link":"https:\/\/www.24baires.com\/?cat=54"},"img":{"alt_text":"","src":"","width":0,"height":0},"classes":[]},{"id":17619,"url":"https:\/\/www.24baires.com\/?p=17619","url_meta":{"origin":17452,"position":1},"title":"\u201cQueremos que est\u00e9n todas las voces; incluso las que mienten, como Clar\u00edn y La Naci\u00f3n\u201d","author":"AF","date":"06\/03\/2013","format":false,"excerpt":"Todas las empresas de medios audiovisuales de la Argentina, excepto el Grupo Clar\u00edn, han presentado su plan de adecuaci\u00f3n voluntaria para cumplir con la ley, y el Afsca est\u00e1 trabajando en la evaluaci\u00f3n y admisi\u00f3n de esos planes\u201d, afirm\u00f3 en declaraciones period\u00edsticas el titular de la Autoridad Federal de Servicios\u2026","rel":"","context":"En \u00abMedios\u00bb","block_context":{"text":"Medios","link":"https:\/\/www.24baires.com\/?cat=54"},"img":{"alt_text":"sabbatella desafio","src":"https:\/\/i0.wp.com\/www.24baires.com\/wp-content\/uploads\/2012\/10\/sabbatella-desafio.jpg?resize=350%2C200","width":350,"height":200,"srcset":"https:\/\/i0.wp.com\/www.24baires.com\/wp-content\/uploads\/2012\/10\/sabbatella-desafio.jpg?resize=350%2C200 1x, https:\/\/i0.wp.com\/www.24baires.com\/wp-content\/uploads\/2012\/10\/sabbatella-desafio.jpg?resize=525%2C300 1.5x"},"classes":[]},{"id":37537,"url":"https:\/\/www.24baires.com\/?p=37537","url_meta":{"origin":17452,"position":2},"title":"Afsca autoriz\u00f3 13 caneles de baja potencia y ya son 33","author":"GB","date":"27\/12\/2013","format":false,"excerpt":"La Autoridad Federal de Servicios de Comunicaci\u00f3n Audiovisual (Afsca) autoriz\u00f3 a 13 se\u00f1ales de televisi\u00f3n de baja potencia para trasmitir en forma anal\u00f3gica y ya suman 33 los canales de televisi\u00f3n comunitaria autorizadas por el organismo que preside Mart\u00edn Sabbatella. Se trata de los canales 12 de Saladillo, 4 de\u2026","rel":"","context":"En \u00abMedios\u00bb","block_context":{"text":"Medios","link":"https:\/\/www.24baires.com\/?cat=54"},"img":{"alt_text":"","src":"","width":0,"height":0},"classes":[]},{"id":34725,"url":"https:\/\/www.24baires.com\/?p=34725","url_meta":{"origin":17452,"position":3},"title":"\u00abAfsca a\u00fan no opin\u00f3 sobre el contenido del plan del Grupo Clar\u00edn\u201d","author":"AF","date":"06\/11\/2013","format":false,"excerpt":"El titular de la Autoridad Federal de Servicios de Comunicaci\u00f3n Audiovisual consider\u00f3 \"un paso muy importante\" que \"todos los grupos de medios en Argentina\" hayan presentado ya sus procesos de adecuaci\u00f3n a la ley y aclar\u00f3 que el organismo \"a\u00fan no opin\u00f3 sobre el contenido\" de la propuesta presentada por\u2026","rel":"","context":"En \u00abMedios\u00bb","block_context":{"text":"Medios","link":"https:\/\/www.24baires.com\/?cat=54"},"img":{"alt_text":"afsca cordoba","src":"https:\/\/i0.wp.com\/www.24baires.com\/wp-content\/uploads\/2013\/02\/afsca-cordoba-300x200.jpg?resize=350%2C200","width":350,"height":200},"classes":[]},{"id":7615,"url":"https:\/\/www.24baires.com\/?p=7615","url_meta":{"origin":17452,"position":4},"title":"Vila-Manzano, Crist\u00f3bal L\u00f3pez, los Ick y Aldrey presentaron propuestas a la AFSCA","author":"Grupo Sierra","date":"02\/12\/2012","format":false,"excerpt":"En el marco del proceso de adecuaci\u00f3n a la ley 26.522, varios grupos que explotan licencias de radio y televisi\u00f3n presentaron a fines de esta semana sus propuestas ante la AFSCA. En la Provincia el empresario marplatense Aldrey Iglesias reconoci\u00f3 ser socio del\u00a0Grupo Clar\u00edn y que se desprender\u00eda de dos\u2026","rel":"","context":"En \u00abMedios\u00bb","block_context":{"text":"Medios","link":"https:\/\/www.24baires.com\/?cat=54"},"img":{"alt_text":"","src":"https:\/\/i0.wp.com\/www.24baires.com\/wp-content\/uploads\/2012\/12\/sababtella-propuestas.jpg?resize=350%2C200","width":350,"height":200,"srcset":"https:\/\/i0.wp.com\/www.24baires.com\/wp-content\/uploads\/2012\/12\/sababtella-propuestas.jpg?resize=350%2C200 1x, https:\/\/i0.wp.com\/www.24baires.com\/wp-content\/uploads\/2012\/12\/sababtella-propuestas.jpg?resize=525%2C300 1.5x"},"classes":[]},{"id":13471,"url":"https:\/\/www.24baires.com\/?p=13471","url_meta":{"origin":17452,"position":5},"title":"La AFSCA aprob\u00f3 ya tres de los veinte planes de adecuaci\u00f3n a la Ley de Medios presentados","author":"Grupo Sierra","date":"24\/01\/2013","format":false,"excerpt":"El directorio de la Autoridad Federal de Servicios de Comunicaci\u00f3n Audiovisual aprob\u00f3 hoy tres de los casi 20 planes de adecuaci\u00f3n a la ley 26.522 presentados a principios de diciembre por grupos empresarios medi\u00e1ticos, seg\u00fan inform\u00f3 a trav\u00e9s de un comunicado. \u201cTodos los grupos menos Clar\u00edn presentaron sus planes de\u2026","rel":"","context":"En \u00abMedios\u00bb","block_context":{"text":"Medios","link":"https:\/\/www.24baires.com\/?cat=54"},"img":{"alt_text":"sabbatella desafio","src":"https:\/\/i0.wp.com\/www.24baires.com\/wp-content\/uploads\/2012\/10\/sabbatella-desafio.jpg?resize=350%2C200","width":350,"height":200,"srcset":"https:\/\/i0.wp.com\/www.24baires.com\/wp-content\/uploads\/2012\/10\/sabbatella-desafio.jpg?resize=350%2C200 1x, https:\/\/i0.wp.com\/www.24baires.com\/wp-content\/uploads\/2012\/10\/sabbatella-desafio.jpg?resize=525%2C300 1.5x"},"classes":[]}],"jetpack_sharing_enabled":true,"jetpack_likes_enabled":true,"_links":{"self":[{"href":"https:\/\/www.24baires.com\/index.php?rest_route=\/wp\/v2\/posts\/17452","targetHints":{"allow":["GET"]}}],"collection":[{"href":"https:\/\/www.24baires.com\/index.php?rest_route=\/wp\/v2\/posts"}],"about":[{"href":"https:\/\/www.24baires.com\/index.php?rest_route=\/wp\/v2\/types\/post"}],"author":[{"embeddable":true,"href":"https:\/\/www.24baires.com\/index.php?rest_route=\/wp\/v2\/users\/4"}],"replies":[{"embeddable":true,"href":"https:\/\/www.24baires.com\/index.php?rest_route=%2Fwp%2Fv2%2Fcomments&post=17452"}],"version-history":[{"count":1,"href":"https:\/\/www.24baires.com\/index.php?rest_route=\/wp\/v2\/posts\/17452\/revisions"}],"predecessor-version":[{"id":17453,"href":"https:\/\/www.24baires.com\/index.php?rest_route=\/wp\/v2\/posts\/17452\/revisions\/17453"}],"wp:attachment":[{"href":"https:\/\/www.24baires.com\/index.php?rest_route=%2Fwp%2Fv2%2Fmedia&parent=17452"}],"wp:term":[{"taxonomy":"category","embeddable":true,"href":"https:\/\/www.24baires.com\/index.php?rest_route=%2Fwp%2Fv2%2Fcategories&post=17452"},{"taxonomy":"post_tag","embeddable":true,"href":"https:\/\/www.24baires.com\/index.php?rest_route=%2Fwp%2Fv2%2Ftags&post=17452"}],"curies":[{"name":"wp","href":"https:\/\/api.w.org\/{rel}","templated":true}]}}