{"id":17436,"date":"2013-03-04T11:45:26","date_gmt":"2013-03-04T14:45:26","guid":{"rendered":"http:\/\/www.24baires.com\/?p=17436"},"modified":"2013-03-04T14:12:32","modified_gmt":"2013-03-04T17:12:32","slug":"el-diputado-feliu-expuso-dos-proyectos-para-agilizar-los-tramites-de-adopcion","status":"publish","type":"post","link":"https:\/\/www.24baires.com\/?p=17436","title":{"rendered":"El Diputado Feli\u00fa expuso dos proyectos para agilizar los tr\u00e1mites de adopci\u00f3n"},"content":{"rendered":"<p>El Diputado Provincial del Frente para la Victoria, Marcelo Feli\u00fa, expuso los dos nuevos proyectos que entraron a la c\u00e1mara baja bonaerense con el objetivo de agilizar la resoluci\u00f3n de los tr\u00e1mites de adopci\u00f3n, y expres\u00f3 que \u201cpretendemos que desde el primer momento que hay un ni\u00f1o en situaci\u00f3n vulnerabilidad, haya un plazo de 180 d\u00edas donde se evaluar\u00e1n las medidas para que el juez decida por el camino de la adopci\u00f3n o el reintegro con la familia biol\u00f3gica\u201d.<!--more--><br \/>\nEn tanto, explic\u00f3 que \u201clo que hacemos con este derecho es aggiornar uno que se sancion\u00f3 por unanimidad en el a\u00f1o 2011 por la C\u00e1mara de Diputados, y que fue al Senado pero en la actualidad perdi\u00f3 estado parlamentario porque en el medio se empez\u00f3 a tratar en el Congreso Nacional la reforma del c\u00f3digo civil y comercial\u201d.<br \/>\nLos dos proyectos en el que trabajan tambi\u00e9n Horacio Gonz\u00e1lez, Juan de Jes\u00fas, Jos\u00e9 Ottavis y Ra\u00fal P\u00e9rez apuntan a \u201ccoordinar lo que dispone el proyecto del c\u00f3digo nacional, con el objeto de poder avanzar y agilizar razonablemente el procedimiento de la adopci\u00f3n\u201d.<br \/>\nAunque no hay datos oficiales certeros todav\u00eda, el diputado coment\u00f3 que \u201chasta que se concreta la adopci\u00f3n, actualmente, el promedio oscila entre siete u ocho a\u00f1os, ese tiempo es demasiado dilatado porque a veces genera la frustraci\u00f3n de la propia familia y adem\u00e1s es tiempo perdido para el chico, por eso proponemos disminuir sustancialmente la duraci\u00f3n del proceso m\u00e1s importante y de la primera etapa\u201d.<br \/>\nPor \u00faltimo, consultado sobre las expectativas, Feli\u00fa sostuvo que \u201csomos optimistas, principalmente porque tenemos el mejor antecedente que fue el proyecto anterior votado en unanimidad, m\u00e1s si el Gobernador en la Asamblea Legislativa mencion\u00f3 el tema dentro de la agenda\u201d.<\/p>\n<p>&nbsp;<\/p>\n<p>&nbsp;<\/p>\n<p>&nbsp;<\/p>\n<p>&nbsp;<\/p>\n<p>&nbsp;<\/p>\n<p>&nbsp;<\/p>\n<p>&nbsp;<\/p>\n<p>&nbsp;<\/p>\n<p>&nbsp;<\/p>\n<p>&nbsp;<\/p>\n","protected":false},"excerpt":{"rendered":"<p>El Diputado Provincial del Frente para la Victoria, Marcelo Feli\u00fa, expuso los dos nuevos proyectos que entraron a la c\u00e1mara baja bonaerense con el objetivo de agilizar la resoluci\u00f3n de los tr\u00e1mites de adopci\u00f3n, y expres\u00f3 que \u201cpretendemos que desde el primer momento que hay un ni\u00f1o en situaci\u00f3n vulnerabilidad, haya un plazo de 180 d\u00edas donde se evaluar\u00e1n las [&#8230;]<\/p>\n","protected":false},"author":4,"featured_media":0,"comment_status":"open","ping_status":"open","sticky":false,"template":"","format":"standard","meta":{"_jetpack_newsletter_access":"","_jetpack_dont_email_post_to_subs":false,"_jetpack_newsletter_tier_id":0,"_jetpack_memberships_contains_paywalled_content":false,"_jetpack_memberships_contains_paid_content":false,"footnotes":""},"categories":[1],"tags":[],"class_list":["post-17436","post","type-post","status-publish","format-standard","hentry","category-sociedad"],"jetpack_featured_media_url":"","jetpack_shortlink":"https:\/\/wp.me\/p2JWE0-4xe","jetpack-related-posts":[{"id":122765,"url":"https:\/\/www.24baires.com\/?p=122765","url_meta":{"origin":17436,"position":0},"title":"Diputados aprob\u00f3 la reforma de la ley de Adopci\u00f3n bonaerense","author":"GB","date":"17\/12\/2025","format":false,"excerpt":"Entre otros cambios, se incorpora la asistencia de un letrado especializado para el ni\u00f1o o adolescente. Tambi\u00e9n otorga licencias especiales en el sector p\u00fablico para los adoptantes. La C\u00e1mara de Diputados bonaerense aprob\u00f3 la reforma de la Ley de Adopci\u00f3n 14.528, que busca agilizar y mejorar varios puntos del proceso\u2026","rel":"","context":"En \u00abProvincia\u00bb","block_context":{"text":"Provincia","link":"https:\/\/www.24baires.com\/?cat=40"},"img":{"alt_text":"","src":"https:\/\/i0.wp.com\/www.24baires.com\/wp-content\/uploads\/2025\/12\/adopcion.webp?resize=350%2C200","width":350,"height":200,"srcset":"https:\/\/i0.wp.com\/www.24baires.com\/wp-content\/uploads\/2025\/12\/adopcion.webp?resize=350%2C200 1x, https:\/\/i0.wp.com\/www.24baires.com\/wp-content\/uploads\/2025\/12\/adopcion.webp?resize=525%2C300 1.5x, https:\/\/i0.wp.com\/www.24baires.com\/wp-content\/uploads\/2025\/12\/adopcion.webp?resize=700%2C400 2x"},"classes":[]},{"id":17477,"url":"https:\/\/www.24baires.com\/?p=17477","url_meta":{"origin":17436,"position":1},"title":"Diputados bonaerenses insistir\u00e1n con proyectos para agilizar tr\u00e1mites de adopci\u00f3n","author":"Grupo Sierra","date":"04\/03\/2013","format":false,"excerpt":"La posibilidad de agilizar la resoluci\u00f3n de los tr\u00e1mites de adopci\u00f3n, con el debido respeto de todas las garant\u00edas del proceso y dando prioridad al inter\u00e9s superior del ni\u00f1o, volvi\u00f3 a robustecerse a partir del ingreso en la C\u00e1mara de Diputados de la Provincia de Buenos Aires de dos proyectos\u2026","rel":"","context":"En \u00abProvincia\u00bb","block_context":{"text":"Provincia","link":"https:\/\/www.24baires.com\/?cat=40"},"img":{"alt_text":"","src":"","width":0,"height":0},"classes":[]},{"id":26019,"url":"https:\/\/www.24baires.com\/?p=26019","url_meta":{"origin":17436,"position":2},"title":"Media sanci\u00f3n para el proyecto que busca agilizar tr\u00e1mites de adopci\u00f3n","author":"AF","date":"15\/06\/2013","format":false,"excerpt":"El proyecto de ley que busca agilizar los tr\u00e1mites de adopci\u00f3n en la provincia cuenta con media sanci\u00f3n de la C\u00e1mara de Diputados bonaerense y ahora pasar\u00e1 al Senado para su aprobaci\u00f3n. En ese sentido, el diputado del FpV, Iv\u00e1n Budassi, explic\u00f3 que \u201cel juez tendr\u00e1 un plazo de seis\u2026","rel":"","context":"En \u00abSociedad\u00bb","block_context":{"text":"Sociedad","link":"https:\/\/www.24baires.com\/?cat=1"},"img":{"alt_text":"","src":"","width":0,"height":0},"classes":[]},{"id":28059,"url":"https:\/\/www.24baires.com\/?p=28059","url_meta":{"origin":17436,"position":3},"title":"Aprueban Ley que agilizar\u00e1 los tr\u00e1mites de adopci\u00f3n en la Provincia","author":"AF","date":"12\/07\/2013","format":false,"excerpt":"Julio Caro elogi\u00f3 la norma que establece que los tr\u00e1mites deber\u00e1n concretarse en un m\u00e1ximo de 6 meses y busca priorizar en todos los casos el inter\u00e9s superior del ni\u00f1o. En la provincia de Buenos Aires, los tr\u00e1mites de adopci\u00f3n deber\u00e1n concretarse en un plazo m\u00e1ximo de seis meses, tal\u2026","rel":"","context":"En \u00abSociedad\u00bb","block_context":{"text":"Sociedad","link":"https:\/\/www.24baires.com\/?cat=1"},"img":{"alt_text":"","src":"","width":0,"height":0},"classes":[]},{"id":100708,"url":"https:\/\/www.24baires.com\/?p=100708","url_meta":{"origin":17436,"position":4},"title":"Cambiemos pone trabas al debate sobre el aborto","author":"AF","date":"23\/02\/2018","format":false,"excerpt":"Desde el oficialismo aclararon que no hay que apurar la discusi\u00f3n y no dar\u00edan qu\u00f3rum para tratar la iniciativa en una sesi\u00f3n especial el 8 de marzo. Algunos oficialistas adelantaron que no aceptaran el tratamiento sin poner en debate otros temas, como el alquiler de vientres, agilizar las adopciones o\u2026","rel":"","context":"En \u00abSociedad\u00bb","block_context":{"text":"Sociedad","link":"https:\/\/www.24baires.com\/?cat=1"},"img":{"alt_text":"","src":"https:\/\/i0.wp.com\/www.24baires.com\/wp-content\/uploads\/2018\/02\/aborto-congreso.jpg?resize=350%2C200","width":350,"height":200,"srcset":"https:\/\/i0.wp.com\/www.24baires.com\/wp-content\/uploads\/2018\/02\/aborto-congreso.jpg?resize=350%2C200 1x, https:\/\/i0.wp.com\/www.24baires.com\/wp-content\/uploads\/2018\/02\/aborto-congreso.jpg?resize=525%2C300 1.5x"},"classes":[]},{"id":25858,"url":"https:\/\/www.24baires.com\/?p=25858","url_meta":{"origin":17436,"position":5},"title":"La C\u00e1mara de Diputados provincial sancion\u00f3 la ley que limita las excarcelaciones","author":"Grupo Sierra","date":"13\/06\/2013","format":false,"excerpt":"El proyecto del gobernador Daniel Scioli y su ministro Ricardo Casal fue convertido en ley esta tarde. La nueva norma restringe la liberaci\u00f3n de aquellas personas que sean detenidas con armas de fuego ilegales e intenten fugarse eludiendo el accionar policial. Por otro lado, se se dio media sanci\u00f3n a\u2026","rel":"","context":"En \u00abProvincia\u00bb","block_context":{"text":"Provincia","link":"https:\/\/www.24baires.com\/?cat=40"},"img":{"alt_text":"","src":"","width":0,"height":0},"classes":[]}],"jetpack_sharing_enabled":true,"jetpack_likes_enabled":true,"_links":{"self":[{"href":"https:\/\/www.24baires.com\/index.php?rest_route=\/wp\/v2\/posts\/17436","targetHints":{"allow":["GET"]}}],"collection":[{"href":"https:\/\/www.24baires.com\/index.php?rest_route=\/wp\/v2\/posts"}],"about":[{"href":"https:\/\/www.24baires.com\/index.php?rest_route=\/wp\/v2\/types\/post"}],"author":[{"embeddable":true,"href":"https:\/\/www.24baires.com\/index.php?rest_route=\/wp\/v2\/users\/4"}],"replies":[{"embeddable":true,"href":"https:\/\/www.24baires.com\/index.php?rest_route=%2Fwp%2Fv2%2Fcomments&post=17436"}],"version-history":[{"count":4,"href":"https:\/\/www.24baires.com\/index.php?rest_route=\/wp\/v2\/posts\/17436\/revisions"}],"predecessor-version":[{"id":17440,"href":"https:\/\/www.24baires.com\/index.php?rest_route=\/wp\/v2\/posts\/17436\/revisions\/17440"}],"wp:attachment":[{"href":"https:\/\/www.24baires.com\/index.php?rest_route=%2Fwp%2Fv2%2Fmedia&parent=17436"}],"wp:term":[{"taxonomy":"category","embeddable":true,"href":"https:\/\/www.24baires.com\/index.php?rest_route=%2Fwp%2Fv2%2Fcategories&post=17436"},{"taxonomy":"post_tag","embeddable":true,"href":"https:\/\/www.24baires.com\/index.php?rest_route=%2Fwp%2Fv2%2Ftags&post=17436"}],"curies":[{"name":"wp","href":"https:\/\/api.w.org\/{rel}","templated":true}]}}