{"id":17407,"date":"2013-03-04T11:00:13","date_gmt":"2013-03-04T14:00:13","guid":{"rendered":"http:\/\/www.24baires.com\/?p=17407"},"modified":"2013-03-04T12:47:26","modified_gmt":"2013-03-04T15:47:26","slug":"las-paritarias-para-los-profesionales-de-la-salud-todavia-no-tienen-fecha","status":"publish","type":"post","link":"https:\/\/www.24baires.com\/?p=17407","title":{"rendered":"\u00abLas paritarias para los profesionales de la salud todav\u00eda no tienen fecha\u00bb"},"content":{"rendered":"<p>Viviana Garc\u00eda, Presidenta de la Asociaci\u00f3n Sindical de Profesionales de Salud de la Provincia de Buenos Aires (CICOP), manifest\u00f3 la situaci\u00f3n que atraviesan los trabajadores del \u00e1rea y expres\u00f3 que \u201clas paritarias para los profesionales de la salud todav\u00eda no tienen fecha determinada para iniciar las convocatorias\u201d.<!--more--><\/p>\n<p>La titular de CICOP, coment\u00f3 \u00a0en di\u00e1logo con Radio La Plata\u00a0que actualmente \u201cen todas las seccionales, se est\u00e1 desarrollando el inicio de consultas hacia los afiliados para definir la profundizaci\u00f3n de las medidas de fuerza ante la no respuesta del Gobierno Provincial\u201d.<br \/>\nEn ese sentido, Garc\u00eda sostuvo: \u201cEl reclamo concretamente contiene un 40% de aumento de bolsillo, adem\u00e1s plantea nombramientos, insumos, mejoras en las condiciones edilicias y un nuevo plan de acci\u00f3n para controlar la violencia y la inseguridad en los trabajos\u201d.<br \/>\n\u201cLa propuesta salarial fue la misma que para el general de los trabajadores del estado, a lo que por supuesto dijimos que fue insuficiente, pero no tuvimos respuestas con ninguna de las otras cuestiones que tienen que ver con nuestras condiciones\u201d, detall\u00f3 la representante.<br \/>\nAsimismo, Garc\u00eda indic\u00f3: \u201cConsideramos que las condiciones de trabajo tienen que ver con todos los aspectos, por eso es poco probable que la oferta sea tan buena como para que se modifique la situaci\u00f3n, por el momento no vemos muchas posibilidades para que no se profundicen las medidas de fuerza\u201d.<br \/>\nEn otro orden de cosas, la dirigente hizo referencia a la manifestaci\u00f3n llevada adelante por los trabajadores del Hospital de Romero, y al respecto, se\u00f1al\u00f3 que \u201clas seccionales de CICOP son aut\u00f3nomas para tomar decisiones para decidir qu\u00e9 hacer desde cada lugar\u201d.<br \/>\n\u201cPor eso en los casos generales las decidimos en asambleas, pero despu\u00e9s las seccionales son aut\u00f3nomas y el Hospital de Romero tiene estas problem\u00e1ticas generales pero adem\u00e1s muchas otras espec\u00edficas que tienen que ver con la situaci\u00f3n particular\u201d, culmin\u00f3 Viviana Garc\u00eda.<\/p>\n<p>&nbsp;<\/p>\n<p>&nbsp;<\/p>\n<p>&nbsp;<\/p>\n<p>&nbsp;<\/p>\n<p>&nbsp;<\/p>\n<p>&nbsp;<\/p>\n<p>&nbsp;<\/p>\n<p>&nbsp;<\/p>\n<p>&nbsp;<\/p>\n<p>&nbsp;<\/p>\n","protected":false},"excerpt":{"rendered":"<p>Viviana Garc\u00eda, Presidenta de la Asociaci\u00f3n Sindical de Profesionales de Salud de la Provincia de Buenos Aires (CICOP), manifest\u00f3 la situaci\u00f3n que atraviesan los trabajadores del \u00e1rea y expres\u00f3 que \u201clas paritarias para los profesionales de la salud todav\u00eda no tienen fecha determinada para iniciar las convocatorias\u201d.<\/p>\n","protected":false},"author":4,"featured_media":0,"comment_status":"open","ping_status":"open","sticky":false,"template":"","format":"standard","meta":{"_jetpack_newsletter_access":"","_jetpack_dont_email_post_to_subs":false,"_jetpack_newsletter_tier_id":0,"_jetpack_memberships_contains_paywalled_content":false,"_jetpack_memberships_contains_paid_content":false,"footnotes":""},"categories":[1],"tags":[],"class_list":["post-17407","post","type-post","status-publish","format-standard","hentry","category-sociedad"],"jetpack_featured_media_url":"","jetpack_shortlink":"https:\/\/wp.me\/p2JWE0-4wL","jetpack-related-posts":[{"id":49718,"url":"https:\/\/www.24baires.com\/?p=49718","url_meta":{"origin":17407,"position":0},"title":"Cicop pedir\u00e1 la reapertura de paritarias","author":"GB","date":"12\/07\/2014","format":false,"excerpt":"Lo anunci\u00f3 la titular de la asociaci\u00f3n, Viviana Garc\u00eda. Tambi\u00e9n reclama mejoras edilicias y suministros. La titular de la Asociaci\u00f3n Sindical de Profesionales de la Salud de la Provincia de Buenos Aires (CICOP), Viviana Garc\u00ed\u00aca, afirm\u00f3 que el gremio solicitar\u00e1 \"la reapertura de las paritarias en el segundo semestre\" del\u2026","rel":"","context":"En \u00abProvincia\u00bb","block_context":{"text":"Provincia","link":"https:\/\/www.24baires.com\/?cat=40"},"img":{"alt_text":"cicop","src":"https:\/\/i0.wp.com\/www.24baires.com\/wp-content\/uploads\/2013\/05\/cicop-300x180.jpg?resize=350%2C200","width":350,"height":200},"classes":[]},{"id":93722,"url":"https:\/\/www.24baires.com\/?p=93722","url_meta":{"origin":17407,"position":1},"title":"Los m\u00e9dicos bonaerenses tambi\u00e9n planean instalar una carpa de protesta","author":"GB","date":"10\/04\/2017","format":false,"excerpt":"Tras la represi\u00f3n a los docentes que intentaban armar una carpa en el marco de su reclamo paritario, profesionales de la salud nucleados en CICOP anunciaron que instalar\u00e1n su propia carpa para \u201cen defensa de la Salud P\u00fablica\u201d. Podr\u00eda ser en Congreso o en el Obelisco. Mientras escala el conflicto\u2026","rel":"","context":"En \u00abProvincia\u00bb","block_context":{"text":"Provincia","link":"https:\/\/www.24baires.com\/?cat=40"},"img":{"alt_text":"","src":"https:\/\/i0.wp.com\/www.24baires.com\/wp-content\/uploads\/2017\/04\/carpa-cicop.jpg?resize=350%2C200","width":350,"height":200,"srcset":"https:\/\/i0.wp.com\/www.24baires.com\/wp-content\/uploads\/2017\/04\/carpa-cicop.jpg?resize=350%2C200 1x, https:\/\/i0.wp.com\/www.24baires.com\/wp-content\/uploads\/2017\/04\/carpa-cicop.jpg?resize=525%2C300 1.5x"},"classes":[]},{"id":23972,"url":"https:\/\/www.24baires.com\/?p=23972","url_meta":{"origin":17407,"position":2},"title":"El Ministro de Salud provincial cuestion\u00f3 el paro m\u00e9dico de la CICOP","author":"Grupo Sierra","date":"20\/05\/2013","format":false,"excerpt":"Los m\u00e9dicos agrupados en la Asociaci\u00f3n de Profesionales de la salud bonaerenses (CICOP) realizar\u00e1n a partir de ma\u00f1ana un paro de 96 horas en reclamo de mejoras salariales, medida que fue cuestionada por el ministro de salud Alejandro Collia quien asegur\u00f3 que \"es una metodolog\u00eda innecesaria\". \u00a0 La medida de\u2026","rel":"","context":"En \u00abProvincia\u00bb","block_context":{"text":"Provincia","link":"https:\/\/www.24baires.com\/?cat=40"},"img":{"alt_text":"","src":"","width":0,"height":0},"classes":[]},{"id":23568,"url":"https:\/\/www.24baires.com\/?p=23568","url_meta":{"origin":17407,"position":3},"title":"Viviana Garc\u00eda de CICOP: \u201cEstamos dispuestos a dialogar, aunque sea informalmente\u00bb","author":"AF","date":"15\/05\/2013","format":false,"excerpt":"La Secretaria General de la Asociaci\u00f3n Sindical de Profesionales de la Salud de la Provincia de Buenos Aires (CICOP), Viviana Garc\u00eda, sostuvo que contin\u00faan dispuestos a dialogar con el Gobierno Provincial acerca de las paritarias. En este sentido, Garc\u00eda expres\u00f3: \u201cNosotros estamos dispuestos a sentarnos a dialogar aunque sea informalmente,\u2026","rel":"","context":"En \u00abSociedad\u00bb","block_context":{"text":"Sociedad","link":"https:\/\/www.24baires.com\/?cat=1"},"img":{"alt_text":"hospital de paro","src":"https:\/\/i0.wp.com\/www.24baires.com\/wp-content\/uploads\/2013\/05\/hospital-de-paro.jpg?resize=350%2C200","width":350,"height":200},"classes":[]},{"id":116284,"url":"https:\/\/www.24baires.com\/?p=116284","url_meta":{"origin":17407,"position":4},"title":"CICOP: \u201cVamos a pedir un aumento del 50%\u201d","author":"GB","date":"21\/09\/2020","format":false,"excerpt":"Guillermo Pacagnini, secretario general de CICOP, se refiri\u00f3 a las expectativas en torno a las reuniones paritarias para el sector salud y a los reclamos que har\u00e1n esta tarde. El Ministerio de Trabajo bonaerense convoc\u00f3 a los gremios estatales, para este martes 22, a comenzar las reuniones por paritarias. Entre\u2026","rel":"","context":"En \u00abProvincia\u00bb","block_context":{"text":"Provincia","link":"https:\/\/www.24baires.com\/?cat=40"},"img":{"alt_text":"","src":"https:\/\/i0.wp.com\/www.24baires.com\/wp-content\/uploads\/2020\/06\/cicop.jpg?resize=350%2C200","width":350,"height":200,"srcset":"https:\/\/i0.wp.com\/www.24baires.com\/wp-content\/uploads\/2020\/06\/cicop.jpg?resize=350%2C200 1x, https:\/\/i0.wp.com\/www.24baires.com\/wp-content\/uploads\/2020\/06\/cicop.jpg?resize=525%2C300 1.5x"},"classes":[]},{"id":24034,"url":"https:\/\/www.24baires.com\/?p=24034","url_meta":{"origin":17407,"position":5},"title":"Arranc\u00f3 un nuevo paro por 96 horas en los hospitales bonaerenses","author":"Grupo Sierra","date":"21\/05\/2013","format":false,"excerpt":"Los m\u00e9dicos agrupados en la Asociaci\u00f3n Sindical de Profesionales de la Salud de la Provincia de Buenos Aires (CICOP) iniciaron hoy un nuevo paro de 96 horas en los hospitales p\u00fablicos bonaerenses para reclamar un incremento salarial y mejoras en las condiciones de trabajo. Igualmente, aseguraron que estar\u00e1 garantizada la\u2026","rel":"","context":"En \u00abProvincia\u00bb","block_context":{"text":"Provincia","link":"https:\/\/www.24baires.com\/?cat=40"},"img":{"alt_text":"","src":"","width":0,"height":0},"classes":[]}],"jetpack_sharing_enabled":true,"jetpack_likes_enabled":true,"_links":{"self":[{"href":"https:\/\/www.24baires.com\/index.php?rest_route=\/wp\/v2\/posts\/17407","targetHints":{"allow":["GET"]}}],"collection":[{"href":"https:\/\/www.24baires.com\/index.php?rest_route=\/wp\/v2\/posts"}],"about":[{"href":"https:\/\/www.24baires.com\/index.php?rest_route=\/wp\/v2\/types\/post"}],"author":[{"embeddable":true,"href":"https:\/\/www.24baires.com\/index.php?rest_route=\/wp\/v2\/users\/4"}],"replies":[{"embeddable":true,"href":"https:\/\/www.24baires.com\/index.php?rest_route=%2Fwp%2Fv2%2Fcomments&post=17407"}],"version-history":[{"count":1,"href":"https:\/\/www.24baires.com\/index.php?rest_route=\/wp\/v2\/posts\/17407\/revisions"}],"predecessor-version":[{"id":17408,"href":"https:\/\/www.24baires.com\/index.php?rest_route=\/wp\/v2\/posts\/17407\/revisions\/17408"}],"wp:attachment":[{"href":"https:\/\/www.24baires.com\/index.php?rest_route=%2Fwp%2Fv2%2Fmedia&parent=17407"}],"wp:term":[{"taxonomy":"category","embeddable":true,"href":"https:\/\/www.24baires.com\/index.php?rest_route=%2Fwp%2Fv2%2Fcategories&post=17407"},{"taxonomy":"post_tag","embeddable":true,"href":"https:\/\/www.24baires.com\/index.php?rest_route=%2Fwp%2Fv2%2Ftags&post=17407"}],"curies":[{"name":"wp","href":"https:\/\/api.w.org\/{rel}","templated":true}]}}