{"id":17401,"date":"2013-03-04T08:30:47","date_gmt":"2013-03-04T11:30:47","guid":{"rendered":"http:\/\/www.24baires.com\/?p=17401"},"modified":"2013-03-04T12:17:08","modified_gmt":"2013-03-04T15:17:08","slug":"docentes-comenzando-su-primer-dia-de-paro-advierten-sobre-mas-medidas-de-fuerza","status":"publish","type":"post","link":"https:\/\/www.24baires.com\/?p=17401","title":{"rendered":"Docentes: comenzando su primer d\u00eda de paro advierten sobre m\u00e1s medidas de fuerza"},"content":{"rendered":"<p><img data-recalc-dims=\"1\" loading=\"lazy\" decoding=\"async\" class=\"aligncenter size-full wp-image-8577\" alt=\"baradel declaraciones\" src=\"https:\/\/i0.wp.com\/www.24baires.com\/wp-content\/uploads\/2012\/12\/baradel-declaraciones.jpg?resize=560%2C420\" width=\"560\" height=\"420\" srcset=\"https:\/\/i0.wp.com\/www.24baires.com\/wp-content\/uploads\/2012\/12\/baradel-declaraciones.jpg?w=560&amp;ssl=1 560w, https:\/\/i0.wp.com\/www.24baires.com\/wp-content\/uploads\/2012\/12\/baradel-declaraciones.jpg?resize=300%2C225&amp;ssl=1 300w\" sizes=\"auto, (max-width: 560px) 100vw, 560px\" \/>El secretario general de Suteba, Roberto Baradel, dijo que podr\u00edan aplicarlas la semana pr\u00f3xima, en caso de que el gobierno bonaerense no mejore la oferta. Hoy comenzaron el paro de 48 horas.<!--more--><br \/>\n\u00abSi la actitud del gobierno no se modifica, la semana que viene va a estar paralizado todo el sistema educativo de la provincia de Buenos Aires\u00bb, dijo el dirigente gremial durante un conferencia de prensa realizada esta ma\u00f1ana.<\/p>\n<p>Los maestros cumplen hoy la primera jornada de un paro de 48 horas dispuesto por el Frente Gremial Docente en rechazo al 17,8 por ciento de aumento ofrecido por el gobierno provincial.<\/p>\n<p>La medida de fuerza coincide con el inicio de clases de las escuelas medias bonaerenses, por lo que los alumnos de ese nivel \u00abhoy no empezaron las clases\u00bb, se\u00f1al\u00f3 Baradel, al tiempo que asegur\u00f3 que \u00abel paro es total y masivo en toda la provincia\u00bb.<\/p>\n<p>Asimismo, el dirigente gremial detall\u00f3 que \u00abel mi\u00e9rcoles se realizar\u00e1 una jornada de protesta en toda la provincia, con asambleas, actividades distritales y radios abiertas\u00bb.<\/p>\n<p>\u00abCreemos que lo que ha planteado el gobernador (Daniel Scioli) durante la Asamblea Legislativa se tiene que traducir en forma urgente en hechos concretos, con una propuesta integral que pueda resolver la crisis en la que hoy est\u00e1 sumergido el sistema educativo\u00bb, indic\u00f3 Baradel durante la conferencia de prensa.<\/p>\n<p>En ese marco, a\u00f1adi\u00f3: \u00abNo podemos esperar m\u00e1s, no podemos aceptar un recorte salarial, no podemos aceptar que no haya presupuesto para arreglar las escuelas, ni para los comedores y transportes escolares, as\u00ed como tampoco que no haya presupuesto para los aportes de la obra social de los docentes\u00bb.<\/p>\n<p>Baradel denunci\u00f3 adem\u00e1s que \u00abvarios empleadores de la educaci\u00f3n privada est\u00e1n amenazando a los docentes con el despido por llevar adelante las medidas de fuerza\u00bb, tras lo cual asegur\u00f3 que \u00abtampoco lo vamos a permitir\u00bb.<\/p>\n<p>El sindicalista anunci\u00f3 que el gremio, junto al SADOP (Sindicato Argentino de Docentes privados), se movilizar\u00e1 el mi\u00e9rcoles al Ministerio de Educaci\u00f3n de la Naci\u00f3n \u00abpara acompa\u00f1ar al reclamo de CTERA por la reapertura de paritarias a nivel nacional y por la modificaci\u00f3n de una ley de financiamiento educativo que traiga m\u00e1s inversi\u00f3n\u00bb.<\/p>\n<p>Por su parte, Stella Maldonado, titular de CTERA, detall\u00f3 que el \u00abmi\u00e9rcoles 6 de marzo cerca del mediod\u00eda se realizar\u00e1 una movilizaci\u00f3n al Ministerio de Educaci\u00f3n con los sindicatos de base de todo el pa\u00eds por la reapertura de las paritarias no s\u00f3lo para discutir salarios sino para todos los temas que tienen que ver con nuestras condiciones de trabajo\u00bb.<\/p>\n<p>Adem\u00e1s de los docentes, en la provincia de Buenos Aires los empleados estatales realizan un paro de 48 horas en reclamo de la \u00abreapertura de las negociaciones, pero para discutir en serio una aumento salarial\u00bb, asegur\u00f3 Fabi\u00e1n Alessandrini, secretario general de ATE, presente tambi\u00e9n en la conferencia de prensa.<\/p>\n<p>Por el paro, \u00abauxiliares de limpieza, de cocina, trabajadores de los hospitales, toda la administraci\u00f3n central, Registros Civiles, Patronato de Liberados y distintas \u00e1reas que dependen de la provincia est\u00e1n totalmente paralizadas\u00bb, detall\u00f3.<\/p>\n<p>\u00abReclamamos la reapertura de las paritarias, por un aumento salarial acorde a la situaci\u00f3n, en un pago y retroactivo al primero de enero y la apertura de juzgados, instituciones, dependencias que est\u00e1n pendientes hace m\u00e1s de dos a\u00f1os, que hacen a la seguridad de todos los ciudadanos de la provincia\u00bb, concluy\u00f3.<\/p>\n<p>&nbsp;<\/p>\n<p>&nbsp;<\/p>\n<p>&nbsp;<\/p>\n<p>&nbsp;<\/p>\n<p>&nbsp;<\/p>\n<p>&nbsp;<\/p>\n<p>&nbsp;<\/p>\n<p>&nbsp;<\/p>\n<p>&nbsp;<\/p>\n<p>&nbsp;<\/p>\n<p>&nbsp;<\/p>\n<p>&nbsp;<\/p>\n<p>&nbsp;<\/p>\n<p>&nbsp;<\/p>\n","protected":false},"excerpt":{"rendered":"<p>El secretario general de Suteba, Roberto Baradel, dijo que podr\u00edan aplicarlas la semana pr\u00f3xima, en caso de que el gobierno bonaerense no mejore la oferta. Hoy comenzaron el paro de 48 horas.<\/p>\n","protected":false},"author":4,"featured_media":0,"comment_status":"open","ping_status":"open","sticky":false,"template":"","format":"standard","meta":{"_jetpack_newsletter_access":"","_jetpack_dont_email_post_to_subs":false,"_jetpack_newsletter_tier_id":0,"_jetpack_memberships_contains_paywalled_content":false,"_jetpack_memberships_contains_paid_content":false,"footnotes":""},"categories":[1],"tags":[],"class_list":["post-17401","post","type-post","status-publish","format-standard","hentry","category-sociedad"],"jetpack_featured_media_url":"","jetpack_shortlink":"https:\/\/wp.me\/p2JWE0-4wF","jetpack-related-posts":[{"id":105021,"url":"https:\/\/www.24baires.com\/?p=105021","url_meta":{"origin":17401,"position":0},"title":"Baradel: \u201cLas razones del paro ni siquiera hay que explicarlas\u00bb","author":"AF","date":"19\/10\/2018","format":false,"excerpt":"El dirigente gremial le respondi\u00f3 a Fabi\u00e1n Perechodnik, secretario General de la gobernaci\u00f3n de Mar\u00eda Eugenia Vidal, quien opin\u00f3 que \"el paro docente no tiene mucha explicaci\u00f3n\". Se cumple con alto acatamiento el segundo d\u00eda de huelga. El secretario General del SUTEBA, Roberto Baradel dijo hoy que \u201clas razones del\u2026","rel":"","context":"En \u00abSociedad\u00bb","block_context":{"text":"Sociedad","link":"https:\/\/www.24baires.com\/?cat=1"},"img":{"alt_text":"","src":"https:\/\/i0.wp.com\/www.24baires.com\/wp-content\/uploads\/2018\/10\/baradel.jpg?resize=350%2C200","width":350,"height":200,"srcset":"https:\/\/i0.wp.com\/www.24baires.com\/wp-content\/uploads\/2018\/10\/baradel.jpg?resize=350%2C200 1x, https:\/\/i0.wp.com\/www.24baires.com\/wp-content\/uploads\/2018\/10\/baradel.jpg?resize=525%2C300 1.5x"},"classes":[]},{"id":102594,"url":"https:\/\/www.24baires.com\/?p=102594","url_meta":{"origin":17401,"position":1},"title":"Docentes amenazan con no arrancar las clases post vacaciones","author":"AF","date":"07\/06\/2018","format":false,"excerpt":"La Federaci\u00f3n de Educadores Bonaerenses (FEB) amenaz\u00f3 hoy con no iniciar las clases tras el receso invernal \"si no hay una discusi\u00f3n salarial urgente\", mientras que el Frente de Unidad (FUDB) buscar\u00e1 consensuar un paro por 48 horas para la semana que viene, a \"48 d\u00edas de la \u00faltima convocatoria\u2026","rel":"","context":"En \u00abSociedad\u00bb","block_context":{"text":"Sociedad","link":"https:\/\/www.24baires.com\/?cat=1"},"img":{"alt_text":"","src":"https:\/\/i0.wp.com\/www.24baires.com\/wp-content\/uploads\/2017\/11\/docentes.jpg?resize=350%2C200","width":350,"height":200,"srcset":"https:\/\/i0.wp.com\/www.24baires.com\/wp-content\/uploads\/2017\/11\/docentes.jpg?resize=350%2C200 1x, https:\/\/i0.wp.com\/www.24baires.com\/wp-content\/uploads\/2017\/11\/docentes.jpg?resize=525%2C300 1.5x"},"classes":[]},{"id":51103,"url":"https:\/\/www.24baires.com\/?p=51103","url_meta":{"origin":17401,"position":2},"title":"Paran docentes de la Provincia porque \u00abno se cumple la paritaria\u00bb","author":"AF","date":"04\/08\/2014","format":false,"excerpt":"El secretario general de SUTEBA, Roberto Baradel, dijo que la huelga de 48 horas que iniciaron hoy es para \"pedirle al gobierno provincial que cumpla con los acuerdos\u201d en temas vinculados a salarios, infraestructura, comedores y obra social. El secretario general de SUTEBA, Roberto Baradel, dijo que la huelga de\u2026","rel":"","context":"En \u00abSociedad\u00bb","block_context":{"text":"Sociedad","link":"https:\/\/www.24baires.com\/?cat=1"},"img":{"alt_text":"aula vac\u00eda","src":"https:\/\/i0.wp.com\/www.24baires.com\/wp-content\/uploads\/2014\/03\/aula-vac%C3%ADa.jpg?resize=350%2C200","width":350,"height":200,"srcset":"https:\/\/i0.wp.com\/www.24baires.com\/wp-content\/uploads\/2014\/03\/aula-vac%C3%ADa.jpg?resize=350%2C200 1x, https:\/\/i0.wp.com\/www.24baires.com\/wp-content\/uploads\/2014\/03\/aula-vac%C3%ADa.jpg?resize=525%2C300 1.5x"},"classes":[]},{"id":16680,"url":"https:\/\/www.24baires.com\/?p=16680","url_meta":{"origin":17401,"position":3},"title":"Docentes, m\u00e9dicos y estatales paran hoy en la Provincia","author":"AF","date":"25\/02\/2013","format":false,"excerpt":"En el marco de sus reclamos por aumentos salariales, los docentes, los estatales de ATE y los m\u00e9dicos de Cicop realizan una medida de fuerza que mantiene sin actividad a las escuelas, organismos p\u00fablicos y hospitales. El Frente Gremial Docente bonaerense que comandan FEB y Suteba realiza un paro de\u2026","rel":"","context":"En \u00abSociedad\u00bb","block_context":{"text":"Sociedad","link":"https:\/\/www.24baires.com\/?cat=1"},"img":{"alt_text":"","src":"","width":0,"height":0},"classes":[]},{"id":17893,"url":"https:\/\/www.24baires.com\/?p=17893","url_meta":{"origin":17401,"position":4},"title":"Cuartango: \u00abme voy a sentar a negociar con una pistola en la nuca\u00bb","author":"AF","date":"09\/03\/2013","format":false,"excerpt":"El ministro de Trabajo bonaerense, Oscar Cuartango, asegur\u00f3 este s\u00e1bado que la advertencia de nuevas medidas de fuerza lanzadas por los gremios docentes lo har\u00e1 sentarse con \"una pistola en la nuca\" en la nueva ronda de negociaci\u00f3n salarial convocada para el pr\u00f3ximo lunes. \"Ya han decretado un paro de\u2026","rel":"","context":"En \u00abSociedad\u00bb","block_context":{"text":"Sociedad","link":"https:\/\/www.24baires.com\/?cat=1"},"img":{"alt_text":"","src":"","width":0,"height":0},"classes":[]},{"id":21673,"url":"https:\/\/www.24baires.com\/?p=21673","url_meta":{"origin":17401,"position":5},"title":"\u00abSi no hay negociaci\u00f3n, no hay conciliaci\u00f3n\u00bb, asegur\u00f3 Baradel","author":"AF","date":"23\/04\/2013","format":false,"excerpt":"Los docentes bonaerenses definir\u00e1n en las pr\u00f3ximas horas si acatan o no la conciliaci\u00f3n obligatoria que dict\u00f3 el Gobierno provincial, para desactivar el paro de 48 horas previsto para ma\u00f1ana y pasado. \"Tenemos que resolver definitivamente qu\u00e9 es lo que vamos a hacer con la conciliaci\u00f3n obligatoria. El equipo jur\u00eddico\u2026","rel":"","context":"En \u00abSociedad\u00bb","block_context":{"text":"Sociedad","link":"https:\/\/www.24baires.com\/?cat=1"},"img":{"alt_text":"baradel petrocini","src":"https:\/\/i0.wp.com\/www.24baires.com\/wp-content\/uploads\/2013\/01\/baradel-petrocini.png?resize=350%2C200","width":350,"height":200},"classes":[]}],"jetpack_sharing_enabled":true,"jetpack_likes_enabled":true,"_links":{"self":[{"href":"https:\/\/www.24baires.com\/index.php?rest_route=\/wp\/v2\/posts\/17401","targetHints":{"allow":["GET"]}}],"collection":[{"href":"https:\/\/www.24baires.com\/index.php?rest_route=\/wp\/v2\/posts"}],"about":[{"href":"https:\/\/www.24baires.com\/index.php?rest_route=\/wp\/v2\/types\/post"}],"author":[{"embeddable":true,"href":"https:\/\/www.24baires.com\/index.php?rest_route=\/wp\/v2\/users\/4"}],"replies":[{"embeddable":true,"href":"https:\/\/www.24baires.com\/index.php?rest_route=%2Fwp%2Fv2%2Fcomments&post=17401"}],"version-history":[{"count":2,"href":"https:\/\/www.24baires.com\/index.php?rest_route=\/wp\/v2\/posts\/17401\/revisions"}],"predecessor-version":[{"id":17403,"href":"https:\/\/www.24baires.com\/index.php?rest_route=\/wp\/v2\/posts\/17401\/revisions\/17403"}],"wp:attachment":[{"href":"https:\/\/www.24baires.com\/index.php?rest_route=%2Fwp%2Fv2%2Fmedia&parent=17401"}],"wp:term":[{"taxonomy":"category","embeddable":true,"href":"https:\/\/www.24baires.com\/index.php?rest_route=%2Fwp%2Fv2%2Fcategories&post=17401"},{"taxonomy":"post_tag","embeddable":true,"href":"https:\/\/www.24baires.com\/index.php?rest_route=%2Fwp%2Fv2%2Ftags&post=17401"}],"curies":[{"name":"wp","href":"https:\/\/api.w.org\/{rel}","templated":true}]}}