{"id":17396,"date":"2013-03-04T10:30:00","date_gmt":"2013-03-04T13:30:00","guid":{"rendered":"http:\/\/www.24baires.com\/?p=17396"},"modified":"2013-03-04T11:55:10","modified_gmt":"2013-03-04T14:55:10","slug":"accidente-sobre-ruta-33-murio-un-joven-de-17-anos-y-otros-cuatro-adolescentes-estan-graves","status":"publish","type":"post","link":"https:\/\/www.24baires.com\/?p=17396","title":{"rendered":"Accidente sobre Ruta 33: muri\u00f3 un joven de 17 a\u00f1os y otros cuatro adolescentes est\u00e1n graves"},"content":{"rendered":"<p><img data-recalc-dims=\"1\" loading=\"lazy\" decoding=\"async\" class=\"alignleft size-full wp-image-17397\" alt=\"volcado casbas\" src=\"https:\/\/i0.wp.com\/www.24baires.com\/wp-content\/uploads\/2013\/03\/volcado-casbas.jpg?resize=300%2C220\" width=\"300\" height=\"220\" \/>Un joven de 17 a\u00f1os identificado como Ezequiel Cando perdi\u00f3 la vida luego de volcar el auto en el que viajaba. Ocurri\u00f3 sobre las 6.40 de este lunes, en el kil\u00f3metro 310 de la ruta 33, a la altura de <strong>Casbas<\/strong>.<!--more--><\/p>\n<p>El accidente se registr\u00f3 cuando regresaba de Tres Lomas en un Peugeot 206 que era conducido por Alexis Gonz\u00e1lez (21). Por causas que se desconocen, el veh\u00edculo mordi\u00f3 la banquina, dio unos trompos y termin\u00f3 del otro lado de la ruta.<\/p>\n<p>Gonz\u00e1lez, al igual que los otros ocupantes del Peugeot, se encuentra internado en grave estado. Tambi\u00e9n permanecen en terapia intensiva: Roc\u00edo Lemos, de 18 a\u00f1os; Brian Gonz\u00e1lez, de 17; y Luc\u00eda Vera, de 16 a\u00f1os.<\/p>\n<p>Sobre esta \u00faltima joven, seg\u00fan se inform\u00f3, se eval\u00faa su traslado a otro centro de salud dado que su estado de salud es \u201cmuy delicado\u201d.<\/p>\n<p>&nbsp;<\/p>\n<p>&nbsp;<\/p>\n<p>&nbsp;<\/p>\n<p>&nbsp;<\/p>\n<p>&nbsp;<\/p>\n<p>&nbsp;<\/p>\n<p>&nbsp;<\/p>\n<p>&nbsp;<\/p>\n<p>&nbsp;<\/p>\n<p>&nbsp;<\/p>\n<p>&nbsp;<\/p>\n<p>&nbsp;<\/p>\n<p>&nbsp;<\/p>\n<p>&nbsp;<\/p>\n<p>&nbsp;<\/p>\n<p>&nbsp;<\/p>\n","protected":false},"excerpt":{"rendered":"<p>Un joven de 17 a\u00f1os identificado como Ezequiel Cando perdi\u00f3 la vida luego de volcar el auto en el que viajaba. Ocurri\u00f3 sobre las 6.40 de este lunes, en el kil\u00f3metro 310 de la ruta 33, a la altura de Casbas.<\/p>\n","protected":false},"author":4,"featured_media":0,"comment_status":"open","ping_status":"open","sticky":false,"template":"","format":"standard","meta":{"_jetpack_newsletter_access":"","_jetpack_dont_email_post_to_subs":false,"_jetpack_newsletter_tier_id":0,"_jetpack_memberships_contains_paywalled_content":false,"_jetpack_memberships_contains_paid_content":false,"footnotes":""},"categories":[1],"tags":[],"class_list":["post-17396","post","type-post","status-publish","format-standard","hentry","category-sociedad"],"jetpack_featured_media_url":"","jetpack_shortlink":"https:\/\/wp.me\/p2JWE0-4wA","jetpack-related-posts":[{"id":72616,"url":"https:\/\/www.24baires.com\/?p=72616","url_meta":{"origin":17396,"position":0},"title":"Gonz\u00e1lez Cat\u00e1n: colectivero atropell\u00f3 y mat\u00f3 a dos adolescentes que sal\u00edan del colegio","author":"AF","date":"24\/09\/2015","format":false,"excerpt":"Ocurri\u00f3 ayer cerca de las 18 en el cruce de la Ruta 3 y Sim\u00f3n P\u00e9rez, de la localidad bonaerense de Gonz\u00e1lez Cat\u00e1n. El veh\u00edculo pas\u00f3 en rojo y choc\u00f3 a un auto. Dos adolescentes de 16 a\u00f1os murieron ayer en el cruce de la Ruta 3 y Sim\u00f3n P\u00e9rez,\u2026","rel":"","context":"En \u00abLocales\u00bb","block_context":{"text":"Locales","link":"https:\/\/www.24baires.com\/?cat=38"},"img":{"alt_text":"accidente gc","src":"https:\/\/i0.wp.com\/www.24baires.com\/wp-content\/uploads\/2015\/09\/accidente-gc.png?resize=350%2C200","width":350,"height":200,"srcset":"https:\/\/i0.wp.com\/www.24baires.com\/wp-content\/uploads\/2015\/09\/accidente-gc.png?resize=350%2C200 1x, https:\/\/i0.wp.com\/www.24baires.com\/wp-content\/uploads\/2015\/09\/accidente-gc.png?resize=525%2C300 1.5x"},"classes":[]},{"id":41513,"url":"https:\/\/www.24baires.com\/?p=41513","url_meta":{"origin":17396,"position":1},"title":"Imprudencia al volante: condujo borracho por el carril contrario y choc\u00f3","author":"Grupo Sierra","date":"04\/03\/2014","format":false,"excerpt":"CHAPADMALAL- Un hombre que manejaba alcoholizado su autom\u00f3vil choc\u00f3 a otros tres veh\u00edculos que circulaban en sentido contrario en la ruta 11, entre Mar del Plata y Miramar, y por el accidente una mujer de 60 a\u00f1os fue hospitalizada con lesiones leves. Fuentes policiales aseguraron que el hecho se registr\u00f3\u2026","rel":"","context":"En \u00abLocales\u00bb","block_context":{"text":"Locales","link":"https:\/\/www.24baires.com\/?cat=38"},"img":{"alt_text":"ruta 50","src":"https:\/\/i0.wp.com\/www.24baires.com\/wp-content\/uploads\/2013\/03\/ruta-502-300x199.jpg?resize=350%2C200","width":350,"height":200},"classes":[]},{"id":2220,"url":"https:\/\/www.24baires.com\/?p=2220","url_meta":{"origin":17396,"position":2},"title":"Mujer en grave estado tras chocar cerca de Necochea","author":"AF","date":"15\/10\/2012","format":false,"excerpt":"Una bahiense de 36 a\u00f1os se encuentra internada en terapia intensiva, en estado cr\u00edtico, tras protagonizar un choque entre dos autom\u00f3viles en la ruta nacional 228, a 20 kil\u00f3metros de la ciudad de Necochea. Producto de este choque otras cuatro personas resultaron heridas, las cuales fueron atendidas en un hospital\u2026","rel":"","context":"En \u00abPoliciales\u00bb","block_context":{"text":"Policiales","link":"https:\/\/www.24baires.com\/?cat=49"},"img":{"alt_text":"","src":"https:\/\/i0.wp.com\/www.24baires.com\/wp-content\/uploads\/2012\/10\/choqueneco-300x219.jpg?resize=350%2C200","width":350,"height":200},"classes":[]},{"id":16984,"url":"https:\/\/www.24baires.com\/?p=16984","url_meta":{"origin":17396,"position":3},"title":"\u00abGarc\u00eda est\u00e1 destruido, todo el d\u00eda tirado en la cama\u00bb, asegur\u00f3 su abogado","author":"AF","date":"28\/02\/2013","format":false,"excerpt":"Pablo Garc\u00eda, acusado de atropellar y matar a un ciclista en la Panamericana y llevar el cad\u00e1ver en su auto durante 17 kil\u00f3metros, est\u00e1 \"destruido\" y \"todo el d\u00eda en la cama\", asegur\u00f3 su abogado, Adri\u00e1n Albor. El letrado tambi\u00e9n inform\u00f3 que las pericias determinaron que Garc\u00eda \"no circulaba a\u2026","rel":"","context":"En \u00abSociedad\u00bb","block_context":{"text":"Sociedad","link":"https:\/\/www.24baires.com\/?cat=1"},"img":{"alt_text":"504 p garcia","src":"https:\/\/i0.wp.com\/www.24baires.com\/wp-content\/uploads\/2013\/02\/504-p-garcia.jpg?resize=350%2C200","width":350,"height":200,"srcset":"https:\/\/i0.wp.com\/www.24baires.com\/wp-content\/uploads\/2013\/02\/504-p-garcia.jpg?resize=350%2C200 1x, https:\/\/i0.wp.com\/www.24baires.com\/wp-content\/uploads\/2013\/02\/504-p-garcia.jpg?resize=525%2C300 1.5x"},"classes":[]},{"id":50657,"url":"https:\/\/www.24baires.com\/?p=50657","url_meta":{"origin":17396,"position":4},"title":"Accidente m\u00faltiple en San Antonio de Areco: un muerto y dos heridos graves","author":"AF","date":"28\/07\/2014","format":false,"excerpt":"Un cami\u00f3n y dos autos fueron los protagonistas de un accidente fatal esta ma\u00f1ana en la Ruta 8, a la altura del kil\u00f3metro 135. El conductor de uno de los autos falleci\u00f3 en el acto. El hecho ocurri\u00f3 esta ma\u00f1ana y la tragedia se dio tras un choque triple en\u2026","rel":"","context":"En \u00abLocales\u00bb","block_context":{"text":"Locales","link":"https:\/\/www.24baires.com\/?cat=38"},"img":{"alt_text":"ruta 50","src":"https:\/\/i0.wp.com\/www.24baires.com\/wp-content\/uploads\/2013\/03\/ruta-502-300x199.jpg?resize=350%2C200","width":350,"height":200},"classes":[]},{"id":17082,"url":"https:\/\/www.24baires.com\/?p=17082","url_meta":{"origin":17396,"position":5},"title":"Accidente fatal en la Ruta 88 a la altura de Quequ\u00e9n: muri\u00f3 un bahiense","author":"AF","date":"01\/03\/2013","format":false,"excerpt":"Una persona de sexo masculino perdi\u00f3 su vida cuando choc\u00f3 con su veh\u00edculo, un Renault Megane, contra la parte trasera del acoplado de un cami\u00f3n Dodge 800, cargado con cereal. El fatal accidente ocurri\u00f3 en la Ruta 88, a 23 kil\u00f3metros de Quequ\u00e9n, en cercan\u00edas de la estancia \u201cAmalur\u201d.El conductor\u2026","rel":"","context":"En \u00abPoliciales\u00bb","block_context":{"text":"Policiales","link":"https:\/\/www.24baires.com\/?cat=49"},"img":{"alt_text":"megane quequ\u00e9n","src":"https:\/\/i0.wp.com\/www.24baires.com\/wp-content\/uploads\/2013\/03\/megane-quequ%C3%A9n.jpg?resize=350%2C200","width":350,"height":200,"srcset":"https:\/\/i0.wp.com\/www.24baires.com\/wp-content\/uploads\/2013\/03\/megane-quequ%C3%A9n.jpg?resize=350%2C200 1x, https:\/\/i0.wp.com\/www.24baires.com\/wp-content\/uploads\/2013\/03\/megane-quequ%C3%A9n.jpg?resize=525%2C300 1.5x"},"classes":[]}],"jetpack_sharing_enabled":true,"jetpack_likes_enabled":true,"_links":{"self":[{"href":"https:\/\/www.24baires.com\/index.php?rest_route=\/wp\/v2\/posts\/17396","targetHints":{"allow":["GET"]}}],"collection":[{"href":"https:\/\/www.24baires.com\/index.php?rest_route=\/wp\/v2\/posts"}],"about":[{"href":"https:\/\/www.24baires.com\/index.php?rest_route=\/wp\/v2\/types\/post"}],"author":[{"embeddable":true,"href":"https:\/\/www.24baires.com\/index.php?rest_route=\/wp\/v2\/users\/4"}],"replies":[{"embeddable":true,"href":"https:\/\/www.24baires.com\/index.php?rest_route=%2Fwp%2Fv2%2Fcomments&post=17396"}],"version-history":[{"count":2,"href":"https:\/\/www.24baires.com\/index.php?rest_route=\/wp\/v2\/posts\/17396\/revisions"}],"predecessor-version":[{"id":17400,"href":"https:\/\/www.24baires.com\/index.php?rest_route=\/wp\/v2\/posts\/17396\/revisions\/17400"}],"wp:attachment":[{"href":"https:\/\/www.24baires.com\/index.php?rest_route=%2Fwp%2Fv2%2Fmedia&parent=17396"}],"wp:term":[{"taxonomy":"category","embeddable":true,"href":"https:\/\/www.24baires.com\/index.php?rest_route=%2Fwp%2Fv2%2Fcategories&post=17396"},{"taxonomy":"post_tag","embeddable":true,"href":"https:\/\/www.24baires.com\/index.php?rest_route=%2Fwp%2Fv2%2Ftags&post=17396"}],"curies":[{"name":"wp","href":"https:\/\/api.w.org\/{rel}","templated":true}]}}