{"id":17370,"date":"2013-03-03T21:34:10","date_gmt":"2013-03-04T00:34:10","guid":{"rendered":"http:\/\/www.24baires.com\/?p=17370"},"modified":"2013-03-04T12:55:12","modified_gmt":"2013-03-04T15:55:12","slug":"los-docentes-de-la-provincia-de-buenos-aires-inician-dos-jornadas-de-paro-y-movilizacion","status":"publish","type":"post","link":"https:\/\/www.24baires.com\/?p=17370","title":{"rendered":"Los docentes de la Provincia de Buenos Aires inician dos jornadas de paro y movilizaci\u00f3n"},"content":{"rendered":"<p><img data-recalc-dims=\"1\" loading=\"lazy\" decoding=\"async\" class=\"aligncenter size-full wp-image-5537\" alt=\"baradel reuni\u00f3n\" src=\"https:\/\/i0.wp.com\/www.24baires.com\/wp-content\/uploads\/2012\/11\/baradel-reuni%C3%B3n.jpg?resize=560%2C335\" width=\"560\" height=\"335\" srcset=\"https:\/\/i0.wp.com\/www.24baires.com\/wp-content\/uploads\/2012\/11\/baradel-reuni%C3%B3n.jpg?w=560&amp;ssl=1 560w, https:\/\/i0.wp.com\/www.24baires.com\/wp-content\/uploads\/2012\/11\/baradel-reuni%C3%B3n.jpg?resize=300%2C179&amp;ssl=1 300w\" sizes=\"auto, (max-width: 560px) 100vw, 560px\" \/><\/p>\n<p>Iniciar\u00e1n este lunes un paro de 48 horas en rechazo a la oferta de 17,8% de aumento salarial realizada por el gobierno provincial. De este modo, los estudiantes secundarios tampoco iniciar\u00e1n las clases el d\u00eda previsto.<!--more--><\/p>\n<p>El Sindicato \u00danico de Trabajadores de la Educaci\u00f3n de la Provincia de Buenos Aires (Suteba), que llam\u00f3 a este paro, dar\u00e1 una conferencia de prensa ma\u00f1ana a las 7.30 en Piedras 740, ciudad de Buenos Aires, seg\u00fan inform\u00f3 en un comunicado.<\/p>\n<p>Estar\u00e1n presentes Roberto Baradel, secretario general de Suteba y de la CTA Buenos Aires , y Stella Maldonado, secretaria general de Ctera.<\/p>\n<p>La medida de fuerza, junto con una jornada de protesta anunciada para el mi\u00e9rcoles, fue votada a mano alzada por miles de docentes, en el marco de la manifestaci\u00f3n realizada el jueves frente a la Casa de la Provincia de Buenos Aires, en la Capital Federal, como corolario de una marcha que uni\u00f3 ese punto con el Congreso Nacional.<\/p>\n<p>\u201cNos ofrecen un 12% por seis meses, el 14,5% por tres meses y un 17,8% reci\u00e9n en enero de 2014. No pueden hacer esa propuesta y adem\u00e1s con una picard\u00eda doble, porque el aumento se ubica por debajo del costo de vida y eso tiene un solo nombre: recorte salarial\u201d, asegur\u00f3 Baradel ante los manifestantes.<\/p>\n<p>El dirigente advirti\u00f3 que \u201cde ac\u00e1 en adelante vamos a estar de paro y movilizaci\u00f3n\u00bb si el gobierno de la provincia no hace una \u201cpropuesta integral que resuelva el conflicto\u201d.<\/p>\n<p>Adem\u00e1s, los dirigentes de los cinco sindicatos que forman el Frente Gremial Docente adelantaron que no aceptar\u00e1n una nueva oferta si \u00e9sta es igual al piso de 22% propuesto en la paritaria nacional docente.<\/p>\n<p>&nbsp;<\/p>\n<p>&nbsp;<\/p>\n<p>&nbsp;<\/p>\n<p>&nbsp;<\/p>\n<p>&nbsp;<\/p>\n<p>&nbsp;<\/p>\n<p>&nbsp;<\/p>\n<p>&nbsp;<\/p>\n<p>&nbsp;<\/p>\n<p>&nbsp;<\/p>\n<p>&nbsp;<\/p>\n<p>&nbsp;<\/p>\n","protected":false},"excerpt":{"rendered":"<p>Iniciar\u00e1n este lunes un paro de 48 horas en rechazo a la oferta de 17,8% de aumento salarial realizada por el gobierno provincial. De este modo, los estudiantes secundarios tampoco iniciar\u00e1n las clases el d\u00eda previsto.<\/p>\n","protected":false},"author":11,"featured_media":0,"comment_status":"open","ping_status":"open","sticky":false,"template":"","format":"standard","meta":{"_jetpack_newsletter_access":"","_jetpack_dont_email_post_to_subs":false,"_jetpack_newsletter_tier_id":0,"_jetpack_memberships_contains_paywalled_content":false,"_jetpack_memberships_contains_paid_content":false,"footnotes":""},"categories":[1],"tags":[],"class_list":["post-17370","post","type-post","status-publish","format-standard","hentry","category-sociedad"],"jetpack_featured_media_url":"","jetpack_shortlink":"https:\/\/wp.me\/p2JWE0-4wa","jetpack-related-posts":[{"id":107705,"url":"https:\/\/www.24baires.com\/?p=107705","url_meta":{"origin":17370,"position":0},"title":"Docentes se suman al paro nacional del 30 de abril y no habr\u00e1 clases","author":"GB","date":"17\/04\/2019","format":false,"excerpt":"SUTEBA inform\u00f3 que se plegar\u00e1n al paro del martes 30 de abril que realizar\u00e1n la Multisectorial 21F, las tres CTA, movimientos sociales y la izquierda. Lo confirmaron la secretaria general de la CTERA, Sonia Alesso y el secretario general de SUTEBA, Roberto Baradel. Horas despu\u00e9s del cierre de la paritaria\u2026","rel":"","context":"En \u00abPol\u00edtica\u00bb","block_context":{"text":"Pol\u00edtica","link":"https:\/\/www.24baires.com\/?cat=51"},"img":{"alt_text":"","src":"https:\/\/i0.wp.com\/www.24baires.com\/wp-content\/uploads\/2018\/04\/docentes-universitarios.jpg?resize=350%2C200","width":350,"height":200,"srcset":"https:\/\/i0.wp.com\/www.24baires.com\/wp-content\/uploads\/2018\/04\/docentes-universitarios.jpg?resize=350%2C200 1x, https:\/\/i0.wp.com\/www.24baires.com\/wp-content\/uploads\/2018\/04\/docentes-universitarios.jpg?resize=525%2C300 1.5x"},"classes":[]},{"id":114251,"url":"https:\/\/www.24baires.com\/?p=114251","url_meta":{"origin":17370,"position":1},"title":"Docentes: dos gremios rechazaron y uno acept\u00f3, pero las clases empiezan","author":"GB","date":"29\/02\/2020","format":false,"excerpt":"Suteba fue el \u00fanico gremio que dio el visto bueno, aunque los sindicatos que no lo hicieron descartaron una medida de fuerza. El Sindicato \u00danico de Trabajadores de la Educaci\u00f3n de Buenos Aires (Suteba) acept\u00f3 la propuesta de aumento salarial del Gobierno provincial, pero la Uni\u00f3n de Docentes de Buenos\u2026","rel":"","context":"En \u00abProvincia\u00bb","block_context":{"text":"Provincia","link":"https:\/\/www.24baires.com\/?cat=40"},"img":{"alt_text":"","src":"https:\/\/i0.wp.com\/www.24baires.com\/wp-content\/uploads\/2020\/01\/kicillof-docentes.jpeg?resize=350%2C200","width":350,"height":200,"srcset":"https:\/\/i0.wp.com\/www.24baires.com\/wp-content\/uploads\/2020\/01\/kicillof-docentes.jpeg?resize=350%2C200 1x, https:\/\/i0.wp.com\/www.24baires.com\/wp-content\/uploads\/2020\/01\/kicillof-docentes.jpeg?resize=525%2C300 1.5x"},"classes":[]},{"id":94465,"url":"https:\/\/www.24baires.com\/?p=94465","url_meta":{"origin":17370,"position":2},"title":"Docentes bonaerenses realizan jornada de protesta por los d\u00edas de paro descontados","author":"AF","date":"12\/05\/2017","format":false,"excerpt":"Realizan acciones gremiales en todos los distritos de la provincia de Buenos Aires, que incluyen marchas de delegados, en reclamo de la devoluci\u00f3n de lo descontado de sus salarios por los d\u00edas huelga. Los gremios bonaerenses nucleados en el Frente de Unidad Docente -integrado por AMET, FEB, Sadop, Suteba, UDA\u2026","rel":"","context":"En \u00abSociedad\u00bb","block_context":{"text":"Sociedad","link":"https:\/\/www.24baires.com\/?cat=1"},"img":{"alt_text":"","src":"https:\/\/i0.wp.com\/www.24baires.com\/wp-content\/uploads\/2017\/04\/salarios-docentes.jpg?resize=350%2C200","width":350,"height":200,"srcset":"https:\/\/i0.wp.com\/www.24baires.com\/wp-content\/uploads\/2017\/04\/salarios-docentes.jpg?resize=350%2C200 1x, https:\/\/i0.wp.com\/www.24baires.com\/wp-content\/uploads\/2017\/04\/salarios-docentes.jpg?resize=525%2C300 1.5x"},"classes":[]},{"id":101449,"url":"https:\/\/www.24baires.com\/?p=101449","url_meta":{"origin":17370,"position":3},"title":"Baradel: \u00abLa intenci\u00f3n de Vidal no es solucionar el conflicto, es disciplinar\u00bb","author":"AF","date":"05\/04\/2018","format":false,"excerpt":"El titular de Suteba destac\u00f3 la masiva marcha a La Plata y el alto acatamiento del paro docente que integr\u00f2 a estatales bonaerenses \"en rechazo al ajuste y al 15% de aumento salarial\" ofrecido por el gobierno provincial. El titular de Suteba, Roberto Baradel, destac\u00f3 el alto acatamiento del paro\u2026","rel":"","context":"En \u00abSociedad\u00bb","block_context":{"text":"Sociedad","link":"https:\/\/www.24baires.com\/?cat=1"},"img":{"alt_text":"","src":"https:\/\/i0.wp.com\/www.24baires.com\/wp-content\/uploads\/2017\/07\/baradel.jpg?resize=350%2C200","width":350,"height":200,"srcset":"https:\/\/i0.wp.com\/www.24baires.com\/wp-content\/uploads\/2017\/07\/baradel.jpg?resize=350%2C200 1x, https:\/\/i0.wp.com\/www.24baires.com\/wp-content\/uploads\/2017\/07\/baradel.jpg?resize=525%2C300 1.5x"},"classes":[]},{"id":101728,"url":"https:\/\/www.24baires.com\/?p=101728","url_meta":{"origin":17370,"position":4},"title":"Vidal empeor\u00f3 la oferta a docentes y el mi\u00e9rcoles no habr\u00e1 clases","author":"AF","date":"20\/04\/2018","format":false,"excerpt":"Los maestros bonaerenses denunciaron que la \u00faltima propuesta oficial, que contempla un 10 por ciento de aumento en el primer semestre, en tres cuotas y sin cl\u00e1usula gatillo, \"es inferior\" a la anterior, que llegaba a un 11 por ciento en julio. \"La Provincia est\u00e1 en condiciones de hacer otra\u2026","rel":"","context":"En \u00abSociedad\u00bb","block_context":{"text":"Sociedad","link":"https:\/\/www.24baires.com\/?cat=1"},"img":{"alt_text":"","src":"https:\/\/i0.wp.com\/www.24baires.com\/wp-content\/uploads\/2017\/04\/salarios-docentes.jpg?resize=350%2C200","width":350,"height":200,"srcset":"https:\/\/i0.wp.com\/www.24baires.com\/wp-content\/uploads\/2017\/04\/salarios-docentes.jpg?resize=350%2C200 1x, https:\/\/i0.wp.com\/www.24baires.com\/wp-content\/uploads\/2017\/04\/salarios-docentes.jpg?resize=525%2C300 1.5x"},"classes":[]},{"id":104543,"url":"https:\/\/www.24baires.com\/?p=104543","url_meta":{"origin":17370,"position":5},"title":"Estatales, docentes, judiciales y m\u00e9dicos realizan paro con movilizaci\u00f3n","author":"GB","date":"19\/09\/2018","format":false,"excerpt":"Este mi\u00e9rcoles comenz\u00f3 la medida de fuerza en toda la provincia y contar\u00e1 con una marcha en La Plata para exigir un \u201ccambio de rumbo en las pol\u00edticas sociales, laborales y econ\u00f3micas\u201d. Este mi\u00e9rcoles los gremios estatales bonaerenses ATE, CICOP, AJB, Suteba, APL y FND realizan un paro con movilizaci\u00f3n\u2026","rel":"","context":"En \u00abProvincia\u00bb","block_context":{"text":"Provincia","link":"https:\/\/www.24baires.com\/?cat=40"},"img":{"alt_text":"","src":"https:\/\/i0.wp.com\/www.24baires.com\/wp-content\/uploads\/2018\/03\/ate-docentes-300x200.jpg?resize=350%2C200","width":350,"height":200},"classes":[]}],"jetpack_sharing_enabled":true,"jetpack_likes_enabled":true,"_links":{"self":[{"href":"https:\/\/www.24baires.com\/index.php?rest_route=\/wp\/v2\/posts\/17370","targetHints":{"allow":["GET"]}}],"collection":[{"href":"https:\/\/www.24baires.com\/index.php?rest_route=\/wp\/v2\/posts"}],"about":[{"href":"https:\/\/www.24baires.com\/index.php?rest_route=\/wp\/v2\/types\/post"}],"author":[{"embeddable":true,"href":"https:\/\/www.24baires.com\/index.php?rest_route=\/wp\/v2\/users\/11"}],"replies":[{"embeddable":true,"href":"https:\/\/www.24baires.com\/index.php?rest_route=%2Fwp%2Fv2%2Fcomments&post=17370"}],"version-history":[{"count":3,"href":"https:\/\/www.24baires.com\/index.php?rest_route=\/wp\/v2\/posts\/17370\/revisions"}],"predecessor-version":[{"id":17415,"href":"https:\/\/www.24baires.com\/index.php?rest_route=\/wp\/v2\/posts\/17370\/revisions\/17415"}],"wp:attachment":[{"href":"https:\/\/www.24baires.com\/index.php?rest_route=%2Fwp%2Fv2%2Fmedia&parent=17370"}],"wp:term":[{"taxonomy":"category","embeddable":true,"href":"https:\/\/www.24baires.com\/index.php?rest_route=%2Fwp%2Fv2%2Fcategories&post=17370"},{"taxonomy":"post_tag","embeddable":true,"href":"https:\/\/www.24baires.com\/index.php?rest_route=%2Fwp%2Fv2%2Ftags&post=17370"}],"curies":[{"name":"wp","href":"https:\/\/api.w.org\/{rel}","templated":true}]}}