{"id":1734,"date":"2012-10-12T10:59:06","date_gmt":"2012-10-12T13:59:06","guid":{"rendered":"http:\/\/www.24baires.com\/?p=1734"},"modified":"2012-10-12T11:00:34","modified_gmt":"2012-10-12T14:00:34","slug":"proponen-derogar-ley-de-la-dictadura-y-promulgar-patrimonio-bonaerense-a-la-republica-de-los-ninos","status":"publish","type":"post","link":"https:\/\/www.24baires.com\/?p=1734","title":{"rendered":"Proponen derogar ley de la Dictadura y declarar patrimonio bonaerense a la Rep\u00fablica de los ni\u00f1os"},"content":{"rendered":"<p>Un proyecto de Ley que fue presentado el pasado jueves en el Senado de la provincia\u00a0de Buenos Aires, propone derogar una ley de la dictadura que fija las\u00a0funciones y servicios de la Rep\u00fablica de los Ni\u00f1os, al mismo tiempo\u00a0que solicita declarar al paseo como bien del Patrimonio Cultural de la\u00a0Provincia de Buenos Aires.<!--more--><\/p>\n<p>La iniciativa, que fue avalada formalmente por todos los espacios pol\u00edticos de La Plata con representatividad legislativa, propone<br \/>\nnombrar como \u201cParque Tem\u00e1tico de la Democracia Rep\u00fablica de los\u00a0Ni\u00f1os\u201d al paseo ubicado en la localidad de Gonnet, del partido de La\u00a0Plata.<\/p>\n<p>El proyecto, que fue presentado por el senador del Frente para la\u00a0Victoria, Luciano Martini y acompa\u00f1ada en su firma por su par Emilio\u00a0L\u00f3pez Muntaner, busca dejar sin efecto el Decreto Ley N\u00ba 1294,\u00a0sancionado en 1979 por el gobierno de facto de la provincia, quien\u00a0transfiri\u00f3 la Rep\u00fablica de los Ni\u00f1os a la \u00f3rbita municipal,\u00a0fij\u00e1ndose el r\u00e9gimen de este bien de dominio p\u00fablico, sus funciones y<br \/>\nservicios.<\/p>\n<p>A su vez, se propone declarar al lugar como \u201cPatrimonio Cultural de la\u00a0Provincia de Buenos Aires\u201d, lo cual \u201ctiene una gran importancia, \u00a0ya\u00a0que no es meramente formal, sino que toma implicancia la ley 10.419, que\u00a0regula todos los bienes patrimoniales de la provincia, lo cual genera\u00a0que quien la administra \u2013en este caso el municipio- deba cumplir con\u00a0restricciones y cuidados en lo que hace a la obra, su mantenimiento y\u00a0conservaci\u00f3n\u201d, seg\u00fan explic\u00f3 Martini.<\/p>\n<p>En ese sentido, proh\u00edbe la privatizaci\u00f3n \u201cparcial o total\u201d del\u00a0parque que fue fundado por el ex presidente Juan Domingo Per\u00f3n en 1951,<br \/>\ny establece que \u201cla Municipalidad de La Plata deber\u00e1 adoptar todas\u00a0las medidas necesarias y conducentes para asegurar el m\u00e1ximo nivel de\u00a0eficiencia en la prestaci\u00f3n de los servicios transferidos, proveyendo\u00a0al financiamiento de los mismos\u201d.<\/p>\n<p>El proyecto de ley, surgi\u00f3 de una ordenanza sancionada por unanimidad\u00a0en el Concejo Deliberante de La Plata, la cual solicita a la legislatura\u00a0provincial que se derogue la ley de la dictadura, ya que seg\u00fan explic\u00f3\u00a0el concejal del Bloque FpV-Nacional y Popular, Sebasti\u00e1n Tangorra\u00a0-autor de la iniciativa-, \u201cse da una contradicci\u00f3n muy fuerte ya que\u00a0un parque que fue pensado para difundir los conceptos democr\u00e1ticos\u00a0entre los chicos, est\u00e1 hoy regulado por un decreto de la dictadura\u201d.<\/p>\n<p>En ese sentido, Martini consider\u00f3 que \u201cen funci\u00f3n de esta iniciativa\u00a0que viene del Concejo Deliberante de La Plata, hemos encarado desde el\u00a0Senado este proyecto, para impedir cualquier intento de privatizar el\u00a0predio y para ello buscamos que el lugar sea considerado como Patrimonio\u00a0Cultural de la provincia\u201d.<\/p>\n<p>Al respecto, L\u00f3pez Muntaner, remarc\u00f3 que \u201cas\u00ed mismo es que\u00a0proponemos cambiar el nombre del parque, lo cual viene desde el<br \/>\nEjecutivo de la Municipalidad, para darle el valor que ten\u00eda\u00a0originalmente este parque que buscaba que los chicos aparte de<br \/>\ndivertirse, tengan la posibilidad de construir ciudadan\u00eda y conocer la\u00a0institucionalidad\u201d.<\/p>\n<p>Por su parte, el diputado provincial Gabriel Bruera, remarc\u00f3 que \u201choy\u00a0no estamos agregando nada nuevo a la Rep\u00fablica de los Ni\u00f1os, sino que\u00a0estamos d\u00e1ndole el marco jur\u00eddico y pol\u00edtico necesario para que sea\u00a0fiel a quienes so\u00f1aron, pensaron y crearon el lugar, es decir a Eva\u00a0Duarte y Juan Domingo Per\u00f3n\u201d.<\/p>\n<p>\u201cA su vez queda expl\u00edcito en este proyecto el impedimento legal de la\u00a0privatizaci\u00f3n total o parcial del predio lo cual es muy importante,\u00a0porque dejamos atr\u00e1s gracias a Dios viejas \u00e9pocas ideolog\u00edas que no\u00a0compartimos y que hemos compartido\u201d, consider\u00f3.<\/p>\n<p>En tanto que el diputado de la UCR, Sergio Panella, quien acompa\u00f1\u00f3 la\u00a0actividad, destac\u00f3 que \u201choy estamos acompa\u00f1ando este proyecto que\u00a0cuida los intereses del platenses, ya desde el radicalismo consideramos\u00a0oportuno aportar para que la sociedad crezca y profundice el sistema\u00a0democr\u00e1tico\u201d.<\/p>\n<p>\u201cCon la ley se pone un punto final a la discusi\u00f3n que se gener\u00f3 en\u00a0torno a posible privatizaci\u00f3n, para que los vecinos tengan<br \/>\ntranquilidad\u201d, dijo. Por su parte, el senador provincial (FpV), Gustavo Oliva, sostuvo que \u201cla dirigencia de La Plata muestra hoy que se puede trabajar por la\u00a0ciudad dejando las banderas pol\u00edticas y las disputas internas de lado,\u00a0y creo que eso es muy bueno\u201d.<\/p>\n<p>La Rep\u00fablica de los Ni\u00f1os es un lugar para la familia, el juego y la\u00a0imaginaci\u00f3n; para la formaci\u00f3n de los futuros ciudadanos que<br \/>\npreservar\u00e1n las instituciones, en la b\u00fasqueda de una vida plena,\u00a0individual y colectiva.<\/p>\n<p>Las bases para la creaci\u00f3n de la Rep\u00fablica de los Ni\u00f1os se fundaron\u00a0en los principios sociales de la Argentina de 1950. Considerado el mayor\u00a0emprendimiento infantil de Latinoam\u00e9rica y primer parque tem\u00e1tico de\u00a0Am\u00e9rica, fue fundado con un doble prop\u00f3sito: el de esparcimiento\u00a0creativo y el de aprendizaje de los derechos y obligaciones que en todo\u00a0pa\u00eds democr\u00e1tico poseen los ciudadanos.<\/p>\n<p>De la presentaci\u00f3n participaron a su vez el Senador provincial,\u00a0Patricio Garc\u00eda, en representaci\u00f3n de la presidenta de bloque del<br \/>\nFpV-PJ Cristina Fioramonti; el Diputado provincial Gonzalo Atanasof; los\u00a0concejales Mart\u00edn Alaniz, Sabrina Rodr\u00edguez, Valeria Amendolara,\u00a0Lorena Riesgo, Silvina Soria, Julia Larcam\u00f3n, Jos\u00e9 Arteaga y Fernando\u00a0Gando.<\/p>\n<p>Tambi\u00e9n presenciaron la actividad el Secretario Administrativo de la\u00a0C\u00e1mara de Senadores, Juan Manuel Pignocco; el secretario Legislativo,\u00a0Juan Manuel Pignocco; y el Secretario de Relaciones Institucionales,\u00a0Marcelo Torres.<\/p>\n","protected":false},"excerpt":{"rendered":"<p>Un proyecto de Ley que fue presentado el pasado jueves en el Senado de la provincia\u00a0de Buenos Aires, propone derogar una ley de la dictadura que fija las\u00a0funciones y servicios de la Rep\u00fablica de los Ni\u00f1os, al mismo tiempo\u00a0que solicita declarar al paseo como bien del Patrimonio Cultural de la\u00a0Provincia de Buenos Aires.<\/p>\n","protected":false},"author":4,"featured_media":0,"comment_status":"open","ping_status":"open","sticky":false,"template":"","format":"standard","meta":{"_jetpack_newsletter_access":"","_jetpack_dont_email_post_to_subs":false,"_jetpack_newsletter_tier_id":0,"_jetpack_memberships_contains_paywalled_content":false,"_jetpack_memberships_contains_paid_content":false,"footnotes":""},"categories":[1],"tags":[],"class_list":["post-1734","post","type-post","status-publish","format-standard","hentry","category-sociedad"],"jetpack_featured_media_url":"","jetpack_shortlink":"https:\/\/wp.me\/p2JWE0-rY","jetpack-related-posts":[{"id":122007,"url":"https:\/\/www.24baires.com\/?p=122007","url_meta":{"origin":1734,"position":0},"title":"Desde Provincia advirti\u00f3 sobre la democracia en peligro","author":"GB","date":"30\/01\/2025","format":false,"excerpt":"La movilizaci\u00f3n surge como respuesta a los dichos de Javier Milei en Davos y a iniciativas del gobierno nacional que buscan derogar normativas de protecci\u00f3n a minor\u00edas y derechos de g\u00e9nero. El ministro de Gobierno de la provincia de Buenos Aires, Carlos Bianco, expres\u00f3 su preocupaci\u00f3n por los mensajes emitidos\u2026","rel":"","context":"En \u00abProvincia\u00bb","block_context":{"text":"Provincia","link":"https:\/\/www.24baires.com\/?cat=40"},"img":{"alt_text":"","src":"https:\/\/i0.wp.com\/www.24baires.com\/wp-content\/uploads\/2025\/01\/bianco.webp?resize=350%2C200","width":350,"height":200,"srcset":"https:\/\/i0.wp.com\/www.24baires.com\/wp-content\/uploads\/2025\/01\/bianco.webp?resize=350%2C200 1x, https:\/\/i0.wp.com\/www.24baires.com\/wp-content\/uploads\/2025\/01\/bianco.webp?resize=525%2C300 1.5x, https:\/\/i0.wp.com\/www.24baires.com\/wp-content\/uploads\/2025\/01\/bianco.webp?resize=700%2C400 2x"},"classes":[]},{"id":101518,"url":"https:\/\/www.24baires.com\/?p=101518","url_meta":{"origin":1734,"position":1},"title":"Presentan proyecto para derogar el Pacto Fiscal bonaerense","author":"GB","date":"10\/04\/2018","format":false,"excerpt":"Diputados del kirchnerismo presentar\u00e1n en los pr\u00f3ximos d\u00edas un proyecto para derogar el Pacto Fiscal promovido por el Gobierno de Mar\u00eda Eugenia Vidal, al tiempo que en otra iniciativa solicitar\u00e1n aumentar el reparto de la coparticipaci\u00f3n a los distritos. Seg\u00fan pudo saber DIB, los legisladores ultiman detalles para presentar, el\u2026","rel":"","context":"En \u00abProvincia\u00bb","block_context":{"text":"Provincia","link":"https:\/\/www.24baires.com\/?cat=40"},"img":{"alt_text":"","src":"https:\/\/i0.wp.com\/www.24baires.com\/wp-content\/uploads\/2017\/12\/diputados-bonaerenses.jpg?resize=350%2C200","width":350,"height":200,"srcset":"https:\/\/i0.wp.com\/www.24baires.com\/wp-content\/uploads\/2017\/12\/diputados-bonaerenses.jpg?resize=350%2C200 1x, https:\/\/i0.wp.com\/www.24baires.com\/wp-content\/uploads\/2017\/12\/diputados-bonaerenses.jpg?resize=525%2C300 1.5x"},"classes":[]},{"id":110876,"url":"https:\/\/www.24baires.com\/?p=110876","url_meta":{"origin":1734,"position":2},"title":"Diputado de Cambiemos quiere quitar la frase \u00ab30 mil desaparecidos\u00bb de las publicaciones oficiales","author":"AF","date":"20\/06\/2019","format":false,"excerpt":"La expresi\u00f3n se incluye por ley en todos los documentos de la provincia de Buenos Aires que refieran a hechos represivos. El que se opone es Guillermo Castello, quien responde a Elisa Carri\u00f3. Repudio de organismos de derechos humanos. Con el argumento de que \"violenta los valores de la Libertad\u2026","rel":"","context":"En \u00abSociedad\u00bb","block_context":{"text":"Sociedad","link":"https:\/\/www.24baires.com\/?cat=1"},"img":{"alt_text":"","src":"https:\/\/i0.wp.com\/www.24baires.com\/wp-content\/uploads\/2019\/06\/castello.jpg?resize=350%2C200","width":350,"height":200,"srcset":"https:\/\/i0.wp.com\/www.24baires.com\/wp-content\/uploads\/2019\/06\/castello.jpg?resize=350%2C200 1x, https:\/\/i0.wp.com\/www.24baires.com\/wp-content\/uploads\/2019\/06\/castello.jpg?resize=525%2C300 1.5x"},"classes":[]},{"id":121675,"url":"https:\/\/www.24baires.com\/?p=121675","url_meta":{"origin":1734,"position":3},"title":"Presentaron un proyecto para prohibir las apuestas online en la Provincia","author":"GB","date":"24\/09\/2024","format":false,"excerpt":"El diputado Guillermo Kane propone prohibir el juego online en Buenos Aires, argumentando que su regulaci\u00f3n ha incrementado significativamente la ludopat\u00eda. El diputado del Partido Obrero, Guillermo Kane, present\u00f3 una iniciativa para prohibir el juego online en la provincia de Buenos Aires, en medio de m\u00faltiples proyectos que buscan abordar\u2026","rel":"","context":"En \u00abProvincia\u00bb","block_context":{"text":"Provincia","link":"https:\/\/www.24baires.com\/?cat=40"},"img":{"alt_text":"","src":"https:\/\/i0.wp.com\/www.24baires.com\/wp-content\/uploads\/2024\/09\/apuestas.webp?resize=350%2C200","width":350,"height":200,"srcset":"https:\/\/i0.wp.com\/www.24baires.com\/wp-content\/uploads\/2024\/09\/apuestas.webp?resize=350%2C200 1x, https:\/\/i0.wp.com\/www.24baires.com\/wp-content\/uploads\/2024\/09\/apuestas.webp?resize=525%2C300 1.5x, https:\/\/i0.wp.com\/www.24baires.com\/wp-content\/uploads\/2024\/09\/apuestas.webp?resize=700%2C400 2x"},"classes":[]},{"id":119654,"url":"https:\/\/www.24baires.com\/?p=119654","url_meta":{"origin":1734,"position":4},"title":"Kicillof: \u00abEl fallo de la Corte Suprema es una verdadera inmundicia\u00bb","author":"AF","date":"22\/12\/2022","format":false,"excerpt":"El mandatario bonaerense cuestion\u00f3 con dureza el fallo que favoreci\u00f3 a la Ciudad de Buenos Aires en la discusi\u00f3n en torno a los fondos coparticipables. \u201cTodos los gobernadores est\u00e1n de acuerdo, aunque algunos no lo dicen por restricciones pol\u00edticas\u201d, afirm\u00f3. El gobernador de la Provincia de Buenos Aires, Axel Kicillof,\u2026","rel":"","context":"En \u00abProvincia\u00bb","block_context":{"text":"Provincia","link":"https:\/\/www.24baires.com\/?cat=40"},"img":{"alt_text":"","src":"https:\/\/i0.wp.com\/www.24baires.com\/wp-content\/uploads\/2022\/07\/kicillof.jpg?resize=350%2C200","width":350,"height":200,"srcset":"https:\/\/i0.wp.com\/www.24baires.com\/wp-content\/uploads\/2022\/07\/kicillof.jpg?resize=350%2C200 1x, https:\/\/i0.wp.com\/www.24baires.com\/wp-content\/uploads\/2022\/07\/kicillof.jpg?resize=525%2C300 1.5x, https:\/\/i0.wp.com\/www.24baires.com\/wp-content\/uploads\/2022\/07\/kicillof.jpg?resize=700%2C400 2x"},"classes":[]},{"id":118679,"url":"https:\/\/www.24baires.com\/?p=118679","url_meta":{"origin":1734,"position":5},"title":"El oficialismo propone pagar la deuda con dinero fugado al exterior","author":"AF","date":"28\/03\/2022","format":false,"excerpt":"El bloque del Frente de Todos impulsa la creaci\u00f3n de un \"Fondo Nacional para la cancelaci\u00f3n de la deuda con el FMI\" para quienes tienen bienes no declarados fuera del pa\u00eds. El bloque de senadores nacionales del Frente de Todos present\u00f3 este lunes un proyecto de ley que propone crear\u2026","rel":"","context":"En \u00abPol\u00edtica\u00bb","block_context":{"text":"Pol\u00edtica","link":"https:\/\/www.24baires.com\/?cat=51"},"img":{"alt_text":"","src":"https:\/\/i0.wp.com\/www.24baires.com\/wp-content\/uploads\/2022\/03\/dolar-lupajpg.jpg?resize=350%2C200","width":350,"height":200,"srcset":"https:\/\/i0.wp.com\/www.24baires.com\/wp-content\/uploads\/2022\/03\/dolar-lupajpg.jpg?resize=350%2C200 1x, https:\/\/i0.wp.com\/www.24baires.com\/wp-content\/uploads\/2022\/03\/dolar-lupajpg.jpg?resize=525%2C300 1.5x"},"classes":[]}],"jetpack_sharing_enabled":true,"jetpack_likes_enabled":true,"_links":{"self":[{"href":"https:\/\/www.24baires.com\/index.php?rest_route=\/wp\/v2\/posts\/1734","targetHints":{"allow":["GET"]}}],"collection":[{"href":"https:\/\/www.24baires.com\/index.php?rest_route=\/wp\/v2\/posts"}],"about":[{"href":"https:\/\/www.24baires.com\/index.php?rest_route=\/wp\/v2\/types\/post"}],"author":[{"embeddable":true,"href":"https:\/\/www.24baires.com\/index.php?rest_route=\/wp\/v2\/users\/4"}],"replies":[{"embeddable":true,"href":"https:\/\/www.24baires.com\/index.php?rest_route=%2Fwp%2Fv2%2Fcomments&post=1734"}],"version-history":[{"count":0,"href":"https:\/\/www.24baires.com\/index.php?rest_route=\/wp\/v2\/posts\/1734\/revisions"}],"wp:attachment":[{"href":"https:\/\/www.24baires.com\/index.php?rest_route=%2Fwp%2Fv2%2Fmedia&parent=1734"}],"wp:term":[{"taxonomy":"category","embeddable":true,"href":"https:\/\/www.24baires.com\/index.php?rest_route=%2Fwp%2Fv2%2Fcategories&post=1734"},{"taxonomy":"post_tag","embeddable":true,"href":"https:\/\/www.24baires.com\/index.php?rest_route=%2Fwp%2Fv2%2Ftags&post=1734"}],"curies":[{"name":"wp","href":"https:\/\/api.w.org\/{rel}","templated":true}]}}