{"id":17312,"date":"2013-03-03T18:47:25","date_gmt":"2013-03-03T21:47:25","guid":{"rendered":"http:\/\/www.24baires.com\/?p=17312"},"modified":"2013-03-03T18:47:25","modified_gmt":"2013-03-03T21:47:25","slug":"sindicalistas-y-politicos-despiden-los-restos-de-alfredo-ferraresi","status":"publish","type":"post","link":"https:\/\/www.24baires.com\/?p=17312","title":{"rendered":"Sindicalistas y pol\u00edticos despiden los restos de Alfredo Ferraresi"},"content":{"rendered":"<p>Cientos de militantes pol\u00edticos y sindicales despidieron este domingo los restos del secretario general de la Asociaci\u00f3n de Empleados de Farmacia (ADEF), Alfredo Ferraresi.<!--more--><\/p>\n<p>Ferrasi falleci\u00f3 el s\u00e1bado a los 80 a\u00f1os debido a una afecci\u00f3n coronaria y ser\u00e1 velado hasta ma\u00f1ana en la sede central de ADEF, en la calle Rinc\u00f3n 1044 de la ciudad de Buenos Aires.<\/p>\n<p>Su hijo, e intendente del municipio bonaerense de Avellaneda, Jorge Ferraresi, recibi\u00f3 las condolencias de pol\u00edticos y sindicalistas de distintos espacios pol\u00edticos en la puerta del sindicato.<\/p>\n<p>El intendente le dijo a T\u00e9lam que \u00abpap\u00e1 deja un legado de militancia y compromiso con este modelo nacional y popular, y con las reivindicaciones hist\u00f3ricas del movimiento obrero argentino\u00bb.<\/p>\n<p>\u00abMi viejo siempre nos remarcaba que todas esas cosas por las que su generaci\u00f3n luch\u00f3 en los 70 son las pol\u00edticas p\u00fablicas que este gobierno concreta, y por eso a pesar de su edad segu\u00eda muy entusiasmado con su trabajo\u00bb, agreg\u00f3.<\/p>\n<p>\u00abYo sab\u00eda que pap\u00e1 se iba a morir un s\u00e1bado, porque \u00e9l siempre dijo que no hab\u00eda que perder un lunes de trabajo; \u00e9l siempre estaba intentado transformar la realidad y creo que eso es lo que reconocen todos los que hoy vinieron a despedirlo\u00bb, finaliz\u00f3 Ferraresi.<\/p>\n<p>El ministro de Trabajo, Carlos Tomada, dijo a T\u00e9lam que \u00abAlfredo fue un ejemplo de conducci\u00f3n sindical y militancia pol\u00edtica, un tipo comprometido que le puso el cuerpo a los momentos m\u00e1s dif\u00edciles de la historia argentina\u00bb.<\/p>\n<p>\u00abAlfredo y sus compa\u00f1eros hicieron del sindicato de farmac\u00e9uticos una verdadera forja de dirigentes para el campo nacional y popular, y con su ejemplo de coherencia pol\u00edtica le marc\u00f3 el camino a toda una generaci\u00f3n de sindicalistas que hoy lo despiden con mucho pesar\u00bb, a\u00f1adi\u00f3.<\/p>\n<p>El diputado nacional y secretario general del sindicato de Canillitas, Omar Plaini, afirm\u00f3 que \u00abAlfredo es uno de esos pocos tipos de los que uno puede decir que militaba lo que hablaba, su palabra y su ejemplo eran de una coherencia absoluta\u00bb.<\/p>\n<p>\u00abAlfredo fue un ejemplo de compromiso con su lucha, en este sindicato no se le preguntaba al que llegaba de que partido era o que religi\u00f3n profesaba, \u00e9l nos ense\u00f1\u00f3 que las cosas importantes estaban por encima de las diferencias\u00bb, complet\u00f3.<\/p>\n<p>Adem\u00e1s concurrieron al velatorio el diputado nacional Andr\u00e9s Larroque y el intendente de Lan\u00fas, Dar\u00edo D\u00edaz P\u00e9rez, entre otros dirigentes.<\/p>\n<p>Entre las docenas de coronas que ocupaban la cuadra de Rinc\u00f3n al 1000 se destacaban las enviadas por el vicepresidente de la Naci\u00f3n, Amado Boudou; las de la CGT Azopardo y la CTA; las de varios sindicatos nacionales y las de los intendentes de la mayor\u00eda de los distritos de la tercera secci\u00f3n electoral.<\/p>\n<p>El cuerpo del dirigente sindical ser\u00e1 velado hasta este lunes a las 10 de la ma\u00f1ana cuando ser\u00e1 trasladado al cementerio de la Chacarita para su cremaci\u00f3n.<\/p>\n","protected":false},"excerpt":{"rendered":"<p>Cientos de militantes pol\u00edticos y sindicales despidieron este domingo los restos del secretario general de la Asociaci\u00f3n de Empleados de Farmacia (ADEF), Alfredo Ferraresi.<\/p>\n","protected":false},"author":11,"featured_media":0,"comment_status":"open","ping_status":"open","sticky":false,"template":"","format":"standard","meta":{"_jetpack_newsletter_access":"","_jetpack_dont_email_post_to_subs":false,"_jetpack_newsletter_tier_id":0,"_jetpack_memberships_contains_paywalled_content":false,"_jetpack_memberships_contains_paid_content":false,"footnotes":""},"categories":[1],"tags":[],"class_list":["post-17312","post","type-post","status-publish","format-standard","hentry","category-sociedad"],"jetpack_featured_media_url":"","jetpack_shortlink":"https:\/\/wp.me\/p2JWE0-4ve","jetpack-related-posts":[{"id":80585,"url":"https:\/\/www.24baires.com\/?p=80585","url_meta":{"origin":17312,"position":0},"title":"El Infierno de Avellaneda ya es un Espacio de la Memoria","author":"GB","date":"25\/03\/2016","format":false,"excerpt":"\u201cHicieron desaparecer una generaci\u00f3n entera pero no pudieron con su legado\u201d, asegur\u00f3 el intendente Jorge Ferraresi durante el corte de cintas. Galer\u00eda de fotos. Hubo m\u00e1s actos conmemorativos en la Regi\u00f3n. En el marco del D\u00eda Nacional de la Memoria por la Verdad y la Justicia y del cuadrag\u00e9simo (40)\u2026","rel":"","context":"En \u00abMemoria\u00bb","block_context":{"text":"Memoria","link":"https:\/\/www.24baires.com\/?cat=50"},"img":{"alt_text":"memoria avellaneda","src":"https:\/\/i0.wp.com\/www.24baires.com\/wp-content\/uploads\/2016\/03\/memoria-avellaneda.jpg?resize=350%2C200","width":350,"height":200,"srcset":"https:\/\/i0.wp.com\/www.24baires.com\/wp-content\/uploads\/2016\/03\/memoria-avellaneda.jpg?resize=350%2C200 1x, https:\/\/i0.wp.com\/www.24baires.com\/wp-content\/uploads\/2016\/03\/memoria-avellaneda.jpg?resize=525%2C300 1.5x"},"classes":[]},{"id":115916,"url":"https:\/\/www.24baires.com\/?p=115916","url_meta":{"origin":17312,"position":1},"title":"Provincia contin\u00faa con la reactivaci\u00f3n de obras y con la urbanizaci\u00f3n de barrios","author":"AF","date":"11\/08\/2020","format":false,"excerpt":"Kicillof visit\u00f3 el barrio de Villa Azul donde anunci\u00f3 un plan de mejoras habitacionales y trabajos de infraestructura. El gobernador Axel Kicillof estuvo en el municipio de Avellaneda, junto al intendente Jorge Ferraresi, el ministro de Desarrollo de la Comunidad, Andr\u00e9s Larroque, y la secretaria de Integraci\u00f3n Socio Urbana de\u2026","rel":"","context":"En \u00abProvincia\u00bb","block_context":{"text":"Provincia","link":"https:\/\/www.24baires.com\/?cat=40"},"img":{"alt_text":"","src":"https:\/\/i0.wp.com\/www.24baires.com\/wp-content\/uploads\/2020\/08\/kici-azul.jpg?resize=350%2C200","width":350,"height":200,"srcset":"https:\/\/i0.wp.com\/www.24baires.com\/wp-content\/uploads\/2020\/08\/kici-azul.jpg?resize=350%2C200 1x, https:\/\/i0.wp.com\/www.24baires.com\/wp-content\/uploads\/2020\/08\/kici-azul.jpg?resize=525%2C300 1.5x"},"classes":[]},{"id":118999,"url":"https:\/\/www.24baires.com\/?p=118999","url_meta":{"origin":17312,"position":2},"title":"\u00abSi el Estado no activa, muchas familias no pueden acceder al derecho a una vivienda\u00bb","author":"AF","date":"22\/06\/2022","format":false,"excerpt":"El Presidente encabez\u00f3 el acto de entrega de 224 viviendas pertenecientes al Programa Reconstruir, junto al ministro de Desarrollo Territorial y H\u00e1bitat, Jorge Ferraresi, el intendente de Ensenada, Mario Secco, y la diputada Victoria Tolosa Paz. El presidente Alberto Fern\u00e1ndez destac\u00f3 este mi\u00e9rcoles el rol de un gobierno presente que\u2026","rel":"","context":"En \u00abPol\u00edtica\u00bb","block_context":{"text":"Pol\u00edtica","link":"https:\/\/www.24baires.com\/?cat=51"},"img":{"alt_text":"","src":"https:\/\/i0.wp.com\/www.24baires.com\/wp-content\/uploads\/2022\/06\/62b34fa68471f_900.jpg?resize=350%2C200","width":350,"height":200,"srcset":"https:\/\/i0.wp.com\/www.24baires.com\/wp-content\/uploads\/2022\/06\/62b34fa68471f_900.jpg?resize=350%2C200 1x, https:\/\/i0.wp.com\/www.24baires.com\/wp-content\/uploads\/2022\/06\/62b34fa68471f_900.jpg?resize=525%2C300 1.5x, https:\/\/i0.wp.com\/www.24baires.com\/wp-content\/uploads\/2022\/06\/62b34fa68471f_900.jpg?resize=700%2C400 2x"},"classes":[]},{"id":32835,"url":"https:\/\/www.24baires.com\/?p=32835","url_meta":{"origin":17312,"position":3},"title":"Ferraresi y Casal entregaron escrituras en Avellaneda","author":"GB","date":"01\/10\/2013","format":false,"excerpt":"El Ministro de Justicia, junto al intendente de ese distrito, entregaron 513 escrituras a vecinos, acci\u00f3n que Ferraresi destac\u00f3 que se logr\u00f3 \"por la articulaci\u00f3n de los tres niveles de Estado, municipal, provincial y nacional\u201d. En tanto, Casal se comprometi\u00f3 a \"entregar hasta el \u00faltimo t\u00edtulo\u201d. El intendente Jorge Ferraresi\u2026","rel":"","context":"En \u00abLocales\u00bb","block_context":{"text":"Locales","link":"https:\/\/www.24baires.com\/?cat=38"},"img":{"alt_text":"","src":"","width":0,"height":0},"classes":[]},{"id":108359,"url":"https:\/\/www.24baires.com\/?p=108359","url_meta":{"origin":17312,"position":4},"title":"Alberto Fern\u00e1ndez se re\u00fane con intendentes en San Antonio de Areco","author":"GB","date":"24\/05\/2019","format":false,"excerpt":"El anfitri\u00f3n ser\u00e1 Francisco \u201cPaco\u201d Dura\u00f1ona, quien mantiene su candidatura a Gobernador. Los jefes comunales le hablar\u00e1n de la importancia de fortalecer los municipios Alberto Fern\u00e1ndez sigue estrenando su traje de candidato presidencial de Cristina Kirchner. En ese marco, llegar\u00e1 este mediod\u00eda a San Antonio de Areco para mantener una\u2026","rel":"","context":"En \u00abPol\u00edtica\u00bb","block_context":{"text":"Pol\u00edtica","link":"https:\/\/www.24baires.com\/?cat=51"},"img":{"alt_text":"","src":"https:\/\/i0.wp.com\/www.24baires.com\/wp-content\/uploads\/2019\/05\/alberto-fernandez.jpg?resize=350%2C200","width":350,"height":200,"srcset":"https:\/\/i0.wp.com\/www.24baires.com\/wp-content\/uploads\/2019\/05\/alberto-fernandez.jpg?resize=350%2C200 1x, https:\/\/i0.wp.com\/www.24baires.com\/wp-content\/uploads\/2019\/05\/alberto-fernandez.jpg?resize=525%2C300 1.5x"},"classes":[]},{"id":70730,"url":"https:\/\/www.24baires.com\/?p=70730","url_meta":{"origin":17312,"position":5},"title":"Ferraresi cuestion\u00f3 la reelecci\u00f3n indefinida de intendentes bonaerenses","author":"AF","date":"17\/08\/2015","format":false,"excerpt":"El jefe comunal de Avellaneda, que va por su segundo mandato, dijo que la derrota sufrida por algunos de los intendentes del FpV frente a j\u00f3venes dirigentes en las primarias \"no es un cambio de rostros, es un cambio de pol\u00edtica\". El intendente de Avellaneda, Jorge Ferraresi, cuestion\u00f3 las reelecciones\u2026","rel":"","context":"En \u00abElecciones 2015\u00bb","block_context":{"text":"Elecciones 2015","link":"https:\/\/www.24baires.com\/?cat=74"},"img":{"alt_text":"ferraresi","src":"https:\/\/i0.wp.com\/www.24baires.com\/wp-content\/uploads\/2014\/06\/ferraresi.jpg?resize=350%2C200","width":350,"height":200,"srcset":"https:\/\/i0.wp.com\/www.24baires.com\/wp-content\/uploads\/2014\/06\/ferraresi.jpg?resize=350%2C200 1x, https:\/\/i0.wp.com\/www.24baires.com\/wp-content\/uploads\/2014\/06\/ferraresi.jpg?resize=525%2C300 1.5x"},"classes":[]}],"jetpack_sharing_enabled":true,"jetpack_likes_enabled":true,"_links":{"self":[{"href":"https:\/\/www.24baires.com\/index.php?rest_route=\/wp\/v2\/posts\/17312","targetHints":{"allow":["GET"]}}],"collection":[{"href":"https:\/\/www.24baires.com\/index.php?rest_route=\/wp\/v2\/posts"}],"about":[{"href":"https:\/\/www.24baires.com\/index.php?rest_route=\/wp\/v2\/types\/post"}],"author":[{"embeddable":true,"href":"https:\/\/www.24baires.com\/index.php?rest_route=\/wp\/v2\/users\/11"}],"replies":[{"embeddable":true,"href":"https:\/\/www.24baires.com\/index.php?rest_route=%2Fwp%2Fv2%2Fcomments&post=17312"}],"version-history":[{"count":1,"href":"https:\/\/www.24baires.com\/index.php?rest_route=\/wp\/v2\/posts\/17312\/revisions"}],"predecessor-version":[{"id":17313,"href":"https:\/\/www.24baires.com\/index.php?rest_route=\/wp\/v2\/posts\/17312\/revisions\/17313"}],"wp:attachment":[{"href":"https:\/\/www.24baires.com\/index.php?rest_route=%2Fwp%2Fv2%2Fmedia&parent=17312"}],"wp:term":[{"taxonomy":"category","embeddable":true,"href":"https:\/\/www.24baires.com\/index.php?rest_route=%2Fwp%2Fv2%2Fcategories&post=17312"},{"taxonomy":"post_tag","embeddable":true,"href":"https:\/\/www.24baires.com\/index.php?rest_route=%2Fwp%2Fv2%2Ftags&post=17312"}],"curies":[{"name":"wp","href":"https:\/\/api.w.org\/{rel}","templated":true}]}}