{"id":17302,"date":"2013-03-03T12:30:42","date_gmt":"2013-03-03T15:30:42","guid":{"rendered":"http:\/\/www.24baires.com\/?p=17302"},"modified":"2013-03-04T12:55:19","modified_gmt":"2013-03-04T15:55:19","slug":"para-alfonsin-la-ucr-es-de-centro-izquierda-y-segun-moreau-ademas-nacional-y-popular","status":"publish","type":"post","link":"https:\/\/www.24baires.com\/?p=17302","title":{"rendered":"Para Alfons\u00edn la UCR es de centro izquierda y seg\u00fan Moreau adem\u00e1s &#8216;nacional y popular&#8217;"},"content":{"rendered":"<p>Este s\u00e1bado se realiz\u00f3 en la ciudad de Olavarr\u00eda la Convenci\u00f3n Bonaerense del radicalismo. All\u00ed, los convencionales que participaron aprobaron un documento en conjunto en el que le pusieron un freno a las ambiciones del intendente de San Isidro, Gustavo Posse, de lograr cerrar un acuerdo con el macrismo y, de esa manera, le abrieron la puerta a una posible alianza con el FAP.<!--more--><\/p>\n<p>Parece que han ganado esta pulseada provincial los que no quieren acordar con \u201cfuerzas de centroderecha\u201d, como reza el documento votado. En esa l\u00ednea se trasluce un acuerdo, aunque m\u00e1s no sea moment\u00e1neo, entre los sectores del alfonsinismo y quienes responden a Leopoldo Moreau y Federico Storani, que, sobrevolando la interna provincial, no parece poco decir, ya que pudieron convenir entre estos grupos dejar afuera de sus estrategias pol\u00edticas la de una alianza con el PRO, que motoriza Posse, quien no particip\u00f3 del encuentro.<\/p>\n<p>Siendo \u00e9ste el \u00f3rgano que decide los acuerdos electorales, y si es que la UCR finalmente se ci\u00f1e a lo votado el s\u00e1bado, el intendente de San Isidro quedar\u00e1 en una posici\u00f3n bastante compleja, donde si pretende avanzar en un acuerdo electoral con el jefe de gobierno porte\u00f1o, deber\u00e1 romper con el partido centenario.<br \/>\nLos convencionales a asistir eran unos 200 pero, rest\u00e1ndole los 30 del possismo que peg\u00f3 el faltazo anunciado, sesionaron 166. Acordaron consolidar la identidad radical, tal vez haci\u00e9ndose cargo del desdibujado perfil que ha tenido el partido en los \u00faltimos a\u00f1os y, sobre todo, en las \u00faltimas propuestas electorales que han logrado conformar. Como se sabe, es Leopoldo Moreau quien sostiene la necesidad de reverdecer la identidad partidaria y fortalecerla.<\/p>\n<p>Y fue justamente ese dirigente bonaerense quien avanz\u00f3 a paso firme dentro de la estructura interna del partido, ya que en la reuni\u00f3n tambi\u00e9n se eligieron las autoridades de la convenci\u00f3n, quedando en manifiesto ese acuerdo Alfons\u00edn-Moreau que dec\u00edamos m\u00e1s arriba, pues aunque en la presidencia qued\u00f3 el ex intendente alfonsinista de Necochea, Miguel Molina, Moreau qued\u00f3 con la mayor\u00eda de los miembros de la mesa: cinco de nueve. Claro est\u00e1 que el possismo qued\u00f3 afuera de todo.<\/p>\n<p>Una de las cosas m\u00e1s llamativas del documento que se aprob\u00f3 y que despu\u00e9s Moreau defendi\u00f3 plet\u00f3rico, es que define a la UCR no s\u00f3lo como de centro izquierda, t\u00edtulo que casi siempre sostienen desde el partido, sino tambi\u00e9n como \u201cnacional y popular\u201d, cosa que se vuelve algo m\u00e1s que sugestiva si aclaramos que en esa misma declaraci\u00f3n votada se remarca que \u201cse dejar\u00e1 abierta la posibilidad para cerrar alianzas con fuerzas afines\u201d. Habr\u00e1 que ver que otras fuerzas que se definan nacionales y populares pueden ser del gusto de los referentes radicales que salieron victoriosos del encuentro, ya que se nos vienen algunas a la mente, pero no creemos que ellos piensen en las mismas.<\/p>\n<p>De hecho parece m\u00e1s f\u00e1cil redefinir ciertos conceptos, que no han de significar lo mismo para otras fuerzas pol\u00edticas, ya que en Olavarr\u00eda hubo un claro gui\u00f1o al Binnerismo, y aunque hayan rubricado un texto donde pretenden alejarse a conciencia de la centro derecha en la que el possismo quer\u00eda avanzar, tampoco parecen muy cercanos a lo \u2018nacional y popular\u2019, cuando organizan el encuentro en el predio de la Sociedad Rural.<\/p>\n<p>&nbsp;<\/p>\n<p>&nbsp;<\/p>\n<p>&nbsp;<\/p>\n<p>&nbsp;<\/p>\n","protected":false},"excerpt":{"rendered":"<p>Este s\u00e1bado se realiz\u00f3 en la ciudad de Olavarr\u00eda la Convenci\u00f3n Bonaerense del radicalismo. All\u00ed, los convencionales que participaron aprobaron un documento en conjunto en el que le pusieron un freno a las ambiciones del intendente de San Isidro, Gustavo Posse, de lograr cerrar un acuerdo con el macrismo y, de esa manera, le abrieron la puerta a una posible [&#8230;]<\/p>\n","protected":false},"author":11,"featured_media":0,"comment_status":"open","ping_status":"open","sticky":false,"template":"","format":"standard","meta":{"_jetpack_newsletter_access":"","_jetpack_dont_email_post_to_subs":false,"_jetpack_newsletter_tier_id":0,"_jetpack_memberships_contains_paywalled_content":false,"_jetpack_memberships_contains_paid_content":false,"footnotes":""},"categories":[64],"tags":[],"class_list":["post-17302","post","type-post","status-publish","format-standard","hentry","category-opinion"],"jetpack_featured_media_url":"","jetpack_shortlink":"https:\/\/wp.me\/p2JWE0-4v4","jetpack-related-posts":[{"id":2170,"url":"https:\/\/www.24baires.com\/?p=2170","url_meta":{"origin":17302,"position":0},"title":"Moreau rechaz\u00f3 una alianza con la centroderecha con \u201ctufillo neomenemista\u201d","author":"Grupo Sierra","date":"14\/10\/2012","format":false,"excerpt":"El ex senador y dirigente bonaerense del radicalismo, Leopoldo Moreau, sali\u00f3 hoy al cruce de las declaraciones del intendente de San Isidro, Gustavo Posse, y rechaz\u00f3 la conformaci\u00f3n de un \"frente de centroderecha con un fuerte tufillo neomenemista\", en relaci\u00f3n a un acuerdo con el PRO, de Mauricio Macri. Para\u2026","rel":"","context":"En \u00abPol\u00edtica\u00bb","block_context":{"text":"Pol\u00edtica","link":"https:\/\/www.24baires.com\/?cat=51"},"img":{"alt_text":"","src":"https:\/\/i0.wp.com\/www.24baires.com\/wp-content\/uploads\/2012\/10\/moreau74823-300x224.jpg?resize=350%2C200","width":350,"height":200},"classes":[]},{"id":26645,"url":"https:\/\/www.24baires.com\/?p=26645","url_meta":{"origin":17302,"position":1},"title":"Moreau y Storani finalmente bajaron su lista de las primarias del FPCyS","author":"Grupo Sierra","date":"22\/06\/2013","format":false,"excerpt":"Nuevos Aires, el sector de la UCR bonaerense que responde a Leopoldo Moreau y Federico Storani, decidi\u00f3 finalmente hoy no presentar candidatos a cargos nacionales en las primarias de agosto para enfrentar la n\u00f3mina del Frente Progresista C\u00edvico y Social, encabezada por Margarita Stolbizer y Ricardo Alfons\u00edn. La determinaci\u00f3n se\u2026","rel":"","context":"En \u00abPol\u00edtica\u00bb","block_context":{"text":"Pol\u00edtica","link":"https:\/\/www.24baires.com\/?cat=51"},"img":{"alt_text":"moreau y storani terra","src":"https:\/\/i0.wp.com\/www.24baires.com\/wp-content\/uploads\/2013\/06\/moreau-y-storani-terra.jpg?resize=350%2C200","width":350,"height":200,"srcset":"https:\/\/i0.wp.com\/www.24baires.com\/wp-content\/uploads\/2013\/06\/moreau-y-storani-terra.jpg?resize=350%2C200 1x, https:\/\/i0.wp.com\/www.24baires.com\/wp-content\/uploads\/2013\/06\/moreau-y-storani-terra.jpg?resize=525%2C300 1.5x"},"classes":[]},{"id":35318,"url":"https:\/\/www.24baires.com\/?p=35318","url_meta":{"origin":17302,"position":2},"title":"La irrupci\u00f3n de Sanz en el radicalismo bonaerense agita la interna","author":"Grupo Sierra","date":"17\/11\/2013","format":false,"excerpt":"El alfonsinismo se prepara para resistir el avance del senador nacional Ernesto Sanz en la UCR bonaerense, en medio de la crisis partidaria desatada tras el flojo desempe\u00f1o electoral y la fuga de dirigentes a las filas del Frente Renovador (FR), que lidera Sergio Massa. El plenario convocado por el\u2026","rel":"","context":"En \u00abPol\u00edtica\u00bb","block_context":{"text":"Pol\u00edtica","link":"https:\/\/www.24baires.com\/?cat=51"},"img":{"alt_text":"sanz ernesto","src":"https:\/\/i0.wp.com\/www.24baires.com\/wp-content\/uploads\/2013\/04\/sanz-ernesto-300x225.jpg?resize=350%2C200","width":350,"height":200},"classes":[]},{"id":596,"url":"https:\/\/www.24baires.com\/?p=596","url_meta":{"origin":17302,"position":3},"title":"Armend\u00e1riz ser\u00e1 el nuevo titular del radicalismo bonaerense","author":"Grupo Sierra","date":"27\/09\/2012","format":false,"excerpt":"El acuerdo fue alcanzado hoy entre el oficialismo alfonsinista y los opositores de Nuevos Aires, que nuclea a ex cobistas, Renovadores y los sectores de Leopoldo Moreau y Federico Storani. \u00a0De esta manera la UCR evit\u00f3 la interna. El diputado provincial Alejandro Armend\u00e1riz (h) ser\u00e1 designado como el nuevo titular\u2026","rel":"","context":"En \u00abPol\u00edtica\u00bb","block_context":{"text":"Pol\u00edtica","link":"https:\/\/www.24baires.com\/?cat=51"},"img":{"alt_text":"","src":"","width":0,"height":0},"classes":[]},{"id":1591,"url":"https:\/\/www.24baires.com\/?p=1591","url_meta":{"origin":17302,"position":4},"title":"No habr\u00e1 internas en la UCR bonaerense","author":"AF","date":"10\/10\/2012","format":false,"excerpt":"Sobre la medianoche de este martes, la UCR bonaerense acord\u00f3 definitivamente una lista de unidad entre la conducci\u00f3n provincial, representada por el diputado Ricardo Alfons\u00edn y el intendente de San Isidro, Gustavo Posse, y la oposici\u00f3n, que integra el espacio denominado Nuevos Aires y entre quienes se destacan los intendentes\u2026","rel":"","context":"En \u00abPol\u00edtica\u00bb","block_context":{"text":"Pol\u00edtica","link":"https:\/\/www.24baires.com\/?cat=51"},"img":{"alt_text":"","src":"","width":0,"height":0},"classes":[]},{"id":120475,"url":"https:\/\/www.24baires.com\/?p=120475","url_meta":{"origin":17302,"position":5},"title":"Kicillof particip\u00f3 junto a radicales de la inauguraci\u00f3n del Ateneo Ra\u00fal Alfons\u00edn","author":"AF","date":"14\/09\/2023","format":false,"excerpt":"El gobernador encabez\u00f3 un acto que uni\u00f3 a referentes del partido centenario de cara a la elecci\u00f3n de octubre. Cuestionamientos a los proyectos opositores anti-Estado. \u201cLos compa\u00f1eros correligionarios\u201d. Esa fue la f\u00f3rmula discursiva que el gobernador Axel Kicillof utiliz\u00f3 para agradecer a la dirigencia y la militancia presente este jueves\u2026","rel":"","context":"En \u00abPol\u00edtica\u00bb","block_context":{"text":"Pol\u00edtica","link":"https:\/\/www.24baires.com\/?cat=51"},"img":{"alt_text":"","src":"https:\/\/i0.wp.com\/www.24baires.com\/wp-content\/uploads\/2023\/09\/768156-3a-na-0.jpg?resize=350%2C200","width":350,"height":200},"classes":[]}],"jetpack_sharing_enabled":true,"jetpack_likes_enabled":true,"_links":{"self":[{"href":"https:\/\/www.24baires.com\/index.php?rest_route=\/wp\/v2\/posts\/17302","targetHints":{"allow":["GET"]}}],"collection":[{"href":"https:\/\/www.24baires.com\/index.php?rest_route=\/wp\/v2\/posts"}],"about":[{"href":"https:\/\/www.24baires.com\/index.php?rest_route=\/wp\/v2\/types\/post"}],"author":[{"embeddable":true,"href":"https:\/\/www.24baires.com\/index.php?rest_route=\/wp\/v2\/users\/11"}],"replies":[{"embeddable":true,"href":"https:\/\/www.24baires.com\/index.php?rest_route=%2Fwp%2Fv2%2Fcomments&post=17302"}],"version-history":[{"count":3,"href":"https:\/\/www.24baires.com\/index.php?rest_route=\/wp\/v2\/posts\/17302\/revisions"}],"predecessor-version":[{"id":17310,"href":"https:\/\/www.24baires.com\/index.php?rest_route=\/wp\/v2\/posts\/17302\/revisions\/17310"}],"wp:attachment":[{"href":"https:\/\/www.24baires.com\/index.php?rest_route=%2Fwp%2Fv2%2Fmedia&parent=17302"}],"wp:term":[{"taxonomy":"category","embeddable":true,"href":"https:\/\/www.24baires.com\/index.php?rest_route=%2Fwp%2Fv2%2Fcategories&post=17302"},{"taxonomy":"post_tag","embeddable":true,"href":"https:\/\/www.24baires.com\/index.php?rest_route=%2Fwp%2Fv2%2Ftags&post=17302"}],"curies":[{"name":"wp","href":"https:\/\/api.w.org\/{rel}","templated":true}]}}