{"id":1724,"date":"2012-10-12T10:16:20","date_gmt":"2012-10-12T13:16:20","guid":{"rendered":"http:\/\/www.24baires.com\/?p=1724"},"modified":"2012-10-12T10:16:20","modified_gmt":"2012-10-12T13:16:20","slug":"analizan-situacion-actual-de-madres-detenidas-con-sus-hijos","status":"publish","type":"post","link":"https:\/\/www.24baires.com\/?p=1724","title":{"rendered":"Analizan situaci\u00f3n actual de madres detenidas con sus hijos"},"content":{"rendered":"<p>Ante la presencia de autoridades locales y provinciales del \u00e1mbito legislativo, ejecutivo y judicial, el Defensor del Pueblo de la provincia de Buenos Aires, Carlos Bonicatto lider\u00f3 la mesa de trabajo \u201cEjercicio de la maternidad de mujeres detenidas en unidades carcelarias de la Provincia\u201d.<!--more--><\/p>\n<p>Dicha mesa de trabajo fue organizada para presentar el informe preliminar de la investigaci\u00f3n que realiz\u00f3 el observatorio de Violencia de G\u00e9nero (OVG), bajo el Plan de Investigaciones 2011-2012 de la Defensor\u00eda, siendo esta reuni\u00f3n, la primera de tres encuentros previstos para analizar diferentes aspectos de esta problem\u00e1tica.<\/p>\n<p>Con el objetivo de relevar la problem\u00e1tica de la maternidad en y desde el encierro y de realizar un relevamiento del accionar de los diferentes organismos intervinientes, se decidi\u00f3 crear este espacio para avanzar en l\u00edneas de intervenci\u00f3n y definiciones de pol\u00edticas p\u00fablicas que contemplen la situaci\u00f3n de las mujeres detenidas, de los hijos\/as que conviven con ellas en las unidades carcelarias y de aquellos que quedan bajo el cuidado de sus familias.<\/p>\n<p>\u201cLa finalidad no es promover un accionar judicial. No queremos buscar soluciones que deben dar las instituciones del Estado, sino que nos preocupa la falta de articulaci\u00f3n entre los \u00f3rganos, que favorezcan el acceso de las mujeres a medidas alternativas a la prisi\u00f3n\u201d, manifest\u00f3 el Defensor del Pueblo.<\/p>\n","protected":false},"excerpt":{"rendered":"<p>Ante la presencia de autoridades locales y provinciales del \u00e1mbito legislativo, ejecutivo y judicial, el Defensor del Pueblo de la provincia de Buenos Aires, Carlos Bonicatto lider\u00f3 la mesa de trabajo \u201cEjercicio de la maternidad de mujeres detenidas en unidades carcelarias de la Provincia\u201d.<\/p>\n","protected":false},"author":4,"featured_media":0,"comment_status":"open","ping_status":"open","sticky":false,"template":"","format":"standard","meta":{"_jetpack_newsletter_access":"","_jetpack_dont_email_post_to_subs":false,"_jetpack_newsletter_tier_id":0,"_jetpack_memberships_contains_paywalled_content":false,"_jetpack_memberships_contains_paid_content":false,"footnotes":""},"categories":[1],"tags":[],"class_list":["post-1724","post","type-post","status-publish","format-standard","hentry","category-sociedad"],"jetpack_featured_media_url":"","jetpack_shortlink":"https:\/\/wp.me\/p2JWE0-rO","jetpack-related-posts":[{"id":122267,"url":"https:\/\/www.24baires.com\/?p=122267","url_meta":{"origin":1724,"position":0},"title":"Preocupa la falta de trabajadores sociales en c\u00e1rceles bonaerenses","author":"GB","date":"09\/05\/2025","format":false,"excerpt":"Anatilde Senatore, miembro del Colegio de Trabajadores Sociales de la provincia, advirti\u00f3 que la dotaci\u00f3n actual es insuficiente para abordar la complejidad de la poblaci\u00f3n carcelaria. El Colegio de Trabajadores Sociales de la provincia de Buenos Aires (CATSPBA) advirti\u00f3 sobre la escasez de profesionales en las unidades penitenciarias bonaerenses y\u2026","rel":"","context":"En \u00abProvincia\u00bb","block_context":{"text":"Provincia","link":"https:\/\/www.24baires.com\/?cat=40"},"img":{"alt_text":"","src":"https:\/\/i0.wp.com\/www.24baires.com\/wp-content\/uploads\/2025\/05\/carcel-penal.webp?resize=350%2C200","width":350,"height":200,"srcset":"https:\/\/i0.wp.com\/www.24baires.com\/wp-content\/uploads\/2025\/05\/carcel-penal.webp?resize=350%2C200 1x, https:\/\/i0.wp.com\/www.24baires.com\/wp-content\/uploads\/2025\/05\/carcel-penal.webp?resize=525%2C300 1.5x, https:\/\/i0.wp.com\/www.24baires.com\/wp-content\/uploads\/2025\/05\/carcel-penal.webp?resize=700%2C400 2x"},"classes":[]},{"id":77442,"url":"https:\/\/www.24baires.com\/?p=77442","url_meta":{"origin":1724,"position":1},"title":"ATE marcha este martes contra suspensi\u00f3n de Ley de Paritarias Municipales","author":"AF","date":"11\/01\/2016","format":false,"excerpt":"El Secretario general de ATE Provincia, Oscar De Isasi, ratific\u00f3 que marchar\u00e1n el martes contra la suspensi\u00f3n de la Ley de Paritarias Municipales y en repudio por los trabajadores cesanteados en comunas bonaerenses, al tiempo que desde el gremio presentaron un Recurso de Amparo por el pase a planta permanente\u2026","rel":"","context":"En \u00abSociedad\u00bb","block_context":{"text":"Sociedad","link":"https:\/\/www.24baires.com\/?cat=1"},"img":{"alt_text":"isasi","src":"https:\/\/i0.wp.com\/www.24baires.com\/wp-content\/uploads\/2012\/11\/isasi.jpg?resize=350%2C200","width":350,"height":200,"srcset":"https:\/\/i0.wp.com\/www.24baires.com\/wp-content\/uploads\/2012\/11\/isasi.jpg?resize=350%2C200 1x, https:\/\/i0.wp.com\/www.24baires.com\/wp-content\/uploads\/2012\/11\/isasi.jpg?resize=525%2C300 1.5x"},"classes":[]},{"id":105848,"url":"https:\/\/www.24baires.com\/?p=105848","url_meta":{"origin":1724,"position":2},"title":"La canasta navide\u00f1a aument\u00f3 un 51,78%","author":"AF","date":"10\/12\/2018","format":false,"excerpt":"Un relevamiento realizado por Defensor\u00eda del Pueblo bonaerense advierte que la canasta navide\u00f1a cuesta el 51,78% que el a\u00f1o pasado, y que se increment\u00f3 un 102% con respecto a 2016. El trabajo, elaborado por la direcci\u00f3n de Asuntos Econ\u00f3micos y Consumidores del organismo, analiz\u00f3 el valor de los 24 productos\u2026","rel":"","context":"En \u00abEconom\u00eda\u00bb","block_context":{"text":"Econom\u00eda","link":"https:\/\/www.24baires.com\/?cat=45"},"img":{"alt_text":"","src":"https:\/\/i0.wp.com\/www.24baires.com\/wp-content\/uploads\/2014\/11\/navidad.jpg?resize=350%2C200","width":350,"height":200,"srcset":"https:\/\/i0.wp.com\/www.24baires.com\/wp-content\/uploads\/2014\/11\/navidad.jpg?resize=350%2C200 1x, https:\/\/i0.wp.com\/www.24baires.com\/wp-content\/uploads\/2014\/11\/navidad.jpg?resize=525%2C300 1.5x"},"classes":[]},{"id":114165,"url":"https:\/\/www.24baires.com\/?p=114165","url_meta":{"origin":1724,"position":3},"title":"Provincia dict\u00f3 una capacitaci\u00f3n de g\u00e9nero en el Astillero R\u00edo Santiago","author":"GB","date":"19\/02\/2020","format":false,"excerpt":"La ministra Estela D\u00edaz encabez\u00f3 una exposici\u00f3n junto al presidente de la f\u00e1brica de embarcaciones, Ariel Basteiro. La ministra de Mujeres Pol\u00edticas de G\u00e9nero y de Diversidad Sexual bonaerense, Estela D\u00edaz, encabez\u00f3 este martes una exposici\u00f3n sobre violencia de g\u00e9nero y machismo en el Astillero R\u00edo Santiago (ARS), junto al\u2026","rel":"","context":"En \u00abProvincia\u00bb","block_context":{"text":"Provincia","link":"https:\/\/www.24baires.com\/?cat=40"},"img":{"alt_text":"","src":"https:\/\/i0.wp.com\/www.24baires.com\/wp-content\/uploads\/2020\/02\/genero.jpeg?resize=350%2C200","width":350,"height":200,"srcset":"https:\/\/i0.wp.com\/www.24baires.com\/wp-content\/uploads\/2020\/02\/genero.jpeg?resize=350%2C200 1x, https:\/\/i0.wp.com\/www.24baires.com\/wp-content\/uploads\/2020\/02\/genero.jpeg?resize=525%2C300 1.5x"},"classes":[]},{"id":45192,"url":"https:\/\/www.24baires.com\/?p=45192","url_meta":{"origin":1724,"position":4},"title":"\u00abHay que sintonizar con las nuevas demandas de la sociedad\u00bb","author":"AF","date":"03\/05\/2014","format":false,"excerpt":"As\u00ed lo indic\u00f3 el gobernador bonaerense, Daniel Scioli, desde Corrientes en donde se encuentra realizando un \"relevamiento de todas las provincias\" con el fin de conocer las distintas problem\u00e1ticas para elaborar una agenda de trabajo conjunta. \"Estamos ante una nueva etapa del pa\u00eds y nosotros lo estamos recorriendo para conocer\u2026","rel":"","context":"En \u00abPol\u00edtica\u00bb","block_context":{"text":"Pol\u00edtica","link":"https:\/\/www.24baires.com\/?cat=51"},"img":{"alt_text":"scioli en corrientes","src":"https:\/\/i0.wp.com\/www.24baires.com\/wp-content\/uploads\/2014\/05\/scioli-en-corrientes.jpg?resize=350%2C200","width":350,"height":200,"srcset":"https:\/\/i0.wp.com\/www.24baires.com\/wp-content\/uploads\/2014\/05\/scioli-en-corrientes.jpg?resize=350%2C200 1x, https:\/\/i0.wp.com\/www.24baires.com\/wp-content\/uploads\/2014\/05\/scioli-en-corrientes.jpg?resize=525%2C300 1.5x"},"classes":[]},{"id":111007,"url":"https:\/\/www.24baires.com\/?p=111007","url_meta":{"origin":1724,"position":5},"title":"Los Precios Esenciales no se encuentran en casi la mitad de los supermercados","author":"GB","date":"01\/07\/2019","format":false,"excerpt":"Un estudio que encabez\u00f3 la Defensor\u00eda del Pueblo en varios puntos de la provincia indica que en al menos la mitad de los supermercados e hipermercados bonaerenses, no se encuentran los 64 productos que el gobierno congel\u00f3 en precios. Un relevamiento realizado por la Defensor\u00eda del Pueblo de la provincia\u2026","rel":"","context":"En \u00abSociedad\u00bb","block_context":{"text":"Sociedad","link":"https:\/\/www.24baires.com\/?cat=1"},"img":{"alt_text":"","src":"https:\/\/i0.wp.com\/www.24baires.com\/wp-content\/uploads\/2019\/04\/precios-escenciales.jpg?resize=350%2C200","width":350,"height":200,"srcset":"https:\/\/i0.wp.com\/www.24baires.com\/wp-content\/uploads\/2019\/04\/precios-escenciales.jpg?resize=350%2C200 1x, https:\/\/i0.wp.com\/www.24baires.com\/wp-content\/uploads\/2019\/04\/precios-escenciales.jpg?resize=525%2C300 1.5x"},"classes":[]}],"jetpack_sharing_enabled":true,"jetpack_likes_enabled":true,"_links":{"self":[{"href":"https:\/\/www.24baires.com\/index.php?rest_route=\/wp\/v2\/posts\/1724","targetHints":{"allow":["GET"]}}],"collection":[{"href":"https:\/\/www.24baires.com\/index.php?rest_route=\/wp\/v2\/posts"}],"about":[{"href":"https:\/\/www.24baires.com\/index.php?rest_route=\/wp\/v2\/types\/post"}],"author":[{"embeddable":true,"href":"https:\/\/www.24baires.com\/index.php?rest_route=\/wp\/v2\/users\/4"}],"replies":[{"embeddable":true,"href":"https:\/\/www.24baires.com\/index.php?rest_route=%2Fwp%2Fv2%2Fcomments&post=1724"}],"version-history":[{"count":0,"href":"https:\/\/www.24baires.com\/index.php?rest_route=\/wp\/v2\/posts\/1724\/revisions"}],"wp:attachment":[{"href":"https:\/\/www.24baires.com\/index.php?rest_route=%2Fwp%2Fv2%2Fmedia&parent=1724"}],"wp:term":[{"taxonomy":"category","embeddable":true,"href":"https:\/\/www.24baires.com\/index.php?rest_route=%2Fwp%2Fv2%2Fcategories&post=1724"},{"taxonomy":"post_tag","embeddable":true,"href":"https:\/\/www.24baires.com\/index.php?rest_route=%2Fwp%2Fv2%2Ftags&post=1724"}],"curies":[{"name":"wp","href":"https:\/\/api.w.org\/{rel}","templated":true}]}}