{"id":17239,"date":"2013-03-02T21:00:55","date_gmt":"2013-03-03T00:00:55","guid":{"rendered":"http:\/\/www.24baires.com\/?p=17239"},"modified":"2013-03-02T21:00:55","modified_gmt":"2013-03-03T00:00:55","slug":"abren-incluso-los-sabados-los-registros-bonaerenses-para-sacar-el-dni-de-8-a-14-anos","status":"publish","type":"post","link":"https:\/\/www.24baires.com\/?p=17239","title":{"rendered":"Abren incluso los s\u00e1bados los registros bonaerenses para sacar el DNI de 8 a 14 a\u00f1os"},"content":{"rendered":"<p>Los diez Centros de Documentaci\u00f3n R\u00e1pida y los 13 Registros civiles del Conurbano bonaerense permanecer\u00e1n abiertos todos los s\u00e1bados s\u00f3lo para tramitar esas actualizaciones. Con esta medida, estos tr\u00e1mites pueden hacerse de lunes a s\u00e1bados en estas oficinas y de lunes a viernes en todas las delegaciones de la Provincia, inform\u00f3 la Jefatura de Gabinete bonaerense.<!--more--><\/p>\n<p>El subsecretario de Gabinete provincial, Juan Pablo Alvarez Echag\u00fce, inform\u00f3 que \u201ctodos los s\u00e1bados de 9 a 13 a trav\u00e9s del Registro provincial de las Personas, se realizar\u00e1n operativos especiales de documentaci\u00f3n priorizando la actualizaci\u00f3n de DNI de los ni\u00f1os entre 5 y 8 a\u00f1os y de los j\u00f3venes a partir de los 14 a\u00f1os en 23 delegaciones del Conurbano y del interior provincial\u201d.<\/p>\n<p>Las delegaciones que toman estos tr\u00e1mites los d\u00edas s\u00e1bados son: los Centros de Documentaci\u00f3n R\u00e1pida de La Plata, General San Mart\u00edn, San Justo, Laferrere, Almirante Brown, Lan\u00fas, Merlo, Jos\u00e9 C. Paz, Bah\u00eda Blanca y Mar del Plata y los Centros Integrales de Documentaci\u00f3n de Quilmes, San Nicol\u00e1s, Olivos y Lomas de Zamora.<\/p>\n<p>Tambi\u00e9n estar\u00e1n abiertas los s\u00e1bados las delegaciones de Avellaneda, Hurlingham, Tigre, General Rodr\u00edguez, Pergamino, Luj\u00e1n, Monte Grande, Ensenada e Ingeniero Maschwitz.<\/p>\n<p>Desde el Registro provincial de las Personas se inform\u00f3 que para asegurarse entrar en el Padr\u00f3n Electoral, los j\u00f3venes tendr\u00e1n tiempo para realizar el tr\u00e1mite de renovaci\u00f3n del DNI hasta el 30 de abril pr\u00f3ximo.<\/p>\n<p>Tambi\u00e9n se record\u00f3 que para realizar este tr\u00e1mite los chicos pueden ir solos, llevando el documento de identidad y una copia certificada de su acta de nacimiento.<\/p>\n","protected":false},"excerpt":{"rendered":"<p>Los diez Centros de Documentaci\u00f3n R\u00e1pida y los 13 Registros civiles del Conurbano bonaerense permanecer\u00e1n abiertos todos los s\u00e1bados s\u00f3lo para tramitar esas actualizaciones. Con esta medida, estos tr\u00e1mites pueden hacerse de lunes a s\u00e1bados en estas oficinas y de lunes a viernes en todas las delegaciones de la Provincia, inform\u00f3 la Jefatura de Gabinete bonaerense.<\/p>\n","protected":false},"author":11,"featured_media":0,"comment_status":"open","ping_status":"open","sticky":false,"template":"","format":"standard","meta":{"_jetpack_newsletter_access":"","_jetpack_dont_email_post_to_subs":false,"_jetpack_newsletter_tier_id":0,"_jetpack_memberships_contains_paywalled_content":false,"_jetpack_memberships_contains_paid_content":false,"footnotes":""},"categories":[1],"tags":[],"class_list":["post-17239","post","type-post","status-publish","format-standard","hentry","category-sociedad"],"jetpack_featured_media_url":"","jetpack_shortlink":"https:\/\/wp.me\/p2JWE0-4u3","jetpack-related-posts":[{"id":6883,"url":"https:\/\/www.24baires.com\/?p=6883","url_meta":{"origin":17239,"position":0},"title":"10 mil pibes ya renovaron su DNI de acuerdo a la \u00abLey del Voto Joven\u00bb en la Provincia","author":"Grupo Sierra","date":"26\/11\/2012","format":false,"excerpt":"M\u00e1s de 10.000 j\u00f3venes bonaerenses de 14 a\u00f1os actualizaron su documento nacional de identidad (DNI), seg\u00fan lo dispone la nueva ley nacional que permite el voto a los 16 a\u00f1os. \"La Provincia de Buenos Aires acompa\u00f1a la implementaci\u00f3n del voto a los 16 a\u00f1os, lo que constituye una ampliaci\u00f3n de\u2026","rel":"","context":"En \u00abSociedad\u00bb","block_context":{"text":"Sociedad","link":"https:\/\/www.24baires.com\/?cat=1"},"img":{"alt_text":"","src":"https:\/\/i0.wp.com\/www.24baires.com\/wp-content\/uploads\/2012\/11\/dni-jovenes-300x179.jpg?resize=350%2C200","width":350,"height":200},"classes":[]},{"id":9489,"url":"https:\/\/www.24baires.com\/?p=9489","url_meta":{"origin":17239,"position":1},"title":"Los j\u00f3venes pueden tramitar tambi\u00e9n los s\u00e1bados el nuevo DNI","author":"AF","date":"17\/12\/2012","format":false,"excerpt":"La Jefatura de Gabinete provincial, a cargo de Alberto P\u00e9rez, record\u00f3 que permanecen abiertos los d\u00edas s\u00e1bado los 10 centros de documentaci\u00f3n r\u00e1pida y 10 registros civiles del conurbano, para tramitar el nuevo DNI 14 a\u00f1os. Lo hizo en el marco de la aprobaci\u00f3n de la ley que habilita a\u2026","rel":"","context":"En \u00abSociedad\u00bb","block_context":{"text":"Sociedad","link":"https:\/\/www.24baires.com\/?cat=1"},"img":{"alt_text":"DNI 14","src":"https:\/\/i0.wp.com\/www.24baires.com\/wp-content\/uploads\/2012\/12\/DNI-14-300x199.jpg?resize=350%2C200","width":350,"height":200},"classes":[]},{"id":28610,"url":"https:\/\/www.24baires.com\/?p=28610","url_meta":{"origin":17239,"position":2},"title":"Los pr\u00f3ximos dos s\u00e1bados abrir\u00e1n los Registros para tramitar y retirar el DNI","author":"AF","date":"19\/07\/2013","format":false,"excerpt":"La Jefatura de Gabinete bonaerense inform\u00f3 que los s\u00e1bados 20 y 27 de julio, permanecer\u00e1n abiertas 29 delegaciones del Registro Provincial de las Personas para la realizaci\u00f3n de todo tipo de tr\u00e1mite de DNI y para la entrega de los DNI pendientes de entrega. Seg\u00fan se inform\u00f3 oficialmente, los s\u00e1bados\u2026","rel":"","context":"En \u00abSociedad\u00bb","block_context":{"text":"Sociedad","link":"https:\/\/www.24baires.com\/?cat=1"},"img":{"alt_text":"DNI tarjeta","src":"https:\/\/i0.wp.com\/www.24baires.com\/wp-content\/uploads\/2012\/11\/DNI-tarjeta-300x168.jpg?resize=350%2C200","width":350,"height":200},"classes":[]},{"id":55866,"url":"https:\/\/www.24baires.com\/?p=55866","url_meta":{"origin":17239,"position":3},"title":"M\u00e1s de 30 registros abren los s\u00e1bados para renovar DNI","author":"AF","date":"23\/10\/2014","format":false,"excerpt":"La Jefatura de Gabinete provincial, a cargo de Alberto P\u00e9rez, inform\u00f3 que desde este s\u00e1bado 8 nuevas delegaciones de Registro Civil se sumar\u00e1n a las 23 que ya estaban habilitadas desde el 20 de septiembre pasado para tomar los s\u00e1bados tr\u00e1mites de DNI a todos los ciudadanos que necesiten renovarlo.\u2026","rel":"","context":"En \u00abProvincia\u00bb","block_context":{"text":"Provincia","link":"https:\/\/www.24baires.com\/?cat=40"},"img":{"alt_text":"dni","src":"https:\/\/i0.wp.com\/www.24baires.com\/wp-content\/uploads\/2012\/11\/dni.jpg?resize=350%2C200","width":350,"height":200,"srcset":"https:\/\/i0.wp.com\/www.24baires.com\/wp-content\/uploads\/2012\/11\/dni.jpg?resize=350%2C200 1x, https:\/\/i0.wp.com\/www.24baires.com\/wp-content\/uploads\/2012\/11\/dni.jpg?resize=525%2C300 1.5x"},"classes":[]},{"id":69246,"url":"https:\/\/www.24baires.com\/?p=69246","url_meta":{"origin":17239,"position":4},"title":"Registros civiles bonaerenses entregar\u00e1n los DNI tambi\u00e9n los s\u00e1bados","author":"AF","date":"18\/07\/2015","format":false,"excerpt":"La Jefatura de Gabinete, a cargo de Alberto P\u00e9rez, informa que los s\u00e1bados 18 y 25 de julio y 1\u00b0 de agosto, las 47 delegaciones del Registro Provincial de las Personas permanecer\u00e1n abiertas de 9 a 13 horas, para el retiro de los DNI pendientes de entrega. Al respecto, el\u2026","rel":"","context":"En \u00abLocales\u00bb","block_context":{"text":"Locales","link":"https:\/\/www.24baires.com\/?cat=38"},"img":{"alt_text":"DNI tarjeta","src":"https:\/\/i0.wp.com\/www.24baires.com\/wp-content\/uploads\/2012\/11\/DNI-tarjeta.jpg?resize=350%2C200","width":350,"height":200,"srcset":"https:\/\/i0.wp.com\/www.24baires.com\/wp-content\/uploads\/2012\/11\/DNI-tarjeta.jpg?resize=350%2C200 1x, https:\/\/i0.wp.com\/www.24baires.com\/wp-content\/uploads\/2012\/11\/DNI-tarjeta.jpg?resize=525%2C300 1.5x"},"classes":[]},{"id":33915,"url":"https:\/\/www.24baires.com\/?p=33915","url_meta":{"origin":17239,"position":5},"title":"S\u00e1bado y domingo continuar\u00e1n con la entrega de DNI","author":"AF","date":"22\/10\/2013","format":false,"excerpt":"La Jefatura de Gabinete inform\u00f3 que el Registro Provincial de las Personas realizar\u00e1 un operativo especial este fin de semana, para entregar DNI con vistas a los comicios nacionales. Ser\u00e1 el s\u00e1bado 26 de de octubre de 9 a 13 horas y el d\u00eda del acto eleccionario de 8 a\u2026","rel":"","context":"En \u00abSociedad\u00bb","block_context":{"text":"Sociedad","link":"https:\/\/www.24baires.com\/?cat=1"},"img":{"alt_text":"","src":"","width":0,"height":0},"classes":[]}],"jetpack_sharing_enabled":true,"jetpack_likes_enabled":true,"_links":{"self":[{"href":"https:\/\/www.24baires.com\/index.php?rest_route=\/wp\/v2\/posts\/17239","targetHints":{"allow":["GET"]}}],"collection":[{"href":"https:\/\/www.24baires.com\/index.php?rest_route=\/wp\/v2\/posts"}],"about":[{"href":"https:\/\/www.24baires.com\/index.php?rest_route=\/wp\/v2\/types\/post"}],"author":[{"embeddable":true,"href":"https:\/\/www.24baires.com\/index.php?rest_route=\/wp\/v2\/users\/11"}],"replies":[{"embeddable":true,"href":"https:\/\/www.24baires.com\/index.php?rest_route=%2Fwp%2Fv2%2Fcomments&post=17239"}],"version-history":[{"count":3,"href":"https:\/\/www.24baires.com\/index.php?rest_route=\/wp\/v2\/posts\/17239\/revisions"}],"predecessor-version":[{"id":17243,"href":"https:\/\/www.24baires.com\/index.php?rest_route=\/wp\/v2\/posts\/17239\/revisions\/17243"}],"wp:attachment":[{"href":"https:\/\/www.24baires.com\/index.php?rest_route=%2Fwp%2Fv2%2Fmedia&parent=17239"}],"wp:term":[{"taxonomy":"category","embeddable":true,"href":"https:\/\/www.24baires.com\/index.php?rest_route=%2Fwp%2Fv2%2Fcategories&post=17239"},{"taxonomy":"post_tag","embeddable":true,"href":"https:\/\/www.24baires.com\/index.php?rest_route=%2Fwp%2Fv2%2Ftags&post=17239"}],"curies":[{"name":"wp","href":"https:\/\/api.w.org\/{rel}","templated":true}]}}