{"id":17233,"date":"2013-03-02T20:36:44","date_gmt":"2013-03-02T23:36:44","guid":{"rendered":"http:\/\/www.24baires.com\/?p=17233"},"modified":"2013-03-02T20:36:44","modified_gmt":"2013-03-02T23:36:44","slug":"la-defensoria-del-publico-hara-un-curso-de-capacitacion-en-c5n-ante-un-error-informativo","status":"publish","type":"post","link":"https:\/\/www.24baires.com\/?p=17233","title":{"rendered":"La Defensor\u00eda del P\u00fablico har\u00e1 un curso de capacitaci\u00f3n en C5N ante un error informativo"},"content":{"rendered":"<p>La Defensora del P\u00fablico de Servicios de Comunicaci\u00f3n Audiovisual, Licenciada Cynthia Ottaviano, estableci\u00f3 un espacio de trabajo conjunto con el canal de noticias C5N destinado a desarrollar actividades de capacitaci\u00f3n basadas en la <strong>Ley de Servicios de Comunicaci\u00f3n Audiovisual.<\/strong><!--more--><\/p>\n<p>La iniciativa form\u00f3 parte de un acuerdo alcanzado con el canal luego del reclamo presentado por un grupo de docentes ante la Defensor\u00eda, quienes denunciaron la utilizaci\u00f3n indebida de sus im\u00e1genes en una nota period\u00edstica sobre el jard\u00edn maternal Tribil\u00edn de San Isidro, cuando ellas ni los ni\u00f1os y ni\u00f1as que se ve\u00edan no ten\u00edan nada que ver con el caso. Por otra parte, C5N tambi\u00e9n hab\u00eda utilizado incorrectamente las im\u00e1genes de Noelia Gallardo, hom\u00f3nima de una de las maestras de Tribil\u00edn acusadas por violencia infantil, para ilustrar sus informes period\u00edsticos.<\/p>\n<p>La Defensor\u00eda del P\u00fablico escuch\u00f3 y dialog\u00f3 con las denunciantes y asumi\u00f3 su rol de mediaci\u00f3n entre ellas y el canal. Las docentes solicitaron que sus im\u00e1genes no fueran emitidas nuevamente, ni quisiera en el marco de una rectificaci\u00f3n, y participaron en la redacci\u00f3n de un mensaje elaborado a instancias de la Defensor\u00eda para ser emitido por C5N, como forma de reparaci\u00f3n del da\u00f1o causado.<\/p>\n<p>Se acord\u00f3 entonces la lectura completa del mensaje durante los d\u00edas s\u00e1bado 23 y domingo 24 de febrero, tantas veces como hab\u00eda sido emitido el informe que conten\u00eda las im\u00e1genes de las docentes y de sus alumnos.<\/p>\n<p>As\u00ed fue que en diferentes horarios, durante esos d\u00edas, los conductores de C5N leyeron el siguiente comunicado:<br \/>\n\u201cEl s\u00e1bado 16 y domingo 17 pasados informamos sobre novedades en la causa judicial por el caso Tribil\u00edn y para ilustrarlo usamos im\u00e1genes de maestras, ni\u00f1os y ni\u00f1as que nada ten\u00edan que ver con la informaci\u00f3n. Pedimos disculpas, porque reconocemos que las docentes Julieta Antonelli y Mar\u00eda Margarita Rodr\u00edguez y los alumnos de la Escuela Infantil n\u00b07, Distrito Escolar 5, de la Ciudad de Buenos Aires, nada tienen que ver con la violencia ejercida en el jard\u00edn Tribil\u00edn, de San Isidro. Tambi\u00e9n porque la utilizaci\u00f3n de estas secuencias en ese informe puede haber afectado la imagen de la educaci\u00f3n p\u00fablica\u201d.<\/p>\n<p>\u201cEn los d\u00edas previos este canal difundi\u00f3 adem\u00e1s la fotograf\u00eda de una maestra de la Escuela Infantil N\u00ba 3 del barrio de La Boca, Noelia Marisel Gallardo, y de su hermana menor de edad, involucr\u00e1ndola con los hechos. Noelia Marisel Gallardo es hom\u00f3nima, es decir que tiene el mismo nombre que una de las personas involucradas en el caso Tribil\u00edn, pero no tiene vinculaci\u00f3n con esos hechos ni trabaj\u00f3 nunca en dicha instituci\u00f3n\u201d.<\/p>\n<p>\u201cA instancias de la Defensor\u00eda del P\u00fablico, donde las maestras denunciaron lo ocurrido, reflexionamos sobre el da\u00f1o causado y los derechos humanos vulnerados con la emisi\u00f3n de las im\u00e1genes, por eso nos comprometemos a realizar todo a nuestro alcance para evitar que se repitan situaciones como la ocurrida\u201d.<\/p>\n<p>Ahora, la Defensor\u00eda realizar\u00e1 en el canal un curso de capacitaci\u00f3n sobre la Ley de Servicios de Comunicaci\u00f3n Audiovisual y los derechos de ni\u00f1os, ni\u00f1as y adolescentes.<\/p>\n","protected":false},"excerpt":{"rendered":"<p>La Defensora del P\u00fablico de Servicios de Comunicaci\u00f3n Audiovisual, Licenciada Cynthia Ottaviano, estableci\u00f3 un espacio de trabajo conjunto con el canal de noticias C5N destinado a desarrollar actividades de capacitaci\u00f3n basadas en la Ley de Servicios de Comunicaci\u00f3n Audiovisual.<\/p>\n","protected":false},"author":11,"featured_media":0,"comment_status":"open","ping_status":"open","sticky":false,"template":"","format":"standard","meta":{"_jetpack_newsletter_access":"","_jetpack_dont_email_post_to_subs":false,"_jetpack_newsletter_tier_id":0,"_jetpack_memberships_contains_paywalled_content":false,"_jetpack_memberships_contains_paid_content":false,"footnotes":""},"categories":[54],"tags":[],"class_list":["post-17233","post","type-post","status-publish","format-standard","hentry","category-medios"],"jetpack_featured_media_url":"","jetpack_shortlink":"https:\/\/wp.me\/p2JWE0-4tX","jetpack-related-posts":[{"id":72278,"url":"https:\/\/www.24baires.com\/?p=72278","url_meta":{"origin":17233,"position":0},"title":"Burdo ataque a la libertad de expresi\u00f3n de Macri: Clausur\u00f3 un galp\u00f3n del canal C5N","author":"Grupo Sierra","date":"17\/09\/2015","format":false,"excerpt":"El gobierno de la ciudad de Buenos Aires clausur\u00f3 hoy el galp\u00f3n de m\u00f3viles del canal luego de la investigaci\u00f3n e informes period\u00edsticos en los que qued\u00f3 al descubierto el entramado de corrupci\u00f3n que involucra al gobierno porte\u00f1o y Fernando Niembro. Se trata de un artero ataque a libertad de\u2026","rel":"","context":"En \u00abMedios\u00bb","block_context":{"text":"Medios","link":"https:\/\/www.24baires.com\/?cat=54"},"img":{"alt_text":"c5n","src":"https:\/\/i0.wp.com\/www.24baires.com\/wp-content\/uploads\/2015\/09\/c5n.jpg?resize=350%2C200","width":350,"height":200,"srcset":"https:\/\/i0.wp.com\/www.24baires.com\/wp-content\/uploads\/2015\/09\/c5n.jpg?resize=350%2C200 1x, https:\/\/i0.wp.com\/www.24baires.com\/wp-content\/uploads\/2015\/09\/c5n.jpg?resize=525%2C300 1.5x"},"classes":[]},{"id":29902,"url":"https:\/\/www.24baires.com\/?p=29902","url_meta":{"origin":17233,"position":1},"title":"Se firm\u00f3 un acuerdo de cooperaci\u00f3n entre ARBIA y la Defensor\u00eda del P\u00fablico","author":"GB","date":"10\/08\/2013","format":false,"excerpt":"La Defensora del P\u00fablico de Servicios de Comunicaci\u00f3n Audiovisual, Lic. Cynthia Ottaviano y el Presidente de ARBIA, Osvaldo Franc\u00e9s, suscribieron la semana pasada, en la sede de la defensor\u00eda en la Capital Federal, un Convenio de Cooperaci\u00f3n Institucional, por el cual se oficializa el trabajo que desde el mismo momento\u2026","rel":"","context":"En \u00abMedios\u00bb","block_context":{"text":"Medios","link":"https:\/\/www.24baires.com\/?cat=54"},"img":{"alt_text":"ARBIA","src":"https:\/\/i0.wp.com\/www.24baires.com\/wp-content\/uploads\/2013\/08\/ARBIA-300x274.jpg?resize=350%2C200","width":350,"height":200},"classes":[]},{"id":41739,"url":"https:\/\/www.24baires.com\/?p=41739","url_meta":{"origin":17233,"position":2},"title":"Buscan eliminar la violencia medi\u00e1tica hacia las mujeres","author":"Grupo Sierra","date":"08\/03\/2014","format":false,"excerpt":"La Defensor\u00eda del P\u00fablico, la Autoridad Federal de Servicios de Comunicaci\u00f3n Audiovisual (AFSCA); el Instituto Nacional contra la Discriminaci\u00f3n, la Xenofobia y el Racismo (INADI); y el Consejo Nacional de las Mujeres (CNM) suscribieron un convenio de cooperaci\u00f3n, para trabajar conjuntamente contra la violencia medi\u00e1tica, en el marco de la\u2026","rel":"","context":"En \u00abSociedad\u00bb","block_context":{"text":"Sociedad","link":"https:\/\/www.24baires.com\/?cat=1"},"img":{"alt_text":"violencia","src":"https:\/\/i0.wp.com\/www.24baires.com\/wp-content\/uploads\/2014\/03\/violencia.jpg?resize=350%2C200","width":350,"height":200},"classes":[]},{"id":39480,"url":"https:\/\/www.24baires.com\/?p=39480","url_meta":{"origin":17233,"position":3},"title":"Afsca reiter\u00f3 los criterios de la adecuaci\u00f3n de las grillas de televisi\u00f3n","author":"GB","date":"29\/01\/2014","format":false,"excerpt":"La Autoridad Federal de Servicios de Comunicaci\u00f3n Audiovisual reiter\u00f3 que todos los operadores de televisi\u00f3n por cable de Argentina deben realizar la totalidad de los cambios necesarios para adecuar sus grillas de canales. En consecuencia, las operadoras deben incluir de forma obligatoria en sus programaciones -tanto en el sistema anal\u00f3gico\u2026","rel":"","context":"En \u00abMedios\u00bb","block_context":{"text":"Medios","link":"https:\/\/www.24baires.com\/?cat=54"},"img":{"alt_text":"","src":"","width":0,"height":0},"classes":[]},{"id":10694,"url":"https:\/\/www.24baires.com\/?p=10694","url_meta":{"origin":17233,"position":4},"title":"Cynthia Ottaviano tuvo que salir a desmentir como es habitual una columna de La Naci\u00f3n","author":"Grupo Sierra","date":"28\/12\/2012","format":false,"excerpt":"Ante inexactitudes publicadas por el diario La Naci\u00f3n, la Defensor\u00eda del P\u00fablico establecida por la Ley de Servicios de Comunicaci\u00f3n Audiovisual, cuya titular es\u00a0Cynthia Ottaviano,\u00a0debi\u00f3 salir a aclarar a trav\u00e9s de un comunicado - una vez m\u00e1s- que lo publicado por ese medio como es habitual no es verdadero. El\u2026","rel":"","context":"En \u00abMedios\u00bb","block_context":{"text":"Medios","link":"https:\/\/www.24baires.com\/?cat=54"},"img":{"alt_text":"Ottaviano Cynthia","src":"https:\/\/i0.wp.com\/www.24baires.com\/wp-content\/uploads\/2012\/12\/Ottaviano-Cynthia.jpg?resize=350%2C200","width":350,"height":200,"srcset":"https:\/\/i0.wp.com\/www.24baires.com\/wp-content\/uploads\/2012\/12\/Ottaviano-Cynthia.jpg?resize=350%2C200 1x, https:\/\/i0.wp.com\/www.24baires.com\/wp-content\/uploads\/2012\/12\/Ottaviano-Cynthia.jpg?resize=525%2C300 1.5x"},"classes":[]},{"id":118220,"url":"https:\/\/www.24baires.com\/?p=118220","url_meta":{"origin":17233,"position":5},"title":"Masivo repudio a la agresi\u00f3n de Macri en Dolores","author":"AF","date":"03\/11\/2021","format":false,"excerpt":"Diputados del Frente de Todos y trabajadores del canal de noticias C5N repudiaron el gesto agresivo que tuvo el expresidente cuando ingresaba a la sede de la Municipalidad de Dolores al quitarle el micr\u00f3fono al periodista de esa se\u00f1al que se encontraba en el lugar. Diputados del Frente de Todos\u2026","rel":"","context":"En \u00abPol\u00edtica\u00bb","block_context":{"text":"Pol\u00edtica","link":"https:\/\/www.24baires.com\/?cat=51"},"img":{"alt_text":"","src":"https:\/\/i0.wp.com\/www.24baires.com\/wp-content\/uploads\/2021\/11\/macri-ataca-c5n-2jpg.jpg?resize=350%2C200","width":350,"height":200,"srcset":"https:\/\/i0.wp.com\/www.24baires.com\/wp-content\/uploads\/2021\/11\/macri-ataca-c5n-2jpg.jpg?resize=350%2C200 1x, https:\/\/i0.wp.com\/www.24baires.com\/wp-content\/uploads\/2021\/11\/macri-ataca-c5n-2jpg.jpg?resize=525%2C300 1.5x"},"classes":[]}],"jetpack_sharing_enabled":true,"jetpack_likes_enabled":true,"_links":{"self":[{"href":"https:\/\/www.24baires.com\/index.php?rest_route=\/wp\/v2\/posts\/17233","targetHints":{"allow":["GET"]}}],"collection":[{"href":"https:\/\/www.24baires.com\/index.php?rest_route=\/wp\/v2\/posts"}],"about":[{"href":"https:\/\/www.24baires.com\/index.php?rest_route=\/wp\/v2\/types\/post"}],"author":[{"embeddable":true,"href":"https:\/\/www.24baires.com\/index.php?rest_route=\/wp\/v2\/users\/11"}],"replies":[{"embeddable":true,"href":"https:\/\/www.24baires.com\/index.php?rest_route=%2Fwp%2Fv2%2Fcomments&post=17233"}],"version-history":[{"count":3,"href":"https:\/\/www.24baires.com\/index.php?rest_route=\/wp\/v2\/posts\/17233\/revisions"}],"predecessor-version":[{"id":17237,"href":"https:\/\/www.24baires.com\/index.php?rest_route=\/wp\/v2\/posts\/17233\/revisions\/17237"}],"wp:attachment":[{"href":"https:\/\/www.24baires.com\/index.php?rest_route=%2Fwp%2Fv2%2Fmedia&parent=17233"}],"wp:term":[{"taxonomy":"category","embeddable":true,"href":"https:\/\/www.24baires.com\/index.php?rest_route=%2Fwp%2Fv2%2Fcategories&post=17233"},{"taxonomy":"post_tag","embeddable":true,"href":"https:\/\/www.24baires.com\/index.php?rest_route=%2Fwp%2Fv2%2Ftags&post=17233"}],"curies":[{"name":"wp","href":"https:\/\/api.w.org\/{rel}","templated":true}]}}